{"id":982,"date":"2017-07-28T08:56:21","date_gmt":"2017-07-28T08:56:21","guid":{"rendered":"http:\/\/www.klimatyczestochowy.pl\/?p=982"},"modified":"2017-07-28T08:56:21","modified_gmt":"2017-07-28T08:56:21","slug":"startuje-12-edycja-klimatow-czestochowy","status":"publish","type":"post","link":"http:\/\/www.klimatyczestochowy.pl\/?p=982","title":{"rendered":"STARTUJE 12. EDYCJA KLIMAT\u00d3W CZ\u0118STOCHOWY"},"content":{"rendered":"<p>Og\u0142aszamy start 12. edycji &#8222;Klimat\u00f3w Cz\u0119stochowy&#8221;. \u0141\u0105czna pula nagr\u00f3d w tym roku to 11 000 z\u0142. Zapraszamy do udzia\u0142u w konkursie.<\/p>\n","protected":false},"excerpt":{"rendered":"<p>Og\u0142aszamy start 12. edycji &#8222;Klimat\u00f3w Cz\u0119stochowy&#8221;. \u0141\u0105czna pula nagr\u00f3d w tym roku to 11 000 z\u0142. Zapraszamy do udzia\u0142u w konkursie.<\/p>\n","protected":false},"author":2,"featured_media":984,"comment_status":"open","ping_status":"open","sticky":false,"template":"","format":"standard","meta":{"footnotes":""},"categories":[3],"tags":[],"class_list":["post-982","post","type-post","status-publish","format-standard","has-post-thumbnail","hentry","category-foto-1"],"_links":{"self":[{"href":"http:\/\/www.klimatyczestochowy.pl\/index.php?rest_route=\/wp\/v2\/posts\/982","targetHints":{"allow":["GET"]}}],"collection":[{"href":"http:\/\/www.klimatyczestochowy.pl\/index.php?rest_route=\/wp\/v2\/posts"}],"about":[{"href":"http:\/\/www.klimatyczestochowy.pl\/index.php?rest_route=\/wp\/v2\/types\/post"}],"author":[{"embeddable":true,"href":"http:\/\/www.klimatyczestochowy.pl\/index.php?rest_route=\/wp\/v2\/users\/2"}],"replies":[{"embeddable":true,"href":"http:\/\/www.klimatyczestochowy.pl\/index.php?rest_route=%2Fwp%2Fv2%2Fcomments&post=982"}],"version-history":[{"count":1,"href":"http:\/\/www.klimatyczestochowy.pl\/index.php?rest_route=\/wp\/v2\/posts\/982\/revisions"}],"predecessor-version":[{"id":985,"href":"http:\/\/www.klimatyczestochowy.pl\/index.php?rest_route=\/wp\/v2\/posts\/982\/revisions\/985"}],"wp:featuredmedia":[{"embeddable":true,"href":"http:\/\/www.klimatyczestochowy.pl\/index.php?rest_route=\/wp\/v2\/media\/984"}],"wp:attachment":[{"href":"http:\/\/www.klimatyczestochowy.pl\/index.php?rest_route=%2Fwp%2Fv2%2Fmedia&parent=982"}],"wp:term":[{"taxonomy":"category","embeddable":true,"href":"http:\/\/www.klimatyczestochowy.pl\/index.php?rest_route=%2Fwp%2Fv2%2Fcategories&post=982"},{"taxonomy":"post_tag","embeddable":true,"href":"http:\/\/www.klimatyczestochowy.pl\/index.php?rest_route=%2Fwp%2Fv2%2Ftags&post=982"}],"curies":[{"name":"wp","href":"https:\/\/api.w.org\/{rel}","templated":true}]}}