{"id":97,"date":"2014-07-16T11:01:40","date_gmt":"2014-07-16T11:01:40","guid":{"rendered":"http:\/\/czestochowianie.home.pl\/klimaty\/?p=97"},"modified":"2014-12-08T07:07:28","modified_gmt":"2014-12-08T07:07:28","slug":"jury-tegorocznego-konkursu","status":"publish","type":"post","link":"http:\/\/www.klimatyczestochowy.pl\/?p=97","title":{"rendered":"Jury tegorocznego konkursu"},"content":{"rendered":"<p>Oto cz\u0142onkowie Jury 9. edycji konkursu fotograficznego &#8222;Klimaty Cz\u0119stochowy&#8221;.<!--more--><\/p>\n<p><strong>Renata D\u0105browska<\/strong> \u2013 absolwentka Pa\u0144stwowej Wy\u017cszej Szko\u0142y Filmowej, Telewizyjnej i Teatralnej w \u0141odzi. Wielokrotna laureatka polskich konkurs\u00f3w fotografii prasowej:<em> Grand Press Photo, BZ WBK Press Foto<\/em> oraz <em>Gda\u0144sk Press Photo<\/em>. Od 2005 roku wsp\u00f3\u0142pracuj\u0105ca z tr\u00f3jmiejskim oddzia\u0142em <em>\u201cGazety Wyborczej\u201d<\/em>. Inne publikacje:<em> \u201eDu\u017cy Format\u201d, \u201eWysokie Obcasy\u201d, \u201eNewsweek Polska\u201d, \u201ePolityka\u201d, \u201eWprost\u201d, \u201eTygodnik Powszechny\u201d, \u201eGazeta Polska\u201d, \u201ePress\u201d<\/em>. Na swoim koncie ma te\u017c wiele wystaw fotograficznych, indywidualnych i zbiorowych. W 2012 wyda\u0142a album z fotografiami pt. <em>\u201eJa, Renata D\u0105browska \u2013 100 Portret\u00f3w\u201d.<\/em> <a href=\"http:\/\/www.dziewczynkazaparatami.blogspot.com\" target=\"_blank\">www.dziewczynkazaparatami.blogspot.com<\/a><br \/>\n<strong>Radek Wojnar<\/strong> \u2013 fotograf mieszkaj\u0105cy w Warszawie. Absolwent Pa\u0144stwowej Szko\u0142y Filmowej, Telewizyjnej i Teatralnej w \u0141odzi. Zawodowo zajmuje si\u0119 g\u0142\u00f3wnie fotografi\u0105 wn\u0119trz i produktu. Fotografuje dla wielu agencji artystycznych i pracowni architektonicznych. Wsp\u00f3\u0142pracuje z czasopismami: <em>\u201eDobre Wn\u0119trze\u201d, \u201eWeranda\u201d, \u201eVilla\u201d, \u201eElle Decoration\u201d, \u201eDom &amp; Wn\u0119trze\u201d<\/em>. Publikuje w magazynach: <em>\u201eArchitektura\u201d, \u201eZwierciad\u0142o\u201d, \u201eOgrody\u201d, \u201eCosmopolitan\u201d, \u201eNational Geographic Traveller\u201d, \u201ePolityka\u201d, \u201eWysokie Obcasy\u201d, Tw\u00f3j Styl\u201d, \u201eAd Italy\u201d<\/em>. <a href=\"http:\/\/www.radekwojnar.pl\" target=\"_blank\">www.radekwojnar.pl<\/a><br \/>\n<strong>Jacek \u0141yd\u017cba<\/strong> \u2013 artysta dzia\u0142aj\u0105cy g\u0142\u00f3wnie na polu malarstwa. W latach 1985 \u2013 1989 studiowa\u0142 wychowanie plastyczne w Wy\u017cszej Szkole Pedagogicznej w Cz\u0119stochowie. Od 1989 do 1994 roku studiowa\u0142 w Akademii Sztuk Pi\u0119knych w Warszawie. Dyplom z wyr\u00f3\u017cnieniem otrzyma\u0142 na Wydziale Grafiki w pracowni plakatu profesora Maciej Urba\u0144ca. Od 1995 roku by\u0142 asystentem w Wy\u017cszej Szkole Pedagogicznej w Cz\u0119stochowie. W 1999 roku zosta\u0142 nominowany do<em> \u201ePaszportu Polityki\u201d<\/em>. W 2002 roku uzyska\u0142 tytu\u0142 doktora i zosta\u0142 zatrudniony na stanowisku adiunkta w Wy\u017cszej Szkole Pedagogicznej. Wyk\u0142ada w pracowni projektowania graficznego. W 2004 roku wybrany zast\u0119pc\u0105 dyrektora Instytutu Plastyki Akademii im. Jana D\u0142ugosza w Cz\u0119stochowie (by\u0142ej WSP). Jest laureatem Nagrody Prezydenta Miasta Cz\u0119stochowy 2006. Prezes Regionalnego Towarzystwa Zach\u0119ty Sztuk Pi\u0119knych w Cz\u0119stochowie. <a href=\"http:\/\/www.lydzba.art.pl\" target=\"_blank\">www.lydzba.art.pl<\/a><br \/>\n<strong>Jakub Szymczuk<\/strong> \u2013 laureat Grand Prix konkursu fotografii prasowej <em>Grand Press Photo 2014<\/em>. Fotoreporter zwi\u0105zany z<em> \u201eGo\u015bciem Niedzielnym\u201d<\/em>, zdobywca wielu nagr\u00f3d i wyr\u00f3\u017cnie\u0144 w konkursach fotograficznych. <a href=\"http:\/\/www.silaobrazu.pl\" target=\"_blank\">www.silaobrazu.pl<\/a><br \/>\n<strong>Adam Florczyk<\/strong> \u2013 pracownik Centrum Promocji M\u0142odych Muzeum Cz\u0119stochowskiego. Wsp\u00f3\u0142organizator i czynny odbiorca wielu wydarze\u0144 kulturalnych w mie\u015bcie. Autor bloga: <a href=\"http:\/\/www.czestolovechowa.blox.pl\" target=\"_blank\">www.czestolovechowa.blox.pl<\/a><\/p>\n","protected":false},"excerpt":{"rendered":"<p>Oto cz\u0142onkowie Jury 9. edycji konkursu fotograficznego &#8222;Klimaty Cz\u0119stochowy&#8221;.<\/p>\n","protected":false},"author":2,"featured_media":134,"comment_status":"open","ping_status":"open","sticky":false,"template":"","format":"standard","meta":{"footnotes":""},"categories":[1],"tags":[],"class_list":["post-97","post","type-post","status-publish","format-standard","has-post-thumbnail","hentry","category-bez-kategorii"],"_links":{"self":[{"href":"http:\/\/www.klimatyczestochowy.pl\/index.php?rest_route=\/wp\/v2\/posts\/97","targetHints":{"allow":["GET"]}}],"collection":[{"href":"http:\/\/www.klimatyczestochowy.pl\/index.php?rest_route=\/wp\/v2\/posts"}],"about":[{"href":"http:\/\/www.klimatyczestochowy.pl\/index.php?rest_route=\/wp\/v2\/types\/post"}],"author":[{"embeddable":true,"href":"http:\/\/www.klimatyczestochowy.pl\/index.php?rest_route=\/wp\/v2\/users\/2"}],"replies":[{"embeddable":true,"href":"http:\/\/www.klimatyczestochowy.pl\/index.php?rest_route=%2Fwp%2Fv2%2Fcomments&post=97"}],"version-history":[{"count":3,"href":"http:\/\/www.klimatyczestochowy.pl\/index.php?rest_route=\/wp\/v2\/posts\/97\/revisions"}],"predecessor-version":[{"id":100,"href":"http:\/\/www.klimatyczestochowy.pl\/index.php?rest_route=\/wp\/v2\/posts\/97\/revisions\/100"}],"wp:featuredmedia":[{"embeddable":true,"href":"http:\/\/www.klimatyczestochowy.pl\/index.php?rest_route=\/wp\/v2\/media\/134"}],"wp:attachment":[{"href":"http:\/\/www.klimatyczestochowy.pl\/index.php?rest_route=%2Fwp%2Fv2%2Fmedia&parent=97"}],"wp:term":[{"taxonomy":"category","embeddable":true,"href":"http:\/\/www.klimatyczestochowy.pl\/index.php?rest_route=%2Fwp%2Fv2%2Fcategories&post=97"},{"taxonomy":"post_tag","embeddable":true,"href":"http:\/\/www.klimatyczestochowy.pl\/index.php?rest_route=%2Fwp%2Fv2%2Ftags&post=97"}],"curies":[{"name":"wp","href":"https:\/\/api.w.org\/{rel}","templated":true}]}}