{"id":907,"date":"2016-11-21T07:18:17","date_gmt":"2016-11-21T07:18:17","guid":{"rendered":"http:\/\/www.klimatyczestochowy.pl\/?p=907"},"modified":"2017-10-19T06:00:55","modified_gmt":"2017-10-19T06:00:55","slug":"11-klimaty-rozstrzygniete","status":"publish","type":"post","link":"http:\/\/www.klimatyczestochowy.pl\/?p=907","title":{"rendered":"11. KLIMATY ROZSTRZYGNI\u0118TE"},"content":{"rendered":"<p>W pi\u0105tek, 18 listopada w Ratuszu Miejskim odby\u0142o si\u0119 otwarcie wystawy i wr\u0119czenie nagr\u00f3d w 11. edycji konkursu fotograficznego &#8222;Klimaty Cz\u0119stochowy&#8221;.<!--more--><\/p>\n<p>Zwyci\u0119zcom gratulujemy i zapraszamy do Ratusza, by zobaczy\u0107 wszystkie prace zakwalifikowane do wystawy.<\/p>\n<p>Jury w sk\u0142adzie Piotr Furtak, Arkadiusz Gola, Joanna Kinowska, Agnieszka P\u00f3\u0142rola, Tomasz Sikora po zapoznaniu si\u0119 z 611 pracami (1112 zdj\u0119\u0107) 153 autor\u00f3w, do wystawy pokonkursowej zakwalifikowa\u0142o 41 prac 25 autor\u00f3w: Dariusz Baranowski (Cz\u0119stochowa), Wojciech Barczy\u0144ski (Cz\u0119stochowa), Agnieszka Bugara (Cz\u0119stochowa), Adrian Ci\u0119\u017cki (D\u0105browa Zielona), Waldemar Deska (Cz\u0119stochowa), Alicja Desperak (K\u0142obuck), Daniel Dmitriew (Lubliniec), Wojciech Domaga\u0142a (Kielce), Anna Jakubowska (Gda\u0144sk), Marcin J\u0119dryka (Cz\u0119stochowa), Damian Jo\u0144czyk (Konopiska), \u0141ukasz Kolewi\u0144ski (Cz\u0119stochowa), Dariusz Kostecki (D\u0105browa G\u00f3rnicza), Piotr Kras (Cz\u0119stochowa), Piotr Lisowski (Radymno), Grzegorz Misiak (Cz\u0119stochowa), Marcin Opa\u0142czy\u0144ski (Cz\u0119stochowa), Kamil Pawlik (Cz\u0119stochowa), Jaros\u0142aw Respondek (Cz\u0119stochowa), Przemys\u0142aw Skoczylas (Cz\u0119stochowa), Grzegorz Skowronek (Cz\u0119stochowa), Marcin Szczygie\u0142 (Cz\u0119stochowa), Rados\u0142aw Szyi\u0144ski (Libidza), Inka Wiecze\u0144ska (Ustrzyki Dolne), Dominik Zarzycki (Pozna\u0144, Cz\u0119stochowa).<\/p>\n<p>Protok\u00f3\u0142 z obrad Jury:<br \/>\n<a href=\"http:\/\/www.klimatyczestochowy.pl\/wp-content\/uploads\/2017\/10\/klimatyczestochowy2016_protokol_str01.tif\">strona 1<\/a><br \/>\n<a href=\"http:\/\/www.klimatyczestochowy.pl\/wp-content\/uploads\/2017\/10\/klimatyczestochowy2016_protokol_str02.tif\">strona 2<\/a><\/p>\n<p style=\"text-align: center;\"><span style=\"text-decoration: underline;\"><strong>PONI\u017bEJ PRZEDSTAWIAMY NAGRODZONE PRACE:<\/strong><\/span><\/p>\n<p style=\"text-align: center;\"><a href=\"http:\/\/www.klimatyczestochowy.pl\/wp-content\/uploads\/2016\/11\/GRANDPRIVJEDRYKA.jpg\"><img loading=\"lazy\" decoding=\"async\" class=\"aligncenter wp-image-909 size-medium\" src=\"http:\/\/www.klimatyczestochowy.pl\/wp-content\/uploads\/2016\/11\/GRANDPRIVJEDRYKA-300x202.jpg\" alt=\"\" width=\"300\" height=\"202\" srcset=\"http:\/\/www.klimatyczestochowy.pl\/wp-content\/uploads\/2016\/11\/GRANDPRIVJEDRYKA-300x202.jpg 300w, http:\/\/www.klimatyczestochowy.pl\/wp-content\/uploads\/2016\/11\/GRANDPRIVJEDRYKA-1024x690.jpg 1024w, http:\/\/www.klimatyczestochowy.pl\/wp-content\/uploads\/2016\/11\/GRANDPRIVJEDRYKA.jpg 1169w\" sizes=\"auto, (max-width: 300px) 100vw, 300px\" \/><\/a>Grand Prix Klimat\u00f3w Cz\u0119stochowy 2016 oraz czek o warto\u015bci 3000 z\u0142<br \/>\nJury postanowi\u0142o przyzna\u0107 Marcinowi J\u0119dryce za fotoreporta\u017c &#8222;Streetworking&#8221;<\/p>\n<p style=\"text-align: center;\"><a href=\"http:\/\/www.klimatyczestochowy.pl\/wp-content\/uploads\/2016\/11\/MULTIMEDIAJEDRYKA.jpg\"><img loading=\"lazy\" decoding=\"async\" class=\"aligncenter wp-image-910 size-medium\" src=\"http:\/\/www.klimatyczestochowy.pl\/wp-content\/uploads\/2016\/11\/MULTIMEDIAJEDRYKA-300x205.jpg\" alt=\"\" width=\"300\" height=\"205\" srcset=\"http:\/\/www.klimatyczestochowy.pl\/wp-content\/uploads\/2016\/11\/MULTIMEDIAJEDRYKA-300x205.jpg 300w, http:\/\/www.klimatyczestochowy.pl\/wp-content\/uploads\/2016\/11\/MULTIMEDIAJEDRYKA-1024x700.jpg 1024w, http:\/\/www.klimatyczestochowy.pl\/wp-content\/uploads\/2016\/11\/MULTIMEDIAJEDRYKA.jpg 1200w\" sizes=\"auto, (max-width: 300px) 100vw, 300px\" \/><\/a>Nagroda Multimedia Polska S.A. oraz czek o warto\u015bci 3000 z\u0142<br \/>\nJury postanowi\u0142o przyzna\u0107 Marcinowi J\u0119dryce za \u201eOd pocz\u0105tku\u201d (kategoria reporterska)<\/p>\n<p style=\"text-align: center;\"><a href=\"http:\/\/www.klimatyczestochowy.pl\/wp-content\/uploads\/2016\/11\/OCZEKIWANIE.jpg\"><img loading=\"lazy\" decoding=\"async\" class=\"aligncenter wp-image-911 size-medium\" src=\"http:\/\/www.klimatyczestochowy.pl\/wp-content\/uploads\/2016\/11\/OCZEKIWANIE-300x105.jpg\" alt=\"\" width=\"300\" height=\"105\" srcset=\"http:\/\/www.klimatyczestochowy.pl\/wp-content\/uploads\/2016\/11\/OCZEKIWANIE-300x105.jpg 300w, http:\/\/www.klimatyczestochowy.pl\/wp-content\/uploads\/2016\/11\/OCZEKIWANIE-1024x359.jpg 1024w, http:\/\/www.klimatyczestochowy.pl\/wp-content\/uploads\/2016\/11\/OCZEKIWANIE.jpg 1200w\" sizes=\"auto, (max-width: 300px) 100vw, 300px\" \/><\/a>I nagrod\u0119 w kategorii \u201eFotoreporta\u017c \/ Zestaw zdj\u0119\u0107\u201d oraz czek o warto\u015bci 1200 z\u0142 otrzyma\u0142<br \/>\nDamian Jo\u0144czyk za fotoreporta\u017c \u201eOczekiwanie\u201d<\/p>\n<p style=\"text-align: center;\"><a href=\"http:\/\/www.klimatyczestochowy.pl\/wp-content\/uploads\/2016\/11\/140x56CM_OPALCZYNSKI.jpg\"><img loading=\"lazy\" decoding=\"async\" class=\"aligncenter wp-image-912 size-medium\" src=\"http:\/\/www.klimatyczestochowy.pl\/wp-content\/uploads\/2016\/11\/140x56CM_OPALCZYNSKI-300x103.jpg\" alt=\"\" width=\"300\" height=\"103\" srcset=\"http:\/\/www.klimatyczestochowy.pl\/wp-content\/uploads\/2016\/11\/140x56CM_OPALCZYNSKI-300x103.jpg 300w, http:\/\/www.klimatyczestochowy.pl\/wp-content\/uploads\/2016\/11\/140x56CM_OPALCZYNSKI-1024x352.jpg 1024w, http:\/\/www.klimatyczestochowy.pl\/wp-content\/uploads\/2016\/11\/140x56CM_OPALCZYNSKI.jpg 1200w\" sizes=\"auto, (max-width: 300px) 100vw, 300px\" \/><\/a>II nagrod\u0119\u00a0 w kategorii \u201eFotoreporta\u017c \/ Zestaw zdj\u0119\u0107\u201d oraz czek o warto\u015bci 850 z\u0142 otrzyma\u0142<br \/>\nMarcin Opa\u0142czy\u0144ski za zestaw zdj\u0119\u0107 solarigraficznych<\/p>\n<p style=\"text-align: center;\"><a href=\"http:\/\/www.klimatyczestochowy.pl\/wp-content\/uploads\/2016\/11\/170X90CM_PROTEST.jpg\"><img loading=\"lazy\" decoding=\"async\" class=\"aligncenter wp-image-913 size-medium\" src=\"http:\/\/www.klimatyczestochowy.pl\/wp-content\/uploads\/2016\/11\/170X90CM_PROTEST-300x146.jpg\" alt=\"\" width=\"300\" height=\"146\" srcset=\"http:\/\/www.klimatyczestochowy.pl\/wp-content\/uploads\/2016\/11\/170X90CM_PROTEST-300x146.jpg 300w, http:\/\/www.klimatyczestochowy.pl\/wp-content\/uploads\/2016\/11\/170X90CM_PROTEST-1024x497.jpg 1024w, http:\/\/www.klimatyczestochowy.pl\/wp-content\/uploads\/2016\/11\/170X90CM_PROTEST.jpg 1200w\" sizes=\"auto, (max-width: 300px) 100vw, 300px\" \/><\/a>III nagrod\u0119\u00a0 w kategorii \u201eFotoreporta\u017c \/ Zestaw zdj\u0119\u0107\u201d oraz czek o warto\u015bci 600 z\u0142 otrzyma\u0142<br \/>\nGrzegorz Skowronek za fotoreporta\u017c \u201eMie\u0107 wyb\u00f3r\u201d<\/p>\n<p style=\"text-align: center;\"><a href=\"http:\/\/www.klimatyczestochowy.pl\/wp-content\/uploads\/2016\/11\/170X57CM_BRAMY.jpg\"><img loading=\"lazy\" decoding=\"async\" class=\"aligncenter wp-image-914 size-medium\" src=\"http:\/\/www.klimatyczestochowy.pl\/wp-content\/uploads\/2016\/11\/170X57CM_BRAMY-300x86.jpg\" alt=\"\" width=\"300\" height=\"86\" srcset=\"http:\/\/www.klimatyczestochowy.pl\/wp-content\/uploads\/2016\/11\/170X57CM_BRAMY-300x86.jpg 300w, http:\/\/www.klimatyczestochowy.pl\/wp-content\/uploads\/2016\/11\/170X57CM_BRAMY-1024x292.jpg 1024w, http:\/\/www.klimatyczestochowy.pl\/wp-content\/uploads\/2016\/11\/170X57CM_BRAMY.jpg 1200w\" sizes=\"auto, (max-width: 300px) 100vw, 300px\" \/><\/a>Wyr\u00f3\u017cnienie\u00a0 w kategorii \u201eFotoreporta\u017c \/ Zestaw zdj\u0119\u0107\u201d otrzyma\u0142 Rados\u0142aw Szyi\u0144ski<br \/>\nza zestaw zdj\u0119\u0107 \u201eBramy do miasta\u201d<\/p>\n<p style=\"text-align: center;\"><a href=\"http:\/\/www.klimatyczestochowy.pl\/wp-content\/uploads\/2016\/11\/1-NAGRODA-KAT-KLIMATYCZNA-Kamil-Pawlik-\u015anie\u017cka.jpg\"><img loading=\"lazy\" decoding=\"async\" class=\"aligncenter wp-image-915 size-medium\" src=\"http:\/\/www.klimatyczestochowy.pl\/wp-content\/uploads\/2016\/11\/1-NAGRODA-KAT-KLIMATYCZNA-Kamil-Pawlik-\u015anie\u017cka-225x300.jpg\" alt=\"\" width=\"225\" height=\"300\" srcset=\"http:\/\/www.klimatyczestochowy.pl\/wp-content\/uploads\/2016\/11\/1-NAGRODA-KAT-KLIMATYCZNA-Kamil-Pawlik-\u015anie\u017cka-225x300.jpg 225w, http:\/\/www.klimatyczestochowy.pl\/wp-content\/uploads\/2016\/11\/1-NAGRODA-KAT-KLIMATYCZNA-Kamil-Pawlik-\u015anie\u017cka.jpg 601w\" sizes=\"auto, (max-width: 225px) 100vw, 225px\" \/><\/a>I nagrod\u0119 w kategorii \u201eFotografia Klimatyczna\u201d oraz czek o warto\u015bci 1200 z\u0142 otrzyma\u0142<br \/>\nKamil Pawlik za zdj\u0119cie \u201e\u015anie\u017cka\u201d<\/p>\n<p style=\"text-align: center;\"><a href=\"http:\/\/www.klimatyczestochowy.pl\/wp-content\/uploads\/2016\/11\/2-NAGRODA-KAT-KLIMATYCZNA-Dadiusz-Kostecki-Zaduma.jpg\"><img loading=\"lazy\" decoding=\"async\" class=\"aligncenter wp-image-916 size-medium\" src=\"http:\/\/www.klimatyczestochowy.pl\/wp-content\/uploads\/2016\/11\/2-NAGRODA-KAT-KLIMATYCZNA-Dadiusz-Kostecki-Zaduma-300x199.jpg\" alt=\"\" width=\"300\" height=\"199\" srcset=\"http:\/\/www.klimatyczestochowy.pl\/wp-content\/uploads\/2016\/11\/2-NAGRODA-KAT-KLIMATYCZNA-Dadiusz-Kostecki-Zaduma-300x199.jpg 300w, http:\/\/www.klimatyczestochowy.pl\/wp-content\/uploads\/2016\/11\/2-NAGRODA-KAT-KLIMATYCZNA-Dadiusz-Kostecki-Zaduma.jpg 800w\" sizes=\"auto, (max-width: 300px) 100vw, 300px\" \/><\/a><br \/>\nII nagrod\u0119\u00a0 w kategorii \u201eFotografia Klimatyczna\u201d oraz czek o warto\u015bci 850 z\u0142 otrzyma\u0142<br \/>\nDariusz Kostecki za zdj\u0119cie \u201eZaduma\u201d<\/p>\n<p style=\"text-align: center;\"><a href=\"http:\/\/www.klimatyczestochowy.pl\/wp-content\/uploads\/2016\/11\/3-NAGRODA-W-KAT-KLIMATYCZNEJ-Jaros\u0142aw-Respondek-Kapliczka.jpg\"><img loading=\"lazy\" decoding=\"async\" class=\"aligncenter wp-image-917 size-medium\" src=\"http:\/\/www.klimatyczestochowy.pl\/wp-content\/uploads\/2016\/11\/3-NAGRODA-W-KAT-KLIMATYCZNEJ-Jaros\u0142aw-Respondek-Kapliczka-300x200.jpg\" alt=\"\" width=\"300\" height=\"200\" srcset=\"http:\/\/www.klimatyczestochowy.pl\/wp-content\/uploads\/2016\/11\/3-NAGRODA-W-KAT-KLIMATYCZNEJ-Jaros\u0142aw-Respondek-Kapliczka-300x200.jpg 300w, http:\/\/www.klimatyczestochowy.pl\/wp-content\/uploads\/2016\/11\/3-NAGRODA-W-KAT-KLIMATYCZNEJ-Jaros\u0142aw-Respondek-Kapliczka.jpg 800w\" sizes=\"auto, (max-width: 300px) 100vw, 300px\" \/><\/a><br \/>\nIII nagrod\u0119\u00a0 w kategorii \u201eFotografia Klimatyczna\u201d oraz czek o warto\u015bci 600 z\u0142 otrzyma\u0142<br \/>\nJaros\u0142aw Respondek za zdj\u0119cie \u201eKapliczka\u201d<\/p>\n<p style=\"text-align: center;\"><a href=\"http:\/\/www.klimatyczestochowy.pl\/wp-content\/uploads\/2016\/11\/4-WYROZNIENIE-W-KAT-KLIMATYCZNEJ-Grzegorz-Misiak-Przepro\u015bna-G\u00f3rka-z-lotu-ptaka.jpg\"><img loading=\"lazy\" decoding=\"async\" class=\"aligncenter wp-image-918 size-medium\" src=\"http:\/\/www.klimatyczestochowy.pl\/wp-content\/uploads\/2016\/11\/4-WYROZNIENIE-W-KAT-KLIMATYCZNEJ-Grzegorz-Misiak-Przepro\u015bna-G\u00f3rka-z-lotu-ptaka-300x178.jpg\" alt=\"\" width=\"300\" height=\"178\" srcset=\"http:\/\/www.klimatyczestochowy.pl\/wp-content\/uploads\/2016\/11\/4-WYROZNIENIE-W-KAT-KLIMATYCZNEJ-Grzegorz-Misiak-Przepro\u015bna-G\u00f3rka-z-lotu-ptaka-300x178.jpg 300w, http:\/\/www.klimatyczestochowy.pl\/wp-content\/uploads\/2016\/11\/4-WYROZNIENIE-W-KAT-KLIMATYCZNEJ-Grzegorz-Misiak-Przepro\u015bna-G\u00f3rka-z-lotu-ptaka.jpg 800w\" sizes=\"auto, (max-width: 300px) 100vw, 300px\" \/><\/a><br \/>\nWyr\u00f3\u017cnienie w kategorii \u201eFotografia Klimatyczna\u201d otrzyma\u0142<br \/>\nGrzegorz Misiak za zdj\u0119cie \u201ePrzepro\u015bna G\u00f3rka<\/p>\n<p style=\"text-align: center;\"><a href=\"http:\/\/www.klimatyczestochowy.pl\/wp-content\/uploads\/2016\/11\/1-NAGRODA-KAT-REPORTERSKA-\u0141ukasz-Kolewi\u0144ski-Przespana-bramka.jpg\"><img loading=\"lazy\" decoding=\"async\" class=\"aligncenter wp-image-919 size-medium\" src=\"http:\/\/www.klimatyczestochowy.pl\/wp-content\/uploads\/2016\/11\/1-NAGRODA-KAT-REPORTERSKA-\u0141ukasz-Kolewi\u0144ski-Przespana-bramka-300x200.jpg\" alt=\"\" width=\"300\" height=\"200\" srcset=\"http:\/\/www.klimatyczestochowy.pl\/wp-content\/uploads\/2016\/11\/1-NAGRODA-KAT-REPORTERSKA-\u0141ukasz-Kolewi\u0144ski-Przespana-bramka-300x200.jpg 300w, http:\/\/www.klimatyczestochowy.pl\/wp-content\/uploads\/2016\/11\/1-NAGRODA-KAT-REPORTERSKA-\u0141ukasz-Kolewi\u0144ski-Przespana-bramka.jpg 800w\" sizes=\"auto, (max-width: 300px) 100vw, 300px\" \/><\/a><br \/>\nI nagrod\u0119 w kategorii \u201eFotografia Reporterska\u201d oraz czek o warto\u015bci 1200 z\u0142 otrzyma\u0142<br \/>\n\u0141ukasz Kolewi\u0144ski za zdj\u0119cie \u201ePrzespana bramka\u201d<\/p>\n<p style=\"text-align: center;\"><a href=\"http:\/\/www.klimatyczestochowy.pl\/wp-content\/uploads\/2016\/11\/2-NAGRODA-KAT-REPORTERSKA-Grzegorz-Skowronek-Nadzieja.jpg\"><img loading=\"lazy\" decoding=\"async\" class=\"aligncenter wp-image-920 size-medium\" src=\"http:\/\/www.klimatyczestochowy.pl\/wp-content\/uploads\/2016\/11\/2-NAGRODA-KAT-REPORTERSKA-Grzegorz-Skowronek-Nadzieja-300x200.jpg\" alt=\"\" width=\"300\" height=\"200\" srcset=\"http:\/\/www.klimatyczestochowy.pl\/wp-content\/uploads\/2016\/11\/2-NAGRODA-KAT-REPORTERSKA-Grzegorz-Skowronek-Nadzieja-300x200.jpg 300w, http:\/\/www.klimatyczestochowy.pl\/wp-content\/uploads\/2016\/11\/2-NAGRODA-KAT-REPORTERSKA-Grzegorz-Skowronek-Nadzieja.jpg 800w\" sizes=\"auto, (max-width: 300px) 100vw, 300px\" \/><\/a><br \/>\nII nagrod\u0119 w kategorii \u201eFotografia Reporterska\u201d oraz czek o warto\u015bci 850 z\u0142 otrzyma\u0142<br \/>\nGrzegorz Skowronek za zdj\u0119cie \u201eNadzieja\u201d<\/p>\n<p style=\"text-align: center;\"><a href=\"http:\/\/www.klimatyczestochowy.pl\/wp-content\/uploads\/2016\/11\/3-NAGRODA-KAT-REPORTERSKA-Kamil-Pawlik-Strefa-bezpiecze\u0144stwa.jpg\"><img loading=\"lazy\" decoding=\"async\" class=\"aligncenter wp-image-921 size-medium\" src=\"http:\/\/www.klimatyczestochowy.pl\/wp-content\/uploads\/2016\/11\/3-NAGRODA-KAT-REPORTERSKA-Kamil-Pawlik-Strefa-bezpiecze\u0144stwa-300x204.jpg\" alt=\"\" width=\"300\" height=\"204\" srcset=\"http:\/\/www.klimatyczestochowy.pl\/wp-content\/uploads\/2016\/11\/3-NAGRODA-KAT-REPORTERSKA-Kamil-Pawlik-Strefa-bezpiecze\u0144stwa-300x204.jpg 300w, http:\/\/www.klimatyczestochowy.pl\/wp-content\/uploads\/2016\/11\/3-NAGRODA-KAT-REPORTERSKA-Kamil-Pawlik-Strefa-bezpiecze\u0144stwa.jpg 800w\" sizes=\"auto, (max-width: 300px) 100vw, 300px\" \/><\/a>III nagrod\u0119 w kategorii \u201eFotografia Reporterska\u201d oraz czek o warto\u015bci 600 z\u0142 otrzyma\u0142<br \/>\nKamil Pawlik za zdj\u0119cie \u201eStrefa bezpiecze\u0144stwa\u201d<\/p>\n<p style=\"text-align: center;\"><a href=\"http:\/\/www.klimatyczestochowy.pl\/wp-content\/uploads\/2016\/11\/04-WYROZNIENIE-KAT-REPORTERSKA-Piotr-Kras-Chasydzi.jpg\"><img loading=\"lazy\" decoding=\"async\" class=\"aligncenter wp-image-922 size-medium\" src=\"http:\/\/www.klimatyczestochowy.pl\/wp-content\/uploads\/2016\/11\/04-WYROZNIENIE-KAT-REPORTERSKA-Piotr-Kras-Chasydzi-300x200.jpg\" alt=\"\" width=\"300\" height=\"200\" srcset=\"http:\/\/www.klimatyczestochowy.pl\/wp-content\/uploads\/2016\/11\/04-WYROZNIENIE-KAT-REPORTERSKA-Piotr-Kras-Chasydzi-300x200.jpg 300w, http:\/\/www.klimatyczestochowy.pl\/wp-content\/uploads\/2016\/11\/04-WYROZNIENIE-KAT-REPORTERSKA-Piotr-Kras-Chasydzi.jpg 800w\" sizes=\"auto, (max-width: 300px) 100vw, 300px\" \/><\/a><br \/>\nWyr\u00f3\u017cnienie w kategorii \u201eFotografia Reporterska\u201d otrzyma\u0142<br \/>\nPiotr Kras za zdj\u0119cie \u201eChasydzi\u201d<\/p>\n<p style=\"text-align: center;\">\n","protected":false},"excerpt":{"rendered":"<p>W pi\u0105tek, 18 listopada w Ratuszu Miejskim odby\u0142o si\u0119 otwarcie wystawy i wr\u0119czenie nagr\u00f3d w 11. edycji konkursu fotograficznego &#8222;Klimaty Cz\u0119stochowy&#8221;.<\/p>\n","protected":false},"author":2,"featured_media":923,"comment_status":"open","ping_status":"open","sticky":false,"template":"","format":"standard","meta":{"footnotes":""},"categories":[3],"tags":[],"class_list":["post-907","post","type-post","status-publish","format-standard","has-post-thumbnail","hentry","category-foto-1"],"_links":{"self":[{"href":"http:\/\/www.klimatyczestochowy.pl\/index.php?rest_route=\/wp\/v2\/posts\/907","targetHints":{"allow":["GET"]}}],"collection":[{"href":"http:\/\/www.klimatyczestochowy.pl\/index.php?rest_route=\/wp\/v2\/posts"}],"about":[{"href":"http:\/\/www.klimatyczestochowy.pl\/index.php?rest_route=\/wp\/v2\/types\/post"}],"author":[{"embeddable":true,"href":"http:\/\/www.klimatyczestochowy.pl\/index.php?rest_route=\/wp\/v2\/users\/2"}],"replies":[{"embeddable":true,"href":"http:\/\/www.klimatyczestochowy.pl\/index.php?rest_route=%2Fwp%2Fv2%2Fcomments&post=907"}],"version-history":[{"count":7,"href":"http:\/\/www.klimatyczestochowy.pl\/index.php?rest_route=\/wp\/v2\/posts\/907\/revisions"}],"predecessor-version":[{"id":1021,"href":"http:\/\/www.klimatyczestochowy.pl\/index.php?rest_route=\/wp\/v2\/posts\/907\/revisions\/1021"}],"wp:featuredmedia":[{"embeddable":true,"href":"http:\/\/www.klimatyczestochowy.pl\/index.php?rest_route=\/wp\/v2\/media\/923"}],"wp:attachment":[{"href":"http:\/\/www.klimatyczestochowy.pl\/index.php?rest_route=%2Fwp%2Fv2%2Fmedia&parent=907"}],"wp:term":[{"taxonomy":"category","embeddable":true,"href":"http:\/\/www.klimatyczestochowy.pl\/index.php?rest_route=%2Fwp%2Fv2%2Fcategories&post=907"},{"taxonomy":"post_tag","embeddable":true,"href":"http:\/\/www.klimatyczestochowy.pl\/index.php?rest_route=%2Fwp%2Fv2%2Ftags&post=907"}],"curies":[{"name":"wp","href":"https:\/\/api.w.org\/{rel}","templated":true}]}}