{"id":899,"date":"2016-11-14T09:01:34","date_gmt":"2016-11-14T09:01:34","guid":{"rendered":"http:\/\/www.klimatyczestochowy.pl\/?p=899"},"modified":"2016-11-14T09:20:32","modified_gmt":"2016-11-14T09:20:32","slug":"11-final-klimatow-czestochowy","status":"publish","type":"post","link":"http:\/\/www.klimatyczestochowy.pl\/?p=899","title":{"rendered":"11. fina\u0142 &#8222;Klimat\u00f3w Cz\u0119stochowy&#8221;"},"content":{"rendered":"<p>Ju\u017c w najbli\u017cszy pi\u0105tek, o godz. 17.00 w Ratuszu Miejskim poznamy laureat\u00f3w 11. edycji konkursu fotograficznego &#8222;Klimaty Cz\u0119stochowy&#8221;.<!--more--><\/p>\n<p>Celem 11. edycji konkursu fotograficznego \u201eKlimaty Cz\u0119stochowy\u201d pod has\u0142em \u201eJasne, \u017ce Cz\u0119stochowskie\u201d by\u0142o ukazanie walor\u00f3w kulturowych, architektonicznych, przyrodniczych i turystycznych Cz\u0119stochowy i jej okolic. Zamiarem organizatora by\u0142o pozyskanie i prezentacja fotografii obrazuj\u0105cych zainteresowanie przejawami \u017cycia w jego r\u00f3\u017cnorodnych dziedzinach. Uczestnicy Konkursu zaproszeni zostali do odbycia sentymentalnej podr\u00f3\u017cy w przesz\u0142o\u015b\u0107 po terenach nale\u017c\u0105cych kiedy\u015b do wojew\u00f3dztwa cz\u0119stochowskiego i zach\u0119cani do odkrywania na nowo licznych miejsc godnych uwagi i utrwalenia \u2013 miejsc wpisanych zar\u00f3wno w przestrze\u0144 miejsk\u0105 Cz\u0119stochowy, jak i w pobliskie jurajskie krajobrazy. Mile widziane by\u0142o niebanalne potraktowanie \u201eklimat\u00f3w\u201d, gdzie g\u0142\u00f3wnym<br \/>\nmotywem jest cz\u0142owiek, \u015brodowisko, w kt\u00f3rym \u017cyje oraz wydarzenia, w jakich uczestniczy.<\/p>\n<p>W jedenastoletniej historii konkursu \u201eKlimaty Cz\u0119stochowy\u201d na r\u0119ce organizatora sp\u0142yn\u0119\u0142o ponad 11 000 zdj\u0119\u0107! W\u015br\u00f3d oceniaj\u0105cych byli m.in.: Maksymilian Rigamonti, Tomasz Tomaszewski, Renata D\u0105browska, Maciej Nabrdalik, Jacek Waszkiewicz, Grzegorz Skowronek, Jerzy Piwowarski, S\u0142awomir Jod\u0142owski, Leszek Pilichowski, Marcin Stawiarz, Janusz Mielczarek, Piotr D\u0142ubak. Laureaci poprzednich edycji konkursu odnosz\u0105 fotograficzne sukcesy w Polsce i na \u015bwiecie.<\/p>\n<p>W tym roku na konkurs wp\u0142yn\u0119\u0142y 153 zg\u0142oszenia &#8211; 611 prac (1112 zdj\u0119\u0107). Jury w sk\u0142adzie: Tomek Sikora, Agnieszka P\u00f3\u0142rola, Arkadiusz Gola, Joanna Kinowska i Piotr Furtak zakwalifikowa\u0142o do wystawy 41 fotografii 25 autor\u00f3w.<\/p>\n<p>\u0141\u0105czna pula nagr\u00f3d to 14 000 z\u0142!<\/p>\n<p>Tego samego dnia w Klubie Sportowym &#8222;Stacheczak&#8221;, o godz. 18.00 odb\u0119dzie si\u0119 wernisa\u017c wystawy Grand Press Photo 2016. Ekspozycja zostanie otwarta w naszym mie\u015bcie ju\u017c po raz dziesi\u0105ty. Do obejrzenia najlepszych zdj\u0119\u0107 prasowych 2016 roku zaprasza organizator konkursu \u2013 magazyn \u201ePress\u201d oraz fundator wystawy &#8211; Miasto Cz\u0119stochowa.<\/p>\n<p>Honorowy Patronat nad wydarzeniami obj\u0105\u0142 Prezydent Miasta Cz\u0119stochowy &#8211; Krzysztof Matyjaszczyk.<\/p>\n<p><img loading=\"lazy\" decoding=\"async\" class=\"aligncenter wp-image-902 size-full\" src=\"http:\/\/www.klimatyczestochowy.pl\/wp-content\/uploads\/2016\/11\/KLIMATYCZESTOCHOWY_PLAKATnet.jpg\" alt=\"\" width=\"900\" height=\"1260\" srcset=\"http:\/\/www.klimatyczestochowy.pl\/wp-content\/uploads\/2016\/11\/KLIMATYCZESTOCHOWY_PLAKATnet.jpg 900w, http:\/\/www.klimatyczestochowy.pl\/wp-content\/uploads\/2016\/11\/KLIMATYCZESTOCHOWY_PLAKATnet-214x300.jpg 214w, http:\/\/www.klimatyczestochowy.pl\/wp-content\/uploads\/2016\/11\/KLIMATYCZESTOCHOWY_PLAKATnet-731x1024.jpg 731w\" sizes=\"auto, (max-width: 900px) 100vw, 900px\" \/><\/p>\n<p>&nbsp;<\/p>\n","protected":false},"excerpt":{"rendered":"<p>Ju\u017c w najbli\u017cszy pi\u0105tek, o godz. 17.00 w Ratuszu Miejskim poznamy laureat\u00f3w 11. edycji konkursu fotograficznego &#8222;Klimaty Cz\u0119stochowy&#8221;.<\/p>\n","protected":false},"author":2,"featured_media":900,"comment_status":"open","ping_status":"open","sticky":false,"template":"","format":"standard","meta":{"footnotes":""},"categories":[3],"tags":[],"class_list":["post-899","post","type-post","status-publish","format-standard","has-post-thumbnail","hentry","category-foto-1"],"_links":{"self":[{"href":"http:\/\/www.klimatyczestochowy.pl\/index.php?rest_route=\/wp\/v2\/posts\/899","targetHints":{"allow":["GET"]}}],"collection":[{"href":"http:\/\/www.klimatyczestochowy.pl\/index.php?rest_route=\/wp\/v2\/posts"}],"about":[{"href":"http:\/\/www.klimatyczestochowy.pl\/index.php?rest_route=\/wp\/v2\/types\/post"}],"author":[{"embeddable":true,"href":"http:\/\/www.klimatyczestochowy.pl\/index.php?rest_route=\/wp\/v2\/users\/2"}],"replies":[{"embeddable":true,"href":"http:\/\/www.klimatyczestochowy.pl\/index.php?rest_route=%2Fwp%2Fv2%2Fcomments&post=899"}],"version-history":[{"count":4,"href":"http:\/\/www.klimatyczestochowy.pl\/index.php?rest_route=\/wp\/v2\/posts\/899\/revisions"}],"predecessor-version":[{"id":906,"href":"http:\/\/www.klimatyczestochowy.pl\/index.php?rest_route=\/wp\/v2\/posts\/899\/revisions\/906"}],"wp:featuredmedia":[{"embeddable":true,"href":"http:\/\/www.klimatyczestochowy.pl\/index.php?rest_route=\/wp\/v2\/media\/900"}],"wp:attachment":[{"href":"http:\/\/www.klimatyczestochowy.pl\/index.php?rest_route=%2Fwp%2Fv2%2Fmedia&parent=899"}],"wp:term":[{"taxonomy":"category","embeddable":true,"href":"http:\/\/www.klimatyczestochowy.pl\/index.php?rest_route=%2Fwp%2Fv2%2Fcategories&post=899"},{"taxonomy":"post_tag","embeddable":true,"href":"http:\/\/www.klimatyczestochowy.pl\/index.php?rest_route=%2Fwp%2Fv2%2Ftags&post=899"}],"curies":[{"name":"wp","href":"https:\/\/api.w.org\/{rel}","templated":true}]}}