{"id":894,"date":"2016-10-20T06:24:40","date_gmt":"2016-10-20T06:24:40","guid":{"rendered":"http:\/\/www.klimatyczestochowy.pl\/?p=894"},"modified":"2016-10-20T06:24:40","modified_gmt":"2016-10-20T06:24:40","slug":"lista-uczestnikow-11-edycji-klimatow-czestochowy","status":"publish","type":"post","link":"http:\/\/www.klimatyczestochowy.pl\/?p=894","title":{"rendered":"Lista uczestnik\u00f3w 11. edycji &#8222;Klimat\u00f3w Cz\u0119stochowy&#8221;"},"content":{"rendered":"<p>We wtorek odby\u0142y si\u0119 obrady Jury 11. edycji &#8222;Klimat\u00f3w Cz\u0119stochowy&#8221;.<!--more--><\/p>\n<p style=\"text-align: center;\"><img loading=\"lazy\" decoding=\"async\" class=\"aligncenter wp-image-895 size-full\" src=\"http:\/\/www.klimatyczestochowy.pl\/wp-content\/uploads\/2016\/10\/IMAGE2.jpg\" alt=\"\" width=\"800\" height=\"385\" srcset=\"http:\/\/www.klimatyczestochowy.pl\/wp-content\/uploads\/2016\/10\/IMAGE2.jpg 800w, http:\/\/www.klimatyczestochowy.pl\/wp-content\/uploads\/2016\/10\/IMAGE2-300x144.jpg 300w\" sizes=\"auto, (max-width: 800px) 100vw, 800px\" \/><em>fot: Tomek Sikora<\/em><\/p>\n<p>W tym roku na konkurs wp\u0142yn\u0119\u0142y 153 zg\u0142oszenia &#8211; 611 prac (1112 zdj\u0119\u0107). Jury w sk\u0142adzie: (od lewej) Tomek Sikora, Agnieszka P\u00f3\u0142rola, Arkadiusz Gola, Joanna Kinowska i Piotr Furtak zakwalifikowa\u0142o do wystawy 41 fotografii 25 autor\u00f3w. Oto lista uczestnik\u00f3w pokonkursowej ekspozycji:<\/p>\n<p>Baranowski Dariusz (Cz\u0119stochowa)<br \/>\nBarczy\u0144ski Wojciech (Cz\u0119stochowa)<br \/>\nBugara Agnieszka (Cz\u0119stochowa)<br \/>\nCi\u0119\u017cki Adrian (D\u0105browa Zielona)<br \/>\nDeska Waldemar (Cz\u0119stochowa)<br \/>\nDesperak Alicja (K\u0142obuck)<br \/>\nDmitriew Daniel (Lubliniec)<br \/>\nDomaga\u0142a Wojciech (Kielce)<br \/>\nJakubowska Anna (Gda\u0144sk)<br \/>\nJ\u0119dryka Marcin (Cz\u0119stochowa)<br \/>\nJo\u0144czyk Damian (Konopiska)<br \/>\nKolewi\u0144ski \u0141ukasz (Cz\u0119stochowa)<br \/>\nKostecki Dariusz (D\u0105browa G\u00f3rnicza)<br \/>\nKras Piotr (Cz\u0119stochowa)<br \/>\nLisowski Piotr (Radymno)<br \/>\nMisiak Grzegorz (Cz\u0119stochowa)<br \/>\nOpa\u0142czy\u0144ski Marcin (Cz\u0119stochowa)<br \/>\nPawlik Kamil (Cz\u0119stochowa)<br \/>\nRespondek Jaros\u0142aw (Cz\u0119stochowa)<br \/>\nSkoczylas Przemys\u0142aw (Cz\u0119stochowa)<br \/>\nSkowronek Grzegorz (Cz\u0119stochowa)<br \/>\nSzczygie\u0142 Marcin (Cz\u0119stochowa)<br \/>\nSzyi\u0144ski Rados\u0142aw (Libidza)<br \/>\nWiecze\u0144ska Inka (Ustrzyki Dolne)<br \/>\nZarzycki Dominik (Pozna\u0144, Cz\u0119stochowa)<\/p>\n<p>Gratulujemy!<\/p>\n","protected":false},"excerpt":{"rendered":"<p>We wtorek odby\u0142y si\u0119 obrady Jury 11. edycji &#8222;Klimat\u00f3w Cz\u0119stochowy&#8221;.<\/p>\n","protected":false},"author":2,"featured_media":896,"comment_status":"open","ping_status":"open","sticky":false,"template":"","format":"standard","meta":{"footnotes":""},"categories":[3],"tags":[],"class_list":["post-894","post","type-post","status-publish","format-standard","has-post-thumbnail","hentry","category-foto-1"],"_links":{"self":[{"href":"http:\/\/www.klimatyczestochowy.pl\/index.php?rest_route=\/wp\/v2\/posts\/894","targetHints":{"allow":["GET"]}}],"collection":[{"href":"http:\/\/www.klimatyczestochowy.pl\/index.php?rest_route=\/wp\/v2\/posts"}],"about":[{"href":"http:\/\/www.klimatyczestochowy.pl\/index.php?rest_route=\/wp\/v2\/types\/post"}],"author":[{"embeddable":true,"href":"http:\/\/www.klimatyczestochowy.pl\/index.php?rest_route=\/wp\/v2\/users\/2"}],"replies":[{"embeddable":true,"href":"http:\/\/www.klimatyczestochowy.pl\/index.php?rest_route=%2Fwp%2Fv2%2Fcomments&post=894"}],"version-history":[{"count":1,"href":"http:\/\/www.klimatyczestochowy.pl\/index.php?rest_route=\/wp\/v2\/posts\/894\/revisions"}],"predecessor-version":[{"id":897,"href":"http:\/\/www.klimatyczestochowy.pl\/index.php?rest_route=\/wp\/v2\/posts\/894\/revisions\/897"}],"wp:featuredmedia":[{"embeddable":true,"href":"http:\/\/www.klimatyczestochowy.pl\/index.php?rest_route=\/wp\/v2\/media\/896"}],"wp:attachment":[{"href":"http:\/\/www.klimatyczestochowy.pl\/index.php?rest_route=%2Fwp%2Fv2%2Fmedia&parent=894"}],"wp:term":[{"taxonomy":"category","embeddable":true,"href":"http:\/\/www.klimatyczestochowy.pl\/index.php?rest_route=%2Fwp%2Fv2%2Fcategories&post=894"},{"taxonomy":"post_tag","embeddable":true,"href":"http:\/\/www.klimatyczestochowy.pl\/index.php?rest_route=%2Fwp%2Fv2%2Ftags&post=894"}],"curies":[{"name":"wp","href":"https:\/\/api.w.org\/{rel}","templated":true}]}}