{"id":814,"date":"2016-02-10T10:56:46","date_gmt":"2016-02-10T10:56:46","guid":{"rendered":"http:\/\/www.klimatyczestochowy.pl\/?p=814"},"modified":"2016-02-10T10:56:46","modified_gmt":"2016-02-10T10:56:46","slug":"fotografie-krzysztofa-i-filipa-swiertokow-w-odwachu","status":"publish","type":"post","link":"http:\/\/www.klimatyczestochowy.pl\/?p=814","title":{"rendered":"Fotografie Krzysztofa i Filipa \u015awiertok\u00f3w w Odwachu"},"content":{"rendered":"<p>12 lutego o godz. 18.00 w Odwachu zostanie otwarta wystawa Krzysztofa i Filipa \u015awiertok\u00f3w p.t. &#8222;Oczywisto\u015b\u0107&#8221;.<!--more--><\/p>\n<p>Organizatorem ekspozycji jest Wydzia\u0142 Kultury, Promocji i Sportu z siedzib\u0105 w Odwachu, Al. Naj\u015bwi\u0119tszej Maryi Panny 45a.<\/p>\n<p><img loading=\"lazy\" decoding=\"async\" class=\"aligncenter size-full wp-image-815\" src=\"http:\/\/www.klimatyczestochowy.pl\/wp-content\/uploads\/2016\/02\/wystawa-2.jpg\" alt=\"\" width=\"800\" height=\"536\" srcset=\"http:\/\/www.klimatyczestochowy.pl\/wp-content\/uploads\/2016\/02\/wystawa-2.jpg 800w, http:\/\/www.klimatyczestochowy.pl\/wp-content\/uploads\/2016\/02\/wystawa-2-300x201.jpg 300w\" sizes=\"auto, (max-width: 800px) 100vw, 800px\" \/><\/p>\n<p><a href=\"http:\/\/www.klimatyczestochowy.pl\/wp-content\/uploads\/2016\/02\/wystawa5.jpg\"><img loading=\"lazy\" decoding=\"async\" class=\"aligncenter size-full wp-image-819\" src=\"http:\/\/www.klimatyczestochowy.pl\/wp-content\/uploads\/2016\/02\/wystawa5.jpg\" alt=\"\" width=\"800\" height=\"536\" srcset=\"http:\/\/www.klimatyczestochowy.pl\/wp-content\/uploads\/2016\/02\/wystawa5.jpg 800w, http:\/\/www.klimatyczestochowy.pl\/wp-content\/uploads\/2016\/02\/wystawa5-300x201.jpg 300w\" sizes=\"auto, (max-width: 800px) 100vw, 800px\" \/><\/a><\/p>\n","protected":false},"excerpt":{"rendered":"<p>12 lutego o godz. 18.00 w Odwachu zostanie otwarta wystawa Krzysztofa i Filipa \u015awiertok\u00f3w p.t. &#8222;Oczywisto\u015b\u0107&#8221;.<\/p>\n","protected":false},"author":2,"featured_media":820,"comment_status":"open","ping_status":"open","sticky":false,"template":"","format":"standard","meta":{"footnotes":""},"categories":[3],"tags":[],"class_list":["post-814","post","type-post","status-publish","format-standard","has-post-thumbnail","hentry","category-foto-1"],"_links":{"self":[{"href":"http:\/\/www.klimatyczestochowy.pl\/index.php?rest_route=\/wp\/v2\/posts\/814","targetHints":{"allow":["GET"]}}],"collection":[{"href":"http:\/\/www.klimatyczestochowy.pl\/index.php?rest_route=\/wp\/v2\/posts"}],"about":[{"href":"http:\/\/www.klimatyczestochowy.pl\/index.php?rest_route=\/wp\/v2\/types\/post"}],"author":[{"embeddable":true,"href":"http:\/\/www.klimatyczestochowy.pl\/index.php?rest_route=\/wp\/v2\/users\/2"}],"replies":[{"embeddable":true,"href":"http:\/\/www.klimatyczestochowy.pl\/index.php?rest_route=%2Fwp%2Fv2%2Fcomments&post=814"}],"version-history":[{"count":1,"href":"http:\/\/www.klimatyczestochowy.pl\/index.php?rest_route=\/wp\/v2\/posts\/814\/revisions"}],"predecessor-version":[{"id":821,"href":"http:\/\/www.klimatyczestochowy.pl\/index.php?rest_route=\/wp\/v2\/posts\/814\/revisions\/821"}],"wp:featuredmedia":[{"embeddable":true,"href":"http:\/\/www.klimatyczestochowy.pl\/index.php?rest_route=\/wp\/v2\/media\/820"}],"wp:attachment":[{"href":"http:\/\/www.klimatyczestochowy.pl\/index.php?rest_route=%2Fwp%2Fv2%2Fmedia&parent=814"}],"wp:term":[{"taxonomy":"category","embeddable":true,"href":"http:\/\/www.klimatyczestochowy.pl\/index.php?rest_route=%2Fwp%2Fv2%2Fcategories&post=814"},{"taxonomy":"post_tag","embeddable":true,"href":"http:\/\/www.klimatyczestochowy.pl\/index.php?rest_route=%2Fwp%2Fv2%2Ftags&post=814"}],"curies":[{"name":"wp","href":"https:\/\/api.w.org\/{rel}","templated":true}]}}