{"id":808,"date":"2016-01-27T08:50:30","date_gmt":"2016-01-27T08:50:30","guid":{"rendered":"http:\/\/www.klimatyczestochowy.pl\/?p=808"},"modified":"2016-01-27T08:50:30","modified_gmt":"2016-01-27T08:50:30","slug":"fotografie-jurajskim-szlakiem-do-wieliczki-i-krakowa-w-rok-u","status":"publish","type":"post","link":"http:\/\/www.klimatyczestochowy.pl\/?p=808","title":{"rendered":"Fotografie &#8222;Jurajskim Szlakiem do Wieliczki i Krakowa&#8221; w ROK-u"},"content":{"rendered":"<p>1 lutego w Regionalnym O\u015brodku Kultury w Cz\u0119stochowie odb\u0119dzie si\u0119 wernisa\u017c wystawy &#8222;Jurajskim Szlakiem do Wieliczki i Krakowa&#8221;. <!--more--><\/p>\n<p>Od stycznia 2014 roku w Regionalnym O\u015brodku Kultury w Cz\u0119stochowie dzia\u0142a Galeria FOTOPOBUDKA. Utworzona zosta\u0142a, by promowa\u0107 fotograf\u00f3w lokalnych, zaczynaj\u0105cych swoj\u0105 przygod\u0119 z fotografi\u0105. Trzy du\u017ce powierzchnie ekspozycyjne umiejscowione w holu ROK mog\u0105 pomie\u015bci\u0107 klika du\u017cych rozmiar\u00f3w fotografii lub nawet kilkadziesi\u0105t mniejszych format\u00f3w.<\/p>\n<p>1 lutego o godz. 19.00 zobaczymy fotografie cz\u0142onk\u00f3w Jurajskiego Fotoklubu Cz\u0119stochowa pod wsp\u00f3ln\u0105 nazw\u0105 &#8222;Jurajskim Szlakiem do Wieliczki i Krakowa&#8221;. Wystawa potrwa do 7 marca b.r.<\/p>\n<p>Regionalny O\u015brodek Kultury w Cz\u0119stochowie<br \/>\nul. Ogi\u0144skiego 13a<\/p>\n<p><img loading=\"lazy\" decoding=\"async\" class=\"aligncenter wp-image-810 size-large\" src=\"http:\/\/www.klimatyczestochowy.pl\/wp-content\/uploads\/2016\/01\/fotopobudka01-1024x442.jpg\" alt=\"\" width=\"1024\" height=\"442\" srcset=\"http:\/\/www.klimatyczestochowy.pl\/wp-content\/uploads\/2016\/01\/fotopobudka01-1024x442.jpg 1024w, http:\/\/www.klimatyczestochowy.pl\/wp-content\/uploads\/2016\/01\/fotopobudka01-300x129.jpg 300w, http:\/\/www.klimatyczestochowy.pl\/wp-content\/uploads\/2016\/01\/fotopobudka01.jpg 1500w\" sizes=\"auto, (max-width: 1024px) 100vw, 1024px\" \/><\/p>\n","protected":false},"excerpt":{"rendered":"<p>1 lutego w Regionalnym O\u015brodku Kultury w Cz\u0119stochowie odb\u0119dzie si\u0119 wernisa\u017c wystawy &#8222;Jurajskim Szlakiem do Wieliczki i Krakowa&#8221;.<\/p>\n","protected":false},"author":2,"featured_media":811,"comment_status":"open","ping_status":"open","sticky":false,"template":"","format":"standard","meta":{"footnotes":""},"categories":[3],"tags":[],"class_list":["post-808","post","type-post","status-publish","format-standard","has-post-thumbnail","hentry","category-foto-1"],"_links":{"self":[{"href":"http:\/\/www.klimatyczestochowy.pl\/index.php?rest_route=\/wp\/v2\/posts\/808","targetHints":{"allow":["GET"]}}],"collection":[{"href":"http:\/\/www.klimatyczestochowy.pl\/index.php?rest_route=\/wp\/v2\/posts"}],"about":[{"href":"http:\/\/www.klimatyczestochowy.pl\/index.php?rest_route=\/wp\/v2\/types\/post"}],"author":[{"embeddable":true,"href":"http:\/\/www.klimatyczestochowy.pl\/index.php?rest_route=\/wp\/v2\/users\/2"}],"replies":[{"embeddable":true,"href":"http:\/\/www.klimatyczestochowy.pl\/index.php?rest_route=%2Fwp%2Fv2%2Fcomments&post=808"}],"version-history":[{"count":1,"href":"http:\/\/www.klimatyczestochowy.pl\/index.php?rest_route=\/wp\/v2\/posts\/808\/revisions"}],"predecessor-version":[{"id":812,"href":"http:\/\/www.klimatyczestochowy.pl\/index.php?rest_route=\/wp\/v2\/posts\/808\/revisions\/812"}],"wp:featuredmedia":[{"embeddable":true,"href":"http:\/\/www.klimatyczestochowy.pl\/index.php?rest_route=\/wp\/v2\/media\/811"}],"wp:attachment":[{"href":"http:\/\/www.klimatyczestochowy.pl\/index.php?rest_route=%2Fwp%2Fv2%2Fmedia&parent=808"}],"wp:term":[{"taxonomy":"category","embeddable":true,"href":"http:\/\/www.klimatyczestochowy.pl\/index.php?rest_route=%2Fwp%2Fv2%2Fcategories&post=808"},{"taxonomy":"post_tag","embeddable":true,"href":"http:\/\/www.klimatyczestochowy.pl\/index.php?rest_route=%2Fwp%2Fv2%2Ftags&post=808"}],"curies":[{"name":"wp","href":"https:\/\/api.w.org\/{rel}","templated":true}]}}