{"id":804,"date":"2016-01-12T13:28:10","date_gmt":"2016-01-12T13:28:10","guid":{"rendered":"http:\/\/www.klimatyczestochowy.pl\/?p=804"},"modified":"2016-01-12T13:28:10","modified_gmt":"2016-01-12T13:28:10","slug":"obrazki-z-podrozy-gawronskiego-w-cafe-skrzynka","status":"publish","type":"post","link":"http:\/\/www.klimatyczestochowy.pl\/?p=804","title":{"rendered":"\u201eObrazki z podr\u00f3\u017cy\u201d Gawro\u0144skiego w Cafe Skrzynka"},"content":{"rendered":"<p>12 stycznia o godz. 19 swoj\u0105 wystaw\u0119 fotograficzn\u0105 w Cafe Skrzynka otworzy Dariusz Gawro\u0144ski. <!--more--><\/p>\n<p>W prowadzonym przez O\u015brodek Promocji Kultury \u201eGaude Mater\u201d cyklu \u201eObrazki z podr\u00f3\u017cy\u201d poka\u017ce fotografie ze Spitsbergenu, Syberii oraz Maroka.<br \/>\nDariusz Gawro\u0144ski -nauczyciel wf-u w LO im. Norwida, fotograf, podr\u00f3\u017cnik. Swoje \u015blady zostawia\u0142 w Alpach, Atlasie, Karpatach, Kaukazie, Himalajach, Syberii oraz na Spitsbergenie. Autor wystaw indywidualnych w Polsce i za granic\u0105. W swojej kolekcji fotograficznych nagr\u00f3d do najcenniejszych zalicza \u2013 z\u0142oty medal Shenzen w Chinach, nagroda AAFR w Rumunii, nagroda specjalna w Bu\u0142garii, druga nagroda fotografii portretowej w Trzciance, nagroda salonu w Jaros\u0142awiu ( Just One Photo), nagroda specjaln\u0105 w Rzeszowie (Fotoodlot) , pierwsza nagroda w konkursie fotografii podr\u00f3\u017cniczej FOTOTRIP w Zawierciu oraz wyr\u00f3\u017cnienie FIAP w salonie Martwej Natury w Cz\u0119stochowie.<br \/>\nPodr\u00f3\u017ce \u2013 jak m\u00f3wi \u2013 s\u0105 dla niego niczym wej\u015bcie do narnijskiej szafy, poza materialny wymiar codzienno\u015bci. Ka\u017cd\u0105 podr\u00f3\u017c do\u0142\u0105cza do kolekcji pi\u0119knych wspomnie\u0144, w utrzymaniu kt\u00f3rych pomagaj\u0105 mu wykonywane w drodze zdj\u0119cia.<br \/>\n\u201eObrazki z podr\u00f3\u017cy\u201d dotycz\u0105 trzech wypraw realizowanych rok po roku. Miejscami odwiedzanymi i prezentowanymi na wystawie s\u0105 Spitsbergen, Syberia oraz Maroko.<\/p>\n","protected":false},"excerpt":{"rendered":"<p>12 stycznia o godz. 19 swoj\u0105 wystaw\u0119 fotograficzn\u0105 w Cafe Skrzynka otworzy Dariusz Gawro\u0144ski.<\/p>\n","protected":false},"author":2,"featured_media":805,"comment_status":"open","ping_status":"open","sticky":false,"template":"","format":"standard","meta":{"footnotes":""},"categories":[3],"tags":[],"class_list":["post-804","post","type-post","status-publish","format-standard","has-post-thumbnail","hentry","category-foto-1"],"_links":{"self":[{"href":"http:\/\/www.klimatyczestochowy.pl\/index.php?rest_route=\/wp\/v2\/posts\/804","targetHints":{"allow":["GET"]}}],"collection":[{"href":"http:\/\/www.klimatyczestochowy.pl\/index.php?rest_route=\/wp\/v2\/posts"}],"about":[{"href":"http:\/\/www.klimatyczestochowy.pl\/index.php?rest_route=\/wp\/v2\/types\/post"}],"author":[{"embeddable":true,"href":"http:\/\/www.klimatyczestochowy.pl\/index.php?rest_route=\/wp\/v2\/users\/2"}],"replies":[{"embeddable":true,"href":"http:\/\/www.klimatyczestochowy.pl\/index.php?rest_route=%2Fwp%2Fv2%2Fcomments&post=804"}],"version-history":[{"count":1,"href":"http:\/\/www.klimatyczestochowy.pl\/index.php?rest_route=\/wp\/v2\/posts\/804\/revisions"}],"predecessor-version":[{"id":806,"href":"http:\/\/www.klimatyczestochowy.pl\/index.php?rest_route=\/wp\/v2\/posts\/804\/revisions\/806"}],"wp:featuredmedia":[{"embeddable":true,"href":"http:\/\/www.klimatyczestochowy.pl\/index.php?rest_route=\/wp\/v2\/media\/805"}],"wp:attachment":[{"href":"http:\/\/www.klimatyczestochowy.pl\/index.php?rest_route=%2Fwp%2Fv2%2Fmedia&parent=804"}],"wp:term":[{"taxonomy":"category","embeddable":true,"href":"http:\/\/www.klimatyczestochowy.pl\/index.php?rest_route=%2Fwp%2Fv2%2Fcategories&post=804"},{"taxonomy":"post_tag","embeddable":true,"href":"http:\/\/www.klimatyczestochowy.pl\/index.php?rest_route=%2Fwp%2Fv2%2Ftags&post=804"}],"curies":[{"name":"wp","href":"https:\/\/api.w.org\/{rel}","templated":true}]}}