{"id":800,"date":"2016-01-12T08:22:11","date_gmt":"2016-01-12T08:22:11","guid":{"rendered":"http:\/\/www.klimatyczestochowy.pl\/?p=800"},"modified":"2022-09-27T12:29:23","modified_gmt":"2022-09-27T12:29:23","slug":"zglos-zdjecia-na-cyberfoto-2016","status":"publish","type":"post","link":"http:\/\/www.klimatyczestochowy.pl\/?p=800","title":{"rendered":"Zg\u0142o\u015b zdj\u0119cia na Cyberfoto 2016"},"content":{"rendered":"<p>Ruszy\u0142 XIX Mi\u0119dzynarodowy Konkurs Cyfrowej Fotokreacji CYBERFOTO 2016. <!--more-->Konkurs ma na celu promocj\u0119 fotografii cyfrowej jako sztuki o szczeg\u00f3lnym \u0142adunku kulturotw\u00f3rczym, oraz pokazanie mo\u017cliwo\u015bci cyfrowej kreacji obrazu fotograficznego. Jest to najwi\u0119kszy tego typu konkurs w Polsce. Corocznie nap\u0142ywa ponad 1000 fotografii z ca\u0142ego \u015bwiata. Z wystawy poplenerowej wydawany jest katalog w j\u0119zyku polskim i angielskim.<br \/>\nPrace nades\u0142ane na konkurs akcentuj\u0105 relacje zachodz\u0105ce w sztuce obrazowania \u015bwiata, kt\u00f3ra ci\u0105gle ewoluuje w kierunku wytworzenia pewnej wizji opartej na zaawansowanych technologiach rejestracji obrazu. Ambicj\u0105 przes\u0142ania tego konkursu jest utrzymanie sta\u0142ej wi\u0119zi z nowoczesn\u0105 jako\u015bci\u0105 kultury wizualnej, kszta\u0142tuj\u0105cej tak\u017ce nasz\u0105 to\u017csamo\u015b\u0107 narodow\u0105.<br \/>\nWystawie corocznie towarzyszy seminarium po\u015bwiecone relacjom pomi\u0119dzy sztuk\u0105 a technologi\u0105.<\/p>\n<p>Organizatorem konkursu jest Regionalny O\u015brodek Kultury w Cz\u0119stochowie.<\/p>\n","protected":false},"excerpt":{"rendered":"<p>Ruszy\u0142 XIX Mi\u0119dzynarodowy Konkurs Cyfrowej Fotokreacji CYBERFOTO 2016.<\/p>\n","protected":false},"author":2,"featured_media":801,"comment_status":"open","ping_status":"open","sticky":false,"template":"","format":"standard","meta":{"footnotes":""},"categories":[3],"tags":[],"class_list":["post-800","post","type-post","status-publish","format-standard","has-post-thumbnail","hentry","category-foto-1"],"_links":{"self":[{"href":"http:\/\/www.klimatyczestochowy.pl\/index.php?rest_route=\/wp\/v2\/posts\/800","targetHints":{"allow":["GET"]}}],"collection":[{"href":"http:\/\/www.klimatyczestochowy.pl\/index.php?rest_route=\/wp\/v2\/posts"}],"about":[{"href":"http:\/\/www.klimatyczestochowy.pl\/index.php?rest_route=\/wp\/v2\/types\/post"}],"author":[{"embeddable":true,"href":"http:\/\/www.klimatyczestochowy.pl\/index.php?rest_route=\/wp\/v2\/users\/2"}],"replies":[{"embeddable":true,"href":"http:\/\/www.klimatyczestochowy.pl\/index.php?rest_route=%2Fwp%2Fv2%2Fcomments&post=800"}],"version-history":[{"count":3,"href":"http:\/\/www.klimatyczestochowy.pl\/index.php?rest_route=\/wp\/v2\/posts\/800\/revisions"}],"predecessor-version":[{"id":1298,"href":"http:\/\/www.klimatyczestochowy.pl\/index.php?rest_route=\/wp\/v2\/posts\/800\/revisions\/1298"}],"wp:featuredmedia":[{"embeddable":true,"href":"http:\/\/www.klimatyczestochowy.pl\/index.php?rest_route=\/wp\/v2\/media\/801"}],"wp:attachment":[{"href":"http:\/\/www.klimatyczestochowy.pl\/index.php?rest_route=%2Fwp%2Fv2%2Fmedia&parent=800"}],"wp:term":[{"taxonomy":"category","embeddable":true,"href":"http:\/\/www.klimatyczestochowy.pl\/index.php?rest_route=%2Fwp%2Fv2%2Fcategories&post=800"},{"taxonomy":"post_tag","embeddable":true,"href":"http:\/\/www.klimatyczestochowy.pl\/index.php?rest_route=%2Fwp%2Fv2%2Ftags&post=800"}],"curies":[{"name":"wp","href":"https:\/\/api.w.org\/{rel}","templated":true}]}}