{"id":772,"date":"2015-11-16T09:05:25","date_gmt":"2015-11-16T09:05:25","guid":{"rendered":"http:\/\/www.klimatyczestochowy.pl\/?p=772"},"modified":"2015-11-16T09:32:49","modified_gmt":"2015-11-16T09:32:49","slug":"jubileuszowe-klimaty-rozstrzygniete","status":"publish","type":"post","link":"http:\/\/www.klimatyczestochowy.pl\/?p=772","title":{"rendered":"Jubileuszowe &#8222;Klimaty&#8221; rozstrzygni\u0119te"},"content":{"rendered":"<p>W pi\u0105tek, 13 listopada w Ratuszu Miejskim odby\u0142a si\u0119 gala fina\u0142owa 10. edycji konkursu fotograficznego &#8222;Klimaty Cz\u0119stochowy&#8221;.<\/p>\n<p><!--more--><\/p>\n<p>Zwyci\u0119zcom gratulujemy i zapraszamy do Ratusza, by zobaczy\u0107 wszystkie prace zakwalifikowane do wystawy.<\/p>\n<p>Jury w sk\u0142adzie: Jacenty D\u0119dek, Bartosz Fr\u0105czek, Jaros\u0142aw Respondek, Grzegorz Skowronek, Justyna Warwas po zapoznaniu si\u0119 z 670 zdj\u0119ciami 94 autor\u00f3w, zakwalifikowa\u0142o do wystawy pokonkursowej 51 prac 40 autor\u00f3w:<\/p>\n<p>Balas Tomasz, Baranowski Dariusz, Bednarek Piotr, Bugara Agnieszka, Deska Waldemar,<br \/>\nFilipczak Katarzyna, Halter Szymon, Janikowski Jacek, J\u0119dryka Marcin, Jo\u0144czyk Damian,<br \/>\nKolewi\u0144ski \u0141ukasz, Korgul Marcin, Kotala Izabela, Kras Piotr, Krawczyk Magda,<br \/>\nKulej Mateusz, Luda Andrzej, \u0141ata \u0141ukasz, Madejska Aleksadra, Magacz Marcin,<br \/>\nMa\u0142asiewicz Agnieszka, Maruszczyk Agnieszka, Muszka Ma\u0142gorzata, Nowak Marcin,<br \/>\nOrda Adam, Pawlik Kamil, Pochwat Konrad, Ptak Marcin, Rajs \u0141ukasz,<br \/>\nRoman Pawe\u0142, Skoczylas Przemys\u0142aw, Skowronek Maciej, Stacherczak \u0141ukasz, Szczepanik Monika,<br \/>\nSzczygie\u0142 Marcin, Szp\u0105drowski Marcin, \u015aledzik Dorota, Tybinkowski Olgierd, Walasek Martyna,<br \/>\nWoszczyk Wojciech<\/p>\n<p>Z powodu z\u0142amania zasad regulaminu (przekroczenie dopuszczalnej ilo\u015bci zdj\u0119\u0107), jedno zg\u0142oszenie zosta\u0142o odrzucone.<br \/>\nPonadto, Jury postanowi\u0142o nie przyznawa\u0107 \u201eGrand Prix\u201d i utworzy\u0107 dodatkow\u0105 kategori\u0119 \u201eZestaw zdj\u0119\u0107\u201d oraz przyzna\u0107 nast\u0119puj\u0105ce nagrody:<\/p>\n<p style=\"text-align: center;\">LISTA NAGRODZONYCH I WYR\u00d3\u017bNIONYCH:<\/p>\n<p>I nagrod\u0119 w kategorii \u201eZestaw zdj\u0119\u0107\u201d oraz czek o warto\u015bci 900 z\u0142 otrzymuje<br \/>\n\u0141ukasz Kolewi\u0144ski za zdj\u0119cia \u201ePi\u0119\u015bciarz\u201d<br \/>\nII nagrod\u0119\u00a0 w kategorii \u201eZestaw zdj\u0119\u0107\u201d oraz czek o warto\u015bci 600 z\u0142 otrzymuje<br \/>\nAleksandra Madejska, za cykl pt \u201eBlisko\u201d<br \/>\nIII nagrod\u0119\u00a0 w kategorii \u201eZestaw zdj\u0119\u0107\u201d oraz czek o warto\u015bci 350 z\u0142 otrzymuje<br \/>\nKamil Pawlik za cykl zdj\u0119\u0107 \u201eStreet workout\u201d<br \/>\nwyr\u00f3\u017cnienie\u00a0 w kategorii \u201eZestaw zdj\u0119\u0107\u201d oraz czek o warto\u015bci 200 z\u0142 otrzymuje<br \/>\nPiotr Kras za cykl \u201eSolarigrafie\u201d<\/p>\n<p>I nagrod\u0119 w kategorii \u201eFotografia Klimatyczna\u201d oraz czek o warto\u015bci 900 z\u0142 otrzymuje<br \/>\nMarcin Szp\u0105drowski za zdj\u0119cie \u201ebaROCKOWI tancerze laserowi\u201d<br \/>\nII nagrod\u0119\u00a0 w kategorii \u201eFotografia Klimatyczna\u201d oraz czek o warto\u015bci 600 z\u0142 otrzymuje<br \/>\nWojciech Woszczyk za zdj\u0119cie \u201eLasek Anio\u0142owski\u201d<br \/>\nIII nagrod\u0119\u00a0 w kategorii \u201eFotografia Klimatyczna\u201d oraz czek o warto\u015bci 350 z\u0142 otrzymuje<br \/>\nMarcin J\u0119dryka za zdj\u0119cie \u201eWolno\u015b\u0107\u201d<br \/>\nwyr\u00f3\u017cnienie w kategorii \u201eFotografia Klimatyczna\u201d oraz czek o warto\u015bci 200 z\u0142 otrzymuje<br \/>\nMarcin Ptak za zdj\u0119cie \u201eMarilyn Monroe ze \u015al\u0105skiej\u201d<br \/>\nwyr\u00f3\u017cnienie w kategorii \u201eFotografia Klimatyczna\u201d oraz czek o warto\u015bci 200 z\u0142 otrzymuje<br \/>\nAdam Orda za zdj\u0119cie \u201eRyneczek\u201d<br \/>\nwyr\u00f3\u017cnienie w kategorii \u201eFotografia Klimatyczna\u201d oraz czek o warto\u015bci 200 z\u0142 otrzymuje<br \/>\nKamil Pawlik za zdj\u0119cie \u201eWiktoria\u201d<br \/>\nwyr\u00f3\u017cnienie w kategorii \u201eFotografia Klimatyczna\u201d oraz czek o warto\u015bci 200 z\u0142 otrzymuje<br \/>\n\u0141ukasz Rajs za zdj\u0119cie \u201eMiasto po burzy\u201d<\/p>\n<p>I nagrod\u0119 w kategorii \u201eFotografia Reporterska\u201d oraz czek o warto\u015bci 900 z\u0142 otrzymuje<br \/>\nAndrzej Luda za zdj\u0119cie \u201eZadymiony Poranek\u201d<br \/>\nII nagrod\u0119 w kategorii \u201eFotografia Reporterska\u201d oraz czek o warto\u015bci 600 z\u0142 otrzymuje<br \/>\n\u0141ata \u0141ukasz za zdj\u0119cie \u201eCzarcia Parada\u201d<br \/>\nIII nagrod\u0119 w kategorii \u201eFotografia Reporterska\u201d oraz czek o warto\u015bci 350 z\u0142 otrzymuje<br \/>\nMaciej Skowronek za zdj\u0119cie \u201eTie Break\u201d<br \/>\nwyr\u00f3\u017cnienie w kategorii \u201eFotografia Reporterska\u201d oraz czek o warto\u015bci 200 z\u0142 otrzymuje<br \/>\nPiotr Bednarek za zdj\u0119cie \u201ePo\u017car\u201d<br \/>\nwyr\u00f3\u017cnienie w kategorii \u201eFotografia Reporterska\u201d oraz czek o warto\u015bci 200 z\u0142 otrzymuje<br \/>\nKonrad Pochwat za zdj\u0119cie \u201e3 metry ponad niebem\u201d<\/p>\n<p>nagr\u00f3d w kategorii \u201eFotografia Promocyjna\u201d Jury postanowi\u0142o w tym roku nie przyznawa\u0107.<\/p>\n<p>Gazeta Wyborcza w Cz\u0119stochowie postanowi\u0142a przyzna\u0107 Piotrowi Krasowi nagrod\u0119 specjaln\u0105 za ca\u0142okszta\u0142t dzia\u0142alno\u015bci zwi\u0105zanej z solarigrafi\u0105.<br \/>\nNagroda to roczna prenumerata internetowa \u201ePremium\u201d Gazety Wyborczej oraz mo\u017cliwo\u015b\u0107 zorganizowania<br \/>\nwystawy we wsp\u00f3lnej Galerii \u201eWej\u015bci\u00f3wka\u201d Gazety Wyborczej<br \/>\ni O\u015brodka Promocji Kultury \u201eGaude Mater\u201d.<\/p>\n<p><a href=\"http:\/\/www.klimatyczestochowy.pl\/nagrodzeni-w-10-edycji-klimatow-czestochowy-2015\/\">LINK DO GALERII NAGRODZONYCH I WYR\u00d3\u017bNIONYCH ZDJ\u0118\u0106<\/a><\/p>\n","protected":false},"excerpt":{"rendered":"<p>W pi\u0105tek, 13 listopada w Ratuszu Miejskim odby\u0142a si\u0119 gala fina\u0142owa 10. edycji konkursu fotograficznego &#8222;Klimaty Cz\u0119stochowy&#8221;.<\/p>\n","protected":false},"author":2,"featured_media":773,"comment_status":"open","ping_status":"open","sticky":false,"template":"","format":"standard","meta":{"footnotes":""},"categories":[3],"tags":[],"class_list":["post-772","post","type-post","status-publish","format-standard","has-post-thumbnail","hentry","category-foto-1"],"_links":{"self":[{"href":"http:\/\/www.klimatyczestochowy.pl\/index.php?rest_route=\/wp\/v2\/posts\/772","targetHints":{"allow":["GET"]}}],"collection":[{"href":"http:\/\/www.klimatyczestochowy.pl\/index.php?rest_route=\/wp\/v2\/posts"}],"about":[{"href":"http:\/\/www.klimatyczestochowy.pl\/index.php?rest_route=\/wp\/v2\/types\/post"}],"author":[{"embeddable":true,"href":"http:\/\/www.klimatyczestochowy.pl\/index.php?rest_route=\/wp\/v2\/users\/2"}],"replies":[{"embeddable":true,"href":"http:\/\/www.klimatyczestochowy.pl\/index.php?rest_route=%2Fwp%2Fv2%2Fcomments&post=772"}],"version-history":[{"count":2,"href":"http:\/\/www.klimatyczestochowy.pl\/index.php?rest_route=\/wp\/v2\/posts\/772\/revisions"}],"predecessor-version":[{"id":797,"href":"http:\/\/www.klimatyczestochowy.pl\/index.php?rest_route=\/wp\/v2\/posts\/772\/revisions\/797"}],"wp:featuredmedia":[{"embeddable":true,"href":"http:\/\/www.klimatyczestochowy.pl\/index.php?rest_route=\/wp\/v2\/media\/773"}],"wp:attachment":[{"href":"http:\/\/www.klimatyczestochowy.pl\/index.php?rest_route=%2Fwp%2Fv2%2Fmedia&parent=772"}],"wp:term":[{"taxonomy":"category","embeddable":true,"href":"http:\/\/www.klimatyczestochowy.pl\/index.php?rest_route=%2Fwp%2Fv2%2Fcategories&post=772"},{"taxonomy":"post_tag","embeddable":true,"href":"http:\/\/www.klimatyczestochowy.pl\/index.php?rest_route=%2Fwp%2Fv2%2Ftags&post=772"}],"curies":[{"name":"wp","href":"https:\/\/api.w.org\/{rel}","templated":true}]}}