{"id":769,"date":"2015-11-10T10:20:20","date_gmt":"2015-11-10T10:20:20","guid":{"rendered":"http:\/\/www.klimatyczestochowy.pl\/?p=769"},"modified":"2015-11-10T10:20:20","modified_gmt":"2015-11-10T10:20:20","slug":"grand-press-photo-2015-w-czestochowie","status":"publish","type":"post","link":"http:\/\/www.klimatyczestochowy.pl\/?p=769","title":{"rendered":"Grand Press Photo 2015 w Cz\u0119stochowie"},"content":{"rendered":"<p>Ju\u017c po raz \u00f3smy wystawa najlepszych zdj\u0119\u0107 prasowych &#8222;Grand Press Photo&#8221; odwiedzi Cz\u0119stochow\u0119.<!--more--><\/p>\n<p><span class=\"fsl\">Autor Zdj\u0119cia Roku Maciej Moskwa b\u0119dzie go\u015bciem<br \/>\ntegorocznej wystawy w Cz\u0119stochowie<\/p>\n<p>Wystawa Grand Press Photo 2015 w Cz\u0119stochowie<br \/>\nMiejsce wystawy: DH Schott, Pub Sportowy Stacherczak (al. Ko\u015bciuszki 1, Cz\u0119stochowa)<br \/>\nWernisa\u017c wystawy: 13 listopada 2015, godz. 18.00<br \/>\nDost\u0119pno\u015b\u0107 ekspozycji: 14 listopada \u2013 2 grudnia 2015<br \/>\nWst\u0119p wolny!<\/p>\n<p>Magazyn \u201ePress\u201d zaprasza do obejrzenia najlepszych zdj\u0119\u0107 prasowych minionego roku podczas wystawy Grand Press Photo w Cz\u0119stochowie.<br \/>\nJu\u017c po raz \u00f3smy staraniem Marcina Szp\u0105drowskiego, Prezesa Fundacji Festiwal Sztuki Fotoreporta\u017cu i wsparciu sprawdzonych Partner\u00f3w ta presti\u017cowa Wystawa pojawi si\u0119 na parkingu podziemnym DH Schott i b\u0119dzie otwarta 7 dni w tygodniu, 24 godziny na dob\u0119. Wst<span class=\"text_exposed_show\">\u0119p wolny!<br \/>\nPodobnie jak w poprzednich latach, wernisa\u017c rozpocznie w Pubie Sportowym Stacherczak o godz. 18.00, po rozstrzygni\u0119ciu miejskiego Konkursu \u201eKlimaty Cz\u0119stochowy\u201d (godz. 17.00 w Ratuszu), kt\u00f3remu miesi\u0119cznik \u201ePress\u201d patronuje, Na ekspozycji zaprezentowane zostan\u0105 73 zdj\u0119cia pojedyncze i 13 fotoreporta\u017cy, kt\u00f3re trafi\u0142y do fina\u0142u. Zwiedzaj\u0105cy b\u0119d\u0105 mogli pozna\u0107 r\u00f3wnie\u017c zwyci\u0119skie projekty dokumentalne (nowa kategoria w konkursie) oraz Photo Book of The Year 2014.<br \/>\nFina\u0142owe prace zosta\u0142y wybrane przez jury konkursu spo\u015br\u00f3d blisko pi\u0119ciu tysi\u0119cy nades\u0142anych. Obradom jury przewodniczy\u0142 Christopher Morris \u2013 fotoreporter \u201eTime\u201d, wsp\u00f3\u0142za\u0142o\u017cyciel VII Photo, jeden z najbardziej utytu\u0142owanych fotoreporter\u00f3w na \u015bwiecie. Zdj\u0119cia wybierane s\u0105 w nast\u0119puj\u0105cych kategoriach: \u017bycie codzienne, Wydarzenia, Ludzie, Kultura i cz\u0142owiek, \u015arodowisko, Portret sesyjny, Sport.<br \/>\nG\u0142\u00f3wn\u0105 nagrod\u0119 Grand Press Photo 2015 otrzyma\u0142 autor Zdj\u0119cia Roku \u2013 Maciej Moskwa (Testigo Documentary), kt\u00f3ry opowie o swoich dokonaniach podczas wernisa\u017cu w Cz\u0119stochowie. Jego zwyci\u0119ska fotografia przedstawia 12-letniego Hasuna w obozie dla syryjskich uchod\u017ac\u00f3w w Suruc. Zdj\u0119cie pochodzi z fotoreporta\u017cu pokazuj\u0105cego skutki ataku Pa\u0144stwa Islamskiego na kurdyjskie miasto Kobane w p\u00f3\u0142nocnej Syrii. Doprowadzi\u0142 on do exodusu ponad 300 tysi\u0119cy ludzi, kt\u00f3rzy szukali schronienia w pobliskiej Turcji. Reporta\u017c Macieja Moskwy zdoby\u0142 drug\u0105 nagrod\u0119 w kategorii Wydarzenia-otoreporta\u017ce. Rozmow\u0119 z autorem mo\u017cna obejrze\u0107 na <a href=\"https:\/\/www.facebook.com\/l.php?u=https%3A%2F%2Fwww.youtube.com%2Fwatch%3Fv%3DPPD50zZ8-EU&amp;h=UAQGXQ-aw&amp;enc=AZOwJIvVxgmyZkaagoFubaJDEWbKIDxrwWsoEASd-g5c41qhe5_2IizjGEchziUTHac&amp;s=1\" target=\"_blank\" rel=\"nofollow nofollow\">https:\/\/www.youtube.com\/<wbr \/>watch?v=PPD50zZ8-EU<\/a>.<br \/>\nOg\u00f3lnopolski Konkurs Fotografii Prasowej Grand Press Photo organizuje od 2005 roku miesi\u0119cznik \u201ePress\u201d. Celem konkursu jest promowanie polskiej fotografii prasowej i podnoszenie jej jako\u015bci. Grand Press Photo jest konkursem dla zawodowych fotoreporter\u00f3w pracuj\u0105cych w redakcjach prasowych, internetowych, w agencjach fotograficznych oraz dla freelancer\u00f3w.<\/p>\n<p>Wspieraj\u0105cy wystaw\u0119 miejsk\u0105 w Cz\u0119stochowie:<br \/>\nPartnerzy wystawy miejskiej: Miasto i Gmina Cz\u0119stochowa, Mokate<br \/>\nPartnerzy wspieraj\u0105cy: Pub Sportowy Stacherczak, Browar Czenstochovia, Fundacja Festiwal Sztuki Fotoreporta\u017cu<br \/>\nPrzyjaciele wystawy: Gaude Mater, Krzysztof Nied\u017awiecki, Jurassics Photo Team<br \/>\nPatroni medialni: TVP Katowice, \u201eGazeta Wyborcza\u201d, Radio Fiat, \u201eJasne, \u017ce Cz\u0119stochowa\u201d, Czestochowskie24.pl, TV Orion, ZdrowaCzestochowa.pl, CZ.info.pl, KulturalnySlask.pl, Czestochowawobiektywie.pl<br \/>\nMecenasem Grand Press Photo 2015 jest Nikon Polska. Sponsorem Konkursu i Wystaw Grand Press Photo 2015 jest PZU. Partnerem G\u0142\u00f3wnym Polskie LNG. Partnerzy: Drukarnia Andrus. Patroni medialni: TVP Kultura, Tok FM, Fotopolis.pl.<\/span><\/span><\/p>\n","protected":false},"excerpt":{"rendered":"<p>Ju\u017c po raz \u00f3smy wystawa najlepszych zdj\u0119\u0107 prasowych &#8222;Grand Press Photo&#8221; odwiedzi Cz\u0119stochow\u0119.<\/p>\n","protected":false},"author":2,"featured_media":770,"comment_status":"open","ping_status":"open","sticky":false,"template":"","format":"standard","meta":{"footnotes":""},"categories":[3],"tags":[],"class_list":["post-769","post","type-post","status-publish","format-standard","has-post-thumbnail","hentry","category-foto-1"],"_links":{"self":[{"href":"http:\/\/www.klimatyczestochowy.pl\/index.php?rest_route=\/wp\/v2\/posts\/769","targetHints":{"allow":["GET"]}}],"collection":[{"href":"http:\/\/www.klimatyczestochowy.pl\/index.php?rest_route=\/wp\/v2\/posts"}],"about":[{"href":"http:\/\/www.klimatyczestochowy.pl\/index.php?rest_route=\/wp\/v2\/types\/post"}],"author":[{"embeddable":true,"href":"http:\/\/www.klimatyczestochowy.pl\/index.php?rest_route=\/wp\/v2\/users\/2"}],"replies":[{"embeddable":true,"href":"http:\/\/www.klimatyczestochowy.pl\/index.php?rest_route=%2Fwp%2Fv2%2Fcomments&post=769"}],"version-history":[{"count":1,"href":"http:\/\/www.klimatyczestochowy.pl\/index.php?rest_route=\/wp\/v2\/posts\/769\/revisions"}],"predecessor-version":[{"id":771,"href":"http:\/\/www.klimatyczestochowy.pl\/index.php?rest_route=\/wp\/v2\/posts\/769\/revisions\/771"}],"wp:featuredmedia":[{"embeddable":true,"href":"http:\/\/www.klimatyczestochowy.pl\/index.php?rest_route=\/wp\/v2\/media\/770"}],"wp:attachment":[{"href":"http:\/\/www.klimatyczestochowy.pl\/index.php?rest_route=%2Fwp%2Fv2%2Fmedia&parent=769"}],"wp:term":[{"taxonomy":"category","embeddable":true,"href":"http:\/\/www.klimatyczestochowy.pl\/index.php?rest_route=%2Fwp%2Fv2%2Fcategories&post=769"},{"taxonomy":"post_tag","embeddable":true,"href":"http:\/\/www.klimatyczestochowy.pl\/index.php?rest_route=%2Fwp%2Fv2%2Ftags&post=769"}],"curies":[{"name":"wp","href":"https:\/\/api.w.org\/{rel}","templated":true}]}}