{"id":764,"date":"2015-11-10T10:07:50","date_gmt":"2015-11-10T10:07:50","guid":{"rendered":"http:\/\/www.klimatyczestochowy.pl\/?p=764"},"modified":"2015-11-10T10:11:02","modified_gmt":"2015-11-10T10:11:02","slug":"juz-w-najblizszy-piatek-poznamy-laureatow-10-edycji-klimatow","status":"publish","type":"post","link":"http:\/\/www.klimatyczestochowy.pl\/?p=764","title":{"rendered":"Ju\u017c w najbli\u017cszy pi\u0105tek poznamy laureat\u00f3w 10. edycji &#8222;Klimat\u00f3w&#8221;"},"content":{"rendered":"<p>Ju\u017c w najbli\u017cszy pi\u0105tek poznamy laureat\u00f3w 10. edycji &#8222;Klimat\u00f3w Cz\u0119stochowy&#8221;. Fina\u0142owa Gala i wr\u0119czenie nagr\u00f3d odb\u0119dzie si\u0119 o godz. 17.00 w Ratuszu Miejskim.<\/p>\n<p><!--more--><\/p>\n<div>Jesie\u0144 jest w Cz\u0119stochowie wyj\u0105tkowo klimatyczn\u0105 por\u0105 roku. Nie tylko za spraw\u0105 charakterystycznej aury, ale tak\u017ce przez wyczekiwane, jedno z najwa\u017cniejszych fotograficznych wydarze\u0144 roku \u2013 fina\u0142 konkursu fotograficznego \u201eKlimaty Cz\u0119stochowy\u201d, kt\u00f3ry \u015bwi\u0119tuje swoje 10-lecie.<\/div>\n<div><\/div>\n<div>Jubileusze to dobry pretekst do podsumowa\u0144. Przygl\u0105daj\u0105c si\u0119 konkursowym fotografiom z ostatniej dekady warto zada\u0107 sobie pytanie, czy Cz\u0119stochowa na zdj\u0119ciach mieszka\u0144c\u00f3w mo\u017ce jeszcze czym\u015b nas zaskoczy\u0107. Od pierwszej edycji \u201eKlimat\u00f3w Cz\u0119stochowy\u201d w mie\u015bcie zasz\u0142y ogromne zmiany, nie tylko w architektoniczno-krajobrazowej przestrzeni, czy sferze kulturalno-rozrywkowej. Zmieni\u0142o si\u0119 tak\u017ce postrzeganie Cz\u0119stochowy przez nas samych. W obrazach miasta nie jeste\u015bmy ju\u017c tylko mrowiem ruchliwych punkcik\u00f3w. Podkre\u015blaj\u0105c swoj\u0105 indywidualno\u015b\u0107, wysuwamy si\u0119 na pierwszy plan. Przygl\u0105daj\u0105c si\u0119 \u017cyciu naszej lokalnej spo\u0142eczno\u015bci, ch\u0119tnie podpatrujemy nie tylko to, co robi\u0105 rezydenci pierwszych stron gazet. Coraz cz\u0119\u015bciej z przyjemno\u015bci\u0105 zatapiamy si\u0119 w koloryt mikro\u015bwiat\u00f3w tworzonych przez cz\u0119stochowian \u017cyj\u0105cych w zakamarkach miasta. I to wszystko wida\u0107 na naszych zdj\u0119ciach.<br \/>\nOgl\u0105daj\u0105c fotografie nades\u0142ane na tegoroczn\u0105, jubileuszow\u0105 edycj\u0119 \u201eKlimat\u00f3w Cz\u0119stochowy\u201d, mo\u017cemy \u015bmia\u0142o powiedzie\u0107, \u017ce warto przygl\u0105da\u0107 si\u0119 Cz\u0119stochowie i dokumentowa\u0107, jak si\u0119 zmienia. Nie tylko po to, by zdoby\u0107 nagrod\u0119, czy wyr\u00f3\u017cnienie, ale tak\u017ce by pokaza\u0107 w kadrach nast\u0119pnym pokoleniom to, jak dzi\u015b \u017cyjemy. Pewnie w przysz\u0142o\u015bci b\u0119dziemy patrze\u0107 na zdj\u0119cia obrazuj\u0105ce obecnych mieszka\u0144c\u00f3w na tle naszego miasta z takim samym sentymentem, jak teraz na te z Narodowego Archiwum Cyfrowego.<br \/>\nW \u201eKlimatach Cz\u0119stochowy\u201d od lat nie zmieni\u0142o si\u0119 to, \u017ce znajdujemy tu wiele zdj\u0119\u0107 architektury i krajobrazu. Ale &#8211; co bardzo cieszy &#8211; za ka\u017cdym razem te same elementy miejskiej uk\u0142adanki pokazane s\u0105 w ciekawy, odmienny spos\u00f3b, zale\u017cny od indywidualnego podej\u015bcia do tematu osoby fotografuj\u0105cej.<br \/>\nKonkurs fotograficzny \u201eKlimaty Cz\u0119stochowy\u201d od lat cieszy si\u0119 ogromn\u0105 popularno\u015bci\u0105. Przez dekad\u0119 jurorzy obejrzeli prawie 8000 nades\u0142anych zdj\u0119\u0107. Co roku wernisa\u017c wystawy pokonkursowej przyci\u0105ga t\u0142umy amator\u00f3w fotografii. Mamy nadziej\u0119, \u017ce i tej jesieni b\u0119dzie podobnie.<br \/>\nNa tegorocznej wystawie \u201eKlimaty Cz\u0119stochowy\u201d zobaczymy 51 prac 40 autor\u00f3w, wybranych przez cz\u0119stochowskich juror\u00f3w: Jacentego D\u0119dka, Bartosza Fr\u0105czka, Jaros\u0142awa Respondka, Grzegorza Skowronka i Justyn\u0119 Warwas. Czy jury dokona\u0142o w\u0142a\u015bciwego wyboru? Sprawd\u017acie sami. Zapraszamy na wystaw\u0119 fina\u0142ow\u0105 10. edycji Konkursu fotograficznego \u201eKlimaty Cz\u0119stochowy\u201d 13 listopada, o godz. 17.00 w Ratuszu.<\/div>\n<div>Patronat medialny nad wydarzeniem obj\u0105\u0142 miesi\u0119cznik Press oraz bezp\u0142atny miesi\u0119cznik miasta Cz\u0119stochowy &#8222;Jasne, \u017ce Cz\u0119stochowa&#8221;. Nagrody w konkursie ufundowa\u0142 Urz\u0105d Miasta oraz Gazeta Wyborcza.<\/div>\n<div><span class=\"fsl\"><span class=\"text_exposed_show\">Zaraz po finale &#8222;Klimat\u00f3w&#8221; (18.00) zapraszamy na wystaw\u0119 pokonkursow\u0105 Grand Press Photo 2015, kt\u00f3ra odb\u0119dzie si\u0119 w Klubie Sportowym Stacherczak. Wystawa jest wsp\u00f3finansowana ze \u015brodk\u00f3w Urz\u0119du Miasta Cz\u0119stochowy.<\/span><\/span>\u00a0 <strong><em>am<\/em><\/strong><\/div>\n","protected":false},"excerpt":{"rendered":"<p>Ju\u017c w najbli\u017cszy pi\u0105tek poznamy laureat\u00f3w 10. edycji &#8222;Klimat\u00f3w Cz\u0119stochowy&#8221;. Fina\u0142owa Gala i wr\u0119czenie nagr\u00f3d odb\u0119dzie si\u0119 o godz. 17.00 w Ratuszu Miejskim.<\/p>\n","protected":false},"author":2,"featured_media":765,"comment_status":"open","ping_status":"open","sticky":false,"template":"","format":"standard","meta":{"footnotes":""},"categories":[3],"tags":[],"class_list":["post-764","post","type-post","status-publish","format-standard","has-post-thumbnail","hentry","category-foto-1"],"_links":{"self":[{"href":"http:\/\/www.klimatyczestochowy.pl\/index.php?rest_route=\/wp\/v2\/posts\/764","targetHints":{"allow":["GET"]}}],"collection":[{"href":"http:\/\/www.klimatyczestochowy.pl\/index.php?rest_route=\/wp\/v2\/posts"}],"about":[{"href":"http:\/\/www.klimatyczestochowy.pl\/index.php?rest_route=\/wp\/v2\/types\/post"}],"author":[{"embeddable":true,"href":"http:\/\/www.klimatyczestochowy.pl\/index.php?rest_route=\/wp\/v2\/users\/2"}],"replies":[{"embeddable":true,"href":"http:\/\/www.klimatyczestochowy.pl\/index.php?rest_route=%2Fwp%2Fv2%2Fcomments&post=764"}],"version-history":[{"count":3,"href":"http:\/\/www.klimatyczestochowy.pl\/index.php?rest_route=\/wp\/v2\/posts\/764\/revisions"}],"predecessor-version":[{"id":768,"href":"http:\/\/www.klimatyczestochowy.pl\/index.php?rest_route=\/wp\/v2\/posts\/764\/revisions\/768"}],"wp:featuredmedia":[{"embeddable":true,"href":"http:\/\/www.klimatyczestochowy.pl\/index.php?rest_route=\/wp\/v2\/media\/765"}],"wp:attachment":[{"href":"http:\/\/www.klimatyczestochowy.pl\/index.php?rest_route=%2Fwp%2Fv2%2Fmedia&parent=764"}],"wp:term":[{"taxonomy":"category","embeddable":true,"href":"http:\/\/www.klimatyczestochowy.pl\/index.php?rest_route=%2Fwp%2Fv2%2Fcategories&post=764"},{"taxonomy":"post_tag","embeddable":true,"href":"http:\/\/www.klimatyczestochowy.pl\/index.php?rest_route=%2Fwp%2Fv2%2Ftags&post=764"}],"curies":[{"name":"wp","href":"https:\/\/api.w.org\/{rel}","templated":true}]}}