{"id":756,"date":"2015-10-15T06:04:30","date_gmt":"2015-10-15T06:04:30","guid":{"rendered":"http:\/\/www.klimatyczestochowy.pl\/?p=756"},"modified":"2015-10-15T06:23:23","modified_gmt":"2015-10-15T06:23:23","slug":"lista-uczestnikow-10-edycji-klimatow","status":"publish","type":"post","link":"http:\/\/www.klimatyczestochowy.pl\/?p=756","title":{"rendered":"Lista uczestnik\u00f3w 10. edycji &#8222;Klimat\u00f3w&#8221;"},"content":{"rendered":"<p>8 pa\u017adziernika odby\u0142y si\u0119 obrady Jury tegorocznej edycji &#8222;Klimat\u00f3w Cz\u0119stochowy&#8221;. <!--more--><\/p>\n<p style=\"text-align: center;\"><a href=\"http:\/\/www.klimatyczestochowy.pl\/wp-content\/uploads\/2015\/10\/KLIMATY-2male.jpg\"><img loading=\"lazy\" decoding=\"async\" class=\"aligncenter size-full wp-image-757\" src=\"http:\/\/www.klimatyczestochowy.pl\/wp-content\/uploads\/2015\/10\/KLIMATY-2male.jpg\" alt=\"\" width=\"800\" height=\"533\" srcset=\"http:\/\/www.klimatyczestochowy.pl\/wp-content\/uploads\/2015\/10\/KLIMATY-2male.jpg 800w, http:\/\/www.klimatyczestochowy.pl\/wp-content\/uploads\/2015\/10\/KLIMATY-2male-300x200.jpg 300w\" sizes=\"auto, (max-width: 800px) 100vw, 800px\" \/><\/a><em>Obrady Jury 10. edycji &#8222;Klimat\u00f3w Cz\u0119stochowy&#8221;. <\/em><br \/>\n<em>Od lewej: Jacenty D\u0119dek, Daniel Zalejski (przedstawiciel organizatora), Justyna Warwas, Jaros\u0142aw Respondek, <\/em><br \/>\n<em>Bartosz Fr\u0105czek, Adam Markowski (przedstawiciel organizatora), za obiektywem &#8211; Grzegorz Skowronek.<\/em><\/p>\n<p>Prezentujemy list\u0119 uczestnik\u00f3w wystawy pokonkursowej. Serdecznie gratulujemy! Otwarcie wystawy i wr\u0119czenie nagr\u00f3d laureatom nast\u0105pi 13 listopada 2015 roku, o godz. 17.00 tradycyjnie ju\u017c w Ratuszu Miejskim.<\/p>\n<p>Balas Tomasz<br \/>\nBaranowski Dariusz<br \/>\nBednarek Piotr<br \/>\nBugara Agnieszka<br \/>\nDeska Waldemar<br \/>\nFilipczak Katarzyna<br \/>\nHalter Szymon<br \/>\nJanikowski Jacek<br \/>\nJ\u0119dryka Marcin<br \/>\nJo\u0144czyk Damian<br \/>\nKolewi\u0144ski \u0141ukasz<br \/>\nKorgul Marcin<br \/>\nKotala Izabela<br \/>\nKras Piotr<br \/>\nKrawczyk Magda<br \/>\nKulej Mateusz<br \/>\nLuda Andrzej<br \/>\n\u0141ata \u0141ukasz<br \/>\nMadejska Aleksadra<br \/>\nMagacz Marcin<br \/>\nMa\u0142asiewicz Agnieszka<br \/>\nMaruszczyk Agnieszka<br \/>\nMuszka Ma\u0142gorzata<br \/>\nNowak Marcin<br \/>\nOrda Adam<br \/>\nPawlik Kamil<br \/>\nPochwat Konrad<br \/>\nPtak Marcin<br \/>\nRajs \u0141ukasz<br \/>\nRoman Pawe\u0142<br \/>\nSkoczylas Przemys\u0142aw<br \/>\nSkowronek Maciek<br \/>\nStacherczak \u0141ukasz<br \/>\nSzczepanik Monika<br \/>\nSzczygie\u0142 Marcin<br \/>\nSzp\u0105drowski Marcin<br \/>\n\u015aledzik Dorota<br \/>\nTybinkowski Olgierd<br \/>\nWalasek Martyna<br \/>\nWoszczyk Wojciech<\/p>\n","protected":false},"excerpt":{"rendered":"<p>8 pa\u017adziernika odby\u0142y si\u0119 obrady Jury tegorocznej edycji &#8222;Klimat\u00f3w Cz\u0119stochowy&#8221;.<\/p>\n","protected":false},"author":2,"featured_media":758,"comment_status":"open","ping_status":"open","sticky":false,"template":"","format":"standard","meta":{"footnotes":""},"categories":[3],"tags":[],"class_list":["post-756","post","type-post","status-publish","format-standard","has-post-thumbnail","hentry","category-foto-1"],"_links":{"self":[{"href":"http:\/\/www.klimatyczestochowy.pl\/index.php?rest_route=\/wp\/v2\/posts\/756","targetHints":{"allow":["GET"]}}],"collection":[{"href":"http:\/\/www.klimatyczestochowy.pl\/index.php?rest_route=\/wp\/v2\/posts"}],"about":[{"href":"http:\/\/www.klimatyczestochowy.pl\/index.php?rest_route=\/wp\/v2\/types\/post"}],"author":[{"embeddable":true,"href":"http:\/\/www.klimatyczestochowy.pl\/index.php?rest_route=\/wp\/v2\/users\/2"}],"replies":[{"embeddable":true,"href":"http:\/\/www.klimatyczestochowy.pl\/index.php?rest_route=%2Fwp%2Fv2%2Fcomments&post=756"}],"version-history":[{"count":4,"href":"http:\/\/www.klimatyczestochowy.pl\/index.php?rest_route=\/wp\/v2\/posts\/756\/revisions"}],"predecessor-version":[{"id":762,"href":"http:\/\/www.klimatyczestochowy.pl\/index.php?rest_route=\/wp\/v2\/posts\/756\/revisions\/762"}],"wp:featuredmedia":[{"embeddable":true,"href":"http:\/\/www.klimatyczestochowy.pl\/index.php?rest_route=\/wp\/v2\/media\/758"}],"wp:attachment":[{"href":"http:\/\/www.klimatyczestochowy.pl\/index.php?rest_route=%2Fwp%2Fv2%2Fmedia&parent=756"}],"wp:term":[{"taxonomy":"category","embeddable":true,"href":"http:\/\/www.klimatyczestochowy.pl\/index.php?rest_route=%2Fwp%2Fv2%2Fcategories&post=756"},{"taxonomy":"post_tag","embeddable":true,"href":"http:\/\/www.klimatyczestochowy.pl\/index.php?rest_route=%2Fwp%2Fv2%2Ftags&post=756"}],"curies":[{"name":"wp","href":"https:\/\/api.w.org\/{rel}","templated":true}]}}