{"id":750,"date":"2015-10-09T10:08:38","date_gmt":"2015-10-09T10:08:38","guid":{"rendered":"http:\/\/www.klimatyczestochowy.pl\/?p=750"},"modified":"2015-10-09T10:08:38","modified_gmt":"2015-10-09T10:08:38","slug":"fotograficzny-wtorek-z-jacentym-dedkiem-w-odwachu","status":"publish","type":"post","link":"http:\/\/www.klimatyczestochowy.pl\/?p=750","title":{"rendered":"Fotograficzny wtorek z Jacentym D\u0119dkiem w Odwachu"},"content":{"rendered":"<p><span class=\"fsl\">Ostatni fotograficzny wtorek (13 pa\u017adziernika) w tym roku, to spotkanie z cz\u0119stochowianinem Jacentym D\u0119dkiem. <\/span><!--more--><\/p>\n<p><span class=\"fsl\">Zaproszony fotograf poka\u017ce nam kilka materia\u0142\u00f3w, kt\u00f3re powsta\u0142y na zlecenie redakcji oraz te, kt\u00f3re zrobi\u0142 z wewn\u0119trznej potrzeby &#8211; gdy zainteresowa\u0142 si\u0119 konkretnym tematem. Na spotkaniu dowiemy si\u0119 tak\u017ce o planowanej ksi\u0105\u017cce (o wsp\u00f3\u0142czesnej Polsce, o ma\u0142ych miastach, miasteczkach i wsiach, o swoistym zawieszeniu mi\u0119dzy starym, a nowym, o polskiej prowincji) nad kt\u00f3r\u0105 Jacenty pracowa\u0142 pi\u0119\u0107 ostatnich lat.<\/span><\/p>\n<p><span class=\"fsl\"><img loading=\"lazy\" decoding=\"async\" class=\"aligncenter size-full wp-image-751\" src=\"http:\/\/www.klimatyczestochowy.pl\/wp-content\/uploads\/2015\/10\/Jacenty-Dedek_003.jpg\" alt=\"\" width=\"800\" height=\"534\" srcset=\"http:\/\/www.klimatyczestochowy.pl\/wp-content\/uploads\/2015\/10\/Jacenty-Dedek_003.jpg 800w, http:\/\/www.klimatyczestochowy.pl\/wp-content\/uploads\/2015\/10\/Jacenty-Dedek_003-300x200.jpg 300w\" sizes=\"auto, (max-width: 800px) 100vw, 800px\" \/><\/p>\n<p>Jacenty D\u0119dek \u2013 fotograf, dokumentalista. Jego zdj\u0119cia pojawia\u0142y si\u0119 w Du\u017cym Formacie, Tygodniku Powszechnym, Polityce, Przekroju, Newsweeku, Przegl\u0105dzie i innych tygodnikach oraz periodykach.<br \/>\nW ci\u0105gu <span class=\"text_exposed_show\">ponad dziesi\u0119ciu lat wsp\u00f3\u0142pracy z polsk\u0105 edycj\u0105 magazynu National Geographic opublikowa\u0142 kilkana\u015bcie autorskich reporta\u017cy.Najch\u0119tniej pracuje nad w\u0142asnymi tematami. Najbardziej interesuj\u0105 go rzeczy zwyk\u0142e, dziej\u0105ce si\u0119 na marginesie g\u0142\u00f3wnych wydarze\u0144, ale zawsze bardzo blisko cz\u0142owieka. Stypendysta Ministra Kultury i Dziedzictwa<br \/>\nNarodowego.<\/p>\n<p><a href=\"http:\/\/www.jacentydedek.pl\/\" target=\"_blank\" rel=\"nofollow nofollow\">www.jacentydedek.pl<\/a> <\/span><\/span><\/p>\n<p><span class=\"fsl\"><span class=\"text_exposed_show\"><img loading=\"lazy\" decoding=\"async\" class=\"aligncenter size-full wp-image-752\" src=\"http:\/\/www.klimatyczestochowy.pl\/wp-content\/uploads\/2015\/10\/Jacenty-Dedek_004.jpg\" alt=\"\" width=\"800\" height=\"535\" srcset=\"http:\/\/www.klimatyczestochowy.pl\/wp-content\/uploads\/2015\/10\/Jacenty-Dedek_004.jpg 800w, http:\/\/www.klimatyczestochowy.pl\/wp-content\/uploads\/2015\/10\/Jacenty-Dedek_004-300x201.jpg 300w\" sizes=\"auto, (max-width: 800px) 100vw, 800px\" \/><\/p>\n<p>Organizatorem spotka\u0144 jest Wydzia\u0142 Kultury, Promocji i Sportu Urz\u0119du Miasta Cz\u0119stochowy oraz Fundacja Festiwal Sztuki Fotoreporta\u017cu (<a href=\"http:\/\/www.festiwalsztukifotoreportazu.org\/\" target=\"_blank\" rel=\"nofollow nofollow\">www.festiwalsztukifotorepo<wbr \/>rtazu.org<\/a>).<\/p>\n<p>Nasze wieczorne spotkania fotograficzne, odbywaj\u0105 si\u0119 we wtorki, zamiennie ze spotkaniami filmowymi. Potrwaj\u0105 do otwarcia wystawy 10. edycji konkursu fotograficznego \u201eKlimaty Cz\u0119stochowy\u201d. To w\u0142a\u015bnie jubileuszowa edycja konkursu jest pretekstem do zorganizowania wtorkowych spotka\u0144.<\/p>\n<p>Wst\u0119p na ka\u017cde spotkanie jest bezp\u0142atny.<\/span><\/span><\/p>\n<p><img loading=\"lazy\" decoding=\"async\" class=\"aligncenter size-full wp-image-753\" src=\"http:\/\/www.klimatyczestochowy.pl\/wp-content\/uploads\/2015\/10\/Jacenty-Dedek_002.jpg\" alt=\"\" width=\"800\" height=\"535\" srcset=\"http:\/\/www.klimatyczestochowy.pl\/wp-content\/uploads\/2015\/10\/Jacenty-Dedek_002.jpg 800w, http:\/\/www.klimatyczestochowy.pl\/wp-content\/uploads\/2015\/10\/Jacenty-Dedek_002-300x201.jpg 300w\" sizes=\"auto, (max-width: 800px) 100vw, 800px\" \/><\/p>\n","protected":false},"excerpt":{"rendered":"<p>Ostatni fotograficzny wtorek (13 pa\u017adziernika) w tym roku, to spotkanie z cz\u0119stochowianinem Jacentym D\u0119dkiem.<\/p>\n","protected":false},"author":2,"featured_media":754,"comment_status":"open","ping_status":"open","sticky":false,"template":"","format":"standard","meta":{"footnotes":""},"categories":[3],"tags":[],"class_list":["post-750","post","type-post","status-publish","format-standard","has-post-thumbnail","hentry","category-foto-1"],"_links":{"self":[{"href":"http:\/\/www.klimatyczestochowy.pl\/index.php?rest_route=\/wp\/v2\/posts\/750","targetHints":{"allow":["GET"]}}],"collection":[{"href":"http:\/\/www.klimatyczestochowy.pl\/index.php?rest_route=\/wp\/v2\/posts"}],"about":[{"href":"http:\/\/www.klimatyczestochowy.pl\/index.php?rest_route=\/wp\/v2\/types\/post"}],"author":[{"embeddable":true,"href":"http:\/\/www.klimatyczestochowy.pl\/index.php?rest_route=\/wp\/v2\/users\/2"}],"replies":[{"embeddable":true,"href":"http:\/\/www.klimatyczestochowy.pl\/index.php?rest_route=%2Fwp%2Fv2%2Fcomments&post=750"}],"version-history":[{"count":1,"href":"http:\/\/www.klimatyczestochowy.pl\/index.php?rest_route=\/wp\/v2\/posts\/750\/revisions"}],"predecessor-version":[{"id":755,"href":"http:\/\/www.klimatyczestochowy.pl\/index.php?rest_route=\/wp\/v2\/posts\/750\/revisions\/755"}],"wp:featuredmedia":[{"embeddable":true,"href":"http:\/\/www.klimatyczestochowy.pl\/index.php?rest_route=\/wp\/v2\/media\/754"}],"wp:attachment":[{"href":"http:\/\/www.klimatyczestochowy.pl\/index.php?rest_route=%2Fwp%2Fv2%2Fmedia&parent=750"}],"wp:term":[{"taxonomy":"category","embeddable":true,"href":"http:\/\/www.klimatyczestochowy.pl\/index.php?rest_route=%2Fwp%2Fv2%2Fcategories&post=750"},{"taxonomy":"post_tag","embeddable":true,"href":"http:\/\/www.klimatyczestochowy.pl\/index.php?rest_route=%2Fwp%2Fv2%2Ftags&post=750"}],"curies":[{"name":"wp","href":"https:\/\/api.w.org\/{rel}","templated":true}]}}