{"id":744,"date":"2015-09-30T08:51:25","date_gmt":"2015-09-30T08:51:25","guid":{"rendered":"http:\/\/www.klimatyczestochowy.pl\/?p=744"},"modified":"2015-09-30T08:51:25","modified_gmt":"2015-09-30T08:51:25","slug":"3-pazdziernika-kolej-na-fotosprint-2015","status":"publish","type":"post","link":"http:\/\/www.klimatyczestochowy.pl\/?p=744","title":{"rendered":"3 PA\u0179DZIERNIKA &#8211; KOLEJ NA FOTOSPRINT 2015!"},"content":{"rendered":"<p>Po jak\u017ce udanym Fotomaratonie Fundacji ArtCamera w najbli\u017csz\u0105 sobot\u0119\u00a0mo\u017cna stan\u0105\u0107 do walki w Fotosprincie Fundacji Festiwal Sztuki Fotoreporta\u017cu.<!--more--><\/p>\n<p class=\"p1\">\u201eI OTWARTE MISTRZOSTWA CZ\u0118STOCHOWY W FOTOGRAFOWANIU. FOTOSPRINT 2015\u201d <span class=\"Apple-converted-space\">\u00a0 \u00a0<\/span><\/p>\n<p class=\"p3\"><span class=\"s1\">\u00a0<\/span><b>Termin: 3 pa\u017adziernika 2015 r.<br \/>\nRejestracja: www.fotosprint.org\/rejestracja<br \/>\nMiejsce: \u00a0Start &#8211; 3 pa\u017adziernika godz. 10.00 w Cz\u0119stochowie na pl. Dr Biega\u0144skiego, Fina\u0142 &#8211; godz. 19.00 w \u201ePubie Sportowym Stacherczak\u201d, al. Ko\u015bciuszki 1, Cz\u0119stochowa<br \/>\nKapitu\u0142a konkursowa: Maciej Nabrdalik, Maciej Moskwa, Arkadiusz \u0141awrywianiec<br \/>\nNagrody: aparaty fotograficzne ufundowane przez Nikon Polska oraz wiele innych ciekawych i warto\u015bciowych nagr\u00f3d<br \/>\nPakiet startowy: wzmacniaj\u0105cy dla ka\u017cdego zawodnika<\/b><br \/>\n<b>Formu\u0142a: nowatorska, jednodniowa, jednozdj\u0119ciowa, sportowa, dynamiczna<br \/>\nWystawa fotograficzna: Legendarna Sprinterka Irena Szewi\u0144ska w obiektywie Janusza Szewi\u0144skiego \u2013 na Fina\u0142<\/b><\/p>\n<p class=\"p3\"><img loading=\"lazy\" decoding=\"async\" class=\" size-full wp-image-746 aligncenter\" src=\"http:\/\/www.klimatyczestochowy.pl\/wp-content\/uploads\/2015\/09\/baner-300x300.jpg\" alt=\"\" width=\"300\" height=\"300\" srcset=\"http:\/\/www.klimatyczestochowy.pl\/wp-content\/uploads\/2015\/09\/baner-300x300.jpg 300w, http:\/\/www.klimatyczestochowy.pl\/wp-content\/uploads\/2015\/09\/baner-300x300-150x150.jpg 150w\" sizes=\"auto, (max-width: 300px) 100vw, 300px\" \/><\/p>\n<p class=\"p4\">S\u0142awy polskiej fotografii, zaskakuj\u0105cy temat, niebanalna sportowa formu\u0142a, cenne nagrody i praktyczna wiedza \u2013 tego nie powinno zabrakn\u0105\u0107 tak\u017ce podczas I Otwartych Mistrzostw Cz\u0119stochowy w Fotografowaniu \u201eFotosprint 2015\u201d. Konkurs\u00f3w fotograficznych w Polsce jest wiele, ale chcemy , \u017ceby ten w\u0142a\u015bnie w szczeg\u00f3lny spos\u00f3b zapad\u0142 w pami\u0119\u0107 odbiorc\u00f3w.<br \/>\nPo sukcesach konkurs\u00f3w \u201eFotomaraton 2013\u201d i \u201eFotomaraton 2014\u201d w Cz\u0119stochowie, oraz tegorocznego projektu \u201eFotograficznych Wtork\u00f3w\u201d wzmocnieni<span class=\"Apple-converted-space\">\u00a0 <\/span>o nowych, uznanych w \u015brodowisku, cz\u0142onk\u00f3w zarz\u0105du i rady Fundacji, postanowili\u015bmy w tym roku zmieni\u0107 nieco formu\u0142\u0119, na jeszcze bardziej \u201esportow\u0105\u201d i zarazem uwzgl\u0119dni\u0107 uwagi zg\u0142aszane przez uczestnik\u00f3w poprzednich edycji \u201eFotomaratonu\u201d. Oczywi\u015bcie postaramy si\u0119, aby ta formu\u0142a by\u0142a jak najciekawsza i jak najbardziej dynamiczna. W przysz\u0142ym roku zdecydujemy, kt\u00f3ry z projekt\u00f3w b\u0119dziemy kontynuowa\u0107, a mo\u017ce, je\u015bli taka b\u0119dzie wola uczestnik\u00f3w zrealizujemy niezale\u017cnie obie formy!<br \/>\nI edycja konkursu \u201eFotosprint 2015\u201d odb\u0119dzie si\u0119 3 pa\u017adziernika 2015 w Cz\u0119stochowie.<\/p>\n<p class=\"p4\">W Jury konkursu zasi\u0105d\u0105:<br \/>\n<b>Maciek Nabrdalik<\/b> (jedyny Polak pracuj\u0105cy dla jednej z najlepszych na \u015bwiecie presti\u017cowej ameryka\u0144skiej agencji fotograficznej \u201eVII Photo\u201d, wielokrotnie nagradzany w najbardziej presti\u017cowych polskich i \u015bwiatowych konkursach),<br \/>\n<b>Maciek Moskwa<\/b> (cz\u0142onek kolektywu \u201eTestigo Documentary\u201d, laureat m. inn. Grand Prix Grand Press Photo 2015, Grand Prix BZ WBK Press Photo 2014),<br \/>\n<b>Arkadiusz \u0141awrywianiec<\/b> &#8211; cz\u0142onek ZPAF, fotoreporter &#8222;Dziennika Zachodniego&#8221; wyk\u0142adowca katowickiej Policealnej Szko\u0142y Fotograficznej FOTOEDUKACJA, wielokrotnie nagradzany w konkursach fotografii prasowej.<\/p>\n<p class=\"p4\"><b>Organizatorem Konkursu jest \u201eFundacja Festiwal Sztuki Fotoreporta\u017cu\u201d.<br \/>\nProjekt dofinansowany przez: Urz\u0105d Miasta Cz\u0119stochowa * Mecenas Konkursu: \u201eNikon Polska\u201d * Sponsorzy: \u201eMokate S.A.\u201d ,,Bakalland S.A.\u201d, \u201eWodoci\u0105gi Cz\u0119stochowskie\u201d, \u201eMPK Cz\u0119stochowa\u201d, \u201eFilharmonia Druku\u201d, \u201eBrowar Czenstochovia\u201d, \u201eumnietaniej.pl\u201d, \u201eHotel Fajkier\u201d, \u201eGaleria Teatr from Poland\u201d * Partnerzy: \u201ePub Sportowy Stacherczak\u201d, \u201eOPK Gaude Mater\u201d, \u201eJurassic Photo Team\u201d.<\/b><\/p>\n<p class=\"p4\"><b>Patroni medialni: \u201eTVP Katowice\u201d, \u201eGazeta Wyborcza\u201d, \u201ePRESS\u201d, \u201e\u015awiat Obrazu\u201d, \u201eFoto*Plus\u201d, \u201eTV Orion\u201d, \u201eRadio Jura\u201d, \u201eWyborcza.pl Cz\u0119stochowa\u201d, \u201eCzestochowskie24.pl\u201d, \u201eJasne, \u017ce Cz\u0119stochowa\u201d, \u201ecz.info.pl\u201d, \u201eGazeta Cz\u0119stochowska\u201d, \u201ezdrowaczestochowa.pl\u201d, kulturalnyslask.pl\u201d, \u201eCz\u0119stochowa w Obiektywie\u201d.<\/b><\/p>\n<p class=\"p4\"><b>Patronat honorowy: Prezydent Miasta Cz\u0119stochowa Krzysztof Matyjaszczyk.<\/b><\/p>\n<p class=\"p4\"><b>\u201eI Otwarte Mistrzostwa Cz\u0119stochowy w Fotografowaniu. Fotosprint 2015\u201d <\/b>to wyj\u0105tkowy, pionierski projekt z uatrakcyjnion\u0105 formu\u0142\u0105. Jest jednym z wa\u017cniejszych przedsi\u0119wzi\u0119\u0107 odbywaj\u0105cych si\u0119 w ramach przygotowa\u0144 do<span class=\"Apple-converted-space\">\u00a0 <\/span>Festiwalu Sztuki Fotoreporta\u017cu, g\u0142\u00f3wnego celu naszej Fundacji.<span class=\"Apple-converted-space\">\u00a0 <\/span><br \/>\nNowo\u015bci b\u0119dzie par\u0119. Po pierwsze b\u0119dzie to konkurs jednodniowy. Po drugie do konkursu zg\u0142osimy tym razem tylko jedno zdj\u0119cie, wybrane z po\u015br\u00f3d tych zrobionych po starcie i og\u0142oszeniu tematu. Po trzecie podczas fina\u0142u pokazane b\u0119d\u0105 wszystkie dopuszczone zdj\u0119cia i ich ocena b\u0119dzie publiczna z udzia\u0142em publiczno\u015bci. Po czwarte fina\u0142 konkursu b\u0119dzie mia\u0142 dynamiczn\u0105 form\u0119 turniejow\u0105.<\/p>\n<p class=\"p4\">Podobnie, jak w ubieg\u0142ych latach, liczymy, \u017ce uczestnicy konkursu zaproponuj\u0105 nam\u00a0 inne spojrzenie na rzeczy powszechnie znane, zgodnie z maksym\u0105 Davida duChemina \u201eFotografuj\u0105c, staraj si\u0119 pokaza\u0107 to, czego bez ciebie nikt by nie zobaczy\u0142\u201d, \u017ce uda si\u0119 im uwieczni\u0107<span class=\"Apple-converted-space\">\u00a0 <\/span>\u201edecyduj\u0105cy moment\u201d wg. s\u0142ynnej koncepcji Henri Cartier Bressona.<\/p>\n<p class=\"p4\">Dla kogo jest \u201eFotosprint\u201d?<br \/>\nFotografowa\u0107 ka\u017cdy mo\u017ce, troch\u0119 lepiej lub troch\u0119 gorzej\u2026 Te najlepsze fotografie nie s\u0105 jednak zas\u0142ug\u0105 doskona\u0142ego aparatu, a tego, kto za nim stoi. Wyobra\u017ani, wra\u017cliwo\u015bci, wyczucia i dobrego kadru nie zast\u0105pi \u017caden sprz\u0119t. Wydarzenie skierowane jest zatem do wszystkich, kt\u00f3rym fotografia u jest szczeg\u00f3lnie bliska: zar\u00f3wno do profesjonalnych fotograf\u00f3w, jak i pasjonat\u00f3w tej pi\u0119knej sztuki utrwalania chwili. Konkurs jest dobr\u0105 okazj\u0105 do doskonalenia swojego warsztatu, a jednocze\u015bnie \u2013 \u017ar\u00f3d\u0142em inspiracji i pomys\u0142\u00f3w, co w pracy zawodowych fotoreporter\u00f3w, jak i hobbyst\u00f3w jest cenne.<\/p>\n<p class=\"p4\">\u00a0O co chodzi w konkursie?<br \/>\nKonkurs b\u0119dzie si\u0119 dzia\u0107 \u201etu i teraz\u201d, zatem nie polega na przesy\u0142aniu gotowych ju\u017c fotografii. Zadaniem uczestnik\u00f3w b\u0119dzie wykonanie tylko jednego zdj\u0119cia (wybranego oczywi\u015bcie spo\u015br\u00f3d wszystkich, zrobionych podczas zawod\u00f3w), nawi\u0105zuj\u0105cego tematycznie g\u0142\u00f3wnego tematu Konkursu, kt\u00f3ry do momentu startu pozostanie tajemnic\u0105. Na realizacj\u0119 zadania przewidziano 6 godzin dnia konkursowego. Temat g\u0142\u00f3wny zostanie og\u0142oszony na starcie \u201eFotosprintu\u201d (3. pa\u017adziernika b.r., godz. 10.00, Plac Biega\u0144skiego obok Ratusza w Cz\u0119stochowie ). Fina\u0142 odb\u0119dzie si\u0119 tego samego dnia w godzinach wieczornych, w sprawdzonym miejscu, adekwatnym do jego sportowego charakteru, \u201ePubie Sportowym Stacherczak\u201d, podziemia DH Schott, al. Ko\u015bciuszki 1, w niedalekiej odleg\u0142o\u015bci od miejsca startu. Podczas fina\u0142u nast\u0105pi publiczny i turniejowy wyb\u00f3r najlepszych<span class=\"Apple-converted-space\">\u00a0 <\/span>zdj\u0119\u0107 i og\u0142oszenie wynik\u00f3w. W Jury zasi\u0105d\u0105 takie s\u0142awy fotoreporta\u017cu a obrady zostan\u0105 przeprowadzane publicznie w formie warsztat\u00f3w fotograficznych.<br \/>\nNa Mistrza Cz\u0119stochowy w Fotografowaniu, Pierwszego i Drugiego V-ce Mistrza czekaj\u0105 cenne nagrody \u2013<span class=\"Apple-converted-space\">\u00a0 <\/span>aparaty fotograficzne od Nikon Polska i nie tylko.<br \/>\n&#8211; b\u0119d\u0105 tak\u017ce s\u0105 tak\u017ce dodatkowe nagrody dla najlepszego fotografa z Cz\u0119stochowy.<\/p>\n<p class=\"p4\">Po zako\u0144czeniu cz\u0119\u015bci konkursowej przewidziane jest spotkanie z cz\u0142onkami Kapitu\u0142y i prezentacja ich prac.<br \/>\nW tym czasie otworzymy te\u017c w \u201ePubie Sportowym Stacherczak\u201d Wystaw\u0119 Fotograficzn\u0105 najwi\u0119kszych sportowych sukces\u00f3w Legendy Polskiego i \u015awiatowego Sprintu \u2013 Ireny Szewi\u0144skiej, autorstwa Janusza Szewi\u0144skiego.<\/p>\n<p class=\"p4\">Jakie warunki trzeba spe\u0142ni\u0107?<br \/>\nAby wzi\u0105\u0107 udzia\u0142 w konkursie, nale\u017cy najp\u00f3\u017aniej na dzie\u0144 przed startem wype\u0142ni\u0107 prosty formularz rejestracyjny, dost\u0119pny w formie elektronicznej na stronie internetowej organizatora, a tak\u017ce dokona\u0107 op\u0142aty rejestracyjnej w wysoko\u015bci 10 z\u0142 (w przypadku, je\u015bli wp\u0142ata nast\u0105pi do 30 wrze\u015bnia 2015) lub 15 z\u0142 je\u015bli wp\u0142ata nast\u0105pi po 30. wrze\u015bnia lub w dniu startu. W przypadku osoby niepe\u0142noletniej potrzebne b\u0119dzie jeszcze wype\u0142nienie kr\u00f3tkiego formularza. Na start wystarczy zabra\u0107 ze sob\u0105 cyfrowy aparat fotograficzny z pust\u0105 kart\u0119 pami\u0119ci oraz\u2026 wyobra\u017ani\u0119, kreatywno\u015b\u0107 i dobre pomys\u0142y na uj\u0119cia.<\/p>\n<p class=\"p4\">Wi\u0119cej informacji, szczeg\u00f3\u0142owy Regulamin Konkursu oraz formularz rejestracyjny mo\u017cna znale\u017a\u0107 na: <span class=\"s2\">www.festiwalsztukifotoreportazu.org\/rejestracja lub<br \/>\nwww.fotosprint.org<\/span><\/p>\n<p class=\"p5\"><span class=\"s3\">Profil na portalu spo\u0142eczno\u015bciowym:<br \/>\n<\/span>www.facebook.com\/fundacjafotoreportazu<\/p>\n<p class=\"p5\"><span class=\"s3\">Kontakt dla medi\u00f3w:<br \/>\n<\/span>biuro@festiwalfotoreportazu.pl<\/p>\n<p class=\"p1\">Serdecznie zapraszamy!<br \/>\nZarz\u0105d Fundacji Festiwal Sztuki Fotoreporta\u017cu<\/p>\n<p class=\"p1\"><a href=\"http:\/\/www.klimatyczestochowy.pl\/wp-content\/uploads\/2015\/09\/FOTOSPRINT-plakat-A4.jpg\"><img loading=\"lazy\" decoding=\"async\" class=\" size-large wp-image-747 aligncenter\" src=\"http:\/\/www.klimatyczestochowy.pl\/wp-content\/uploads\/2015\/09\/FOTOSPRINT-plakat-A4-730x1024.jpg\" alt=\"\" width=\"730\" height=\"1024\" srcset=\"http:\/\/www.klimatyczestochowy.pl\/wp-content\/uploads\/2015\/09\/FOTOSPRINT-plakat-A4-730x1024.jpg 730w, http:\/\/www.klimatyczestochowy.pl\/wp-content\/uploads\/2015\/09\/FOTOSPRINT-plakat-A4-214x300.jpg 214w\" sizes=\"auto, (max-width: 730px) 100vw, 730px\" \/><\/a><\/p>\n","protected":false},"excerpt":{"rendered":"<p>Po jak\u017ce udanym Fotomaratonie Fundacji ArtCamera w najbli\u017csz\u0105 sobot\u0119\u00a0mo\u017cna stan\u0105\u0107 do walki w Fotosprincie Fundacji Festiwal Sztuki Fotoreporta\u017cu.<\/p>\n","protected":false},"author":1,"featured_media":745,"comment_status":"open","ping_status":"open","sticky":false,"template":"","format":"standard","meta":{"footnotes":""},"categories":[3],"tags":[],"class_list":["post-744","post","type-post","status-publish","format-standard","has-post-thumbnail","hentry","category-foto-1"],"_links":{"self":[{"href":"http:\/\/www.klimatyczestochowy.pl\/index.php?rest_route=\/wp\/v2\/posts\/744","targetHints":{"allow":["GET"]}}],"collection":[{"href":"http:\/\/www.klimatyczestochowy.pl\/index.php?rest_route=\/wp\/v2\/posts"}],"about":[{"href":"http:\/\/www.klimatyczestochowy.pl\/index.php?rest_route=\/wp\/v2\/types\/post"}],"author":[{"embeddable":true,"href":"http:\/\/www.klimatyczestochowy.pl\/index.php?rest_route=\/wp\/v2\/users\/1"}],"replies":[{"embeddable":true,"href":"http:\/\/www.klimatyczestochowy.pl\/index.php?rest_route=%2Fwp%2Fv2%2Fcomments&post=744"}],"version-history":[{"count":1,"href":"http:\/\/www.klimatyczestochowy.pl\/index.php?rest_route=\/wp\/v2\/posts\/744\/revisions"}],"predecessor-version":[{"id":748,"href":"http:\/\/www.klimatyczestochowy.pl\/index.php?rest_route=\/wp\/v2\/posts\/744\/revisions\/748"}],"wp:featuredmedia":[{"embeddable":true,"href":"http:\/\/www.klimatyczestochowy.pl\/index.php?rest_route=\/wp\/v2\/media\/745"}],"wp:attachment":[{"href":"http:\/\/www.klimatyczestochowy.pl\/index.php?rest_route=%2Fwp%2Fv2%2Fmedia&parent=744"}],"wp:term":[{"taxonomy":"category","embeddable":true,"href":"http:\/\/www.klimatyczestochowy.pl\/index.php?rest_route=%2Fwp%2Fv2%2Fcategories&post=744"},{"taxonomy":"post_tag","embeddable":true,"href":"http:\/\/www.klimatyczestochowy.pl\/index.php?rest_route=%2Fwp%2Fv2%2Ftags&post=744"}],"curies":[{"name":"wp","href":"https:\/\/api.w.org\/{rel}","templated":true}]}}