{"id":739,"date":"2021-06-18T07:57:17","date_gmt":"2021-06-18T07:57:17","guid":{"rendered":"http:\/\/www.klimatyczestochowy.pl\/?p=739"},"modified":"2021-06-18T10:19:22","modified_gmt":"2021-06-18T10:19:22","slug":"fotomaraton-2015-w-czestochowie","status":"publish","type":"post","link":"http:\/\/www.klimatyczestochowy.pl\/?p=739","title":{"rendered":"RUSZA 14. EDYCJA KLIMAT\u00d3W"},"content":{"rendered":"<p>Konkurs fotograficzny \u201eKlimaty Cz\u0119stochowy\u201d wraca na map\u0119 wydarze\u0144 naszego miasta po blisko trzyletniej przerwie. <!--more--><\/p>\n<p>Miasto Cz\u0119stochowa wraz z Muzeum Cz\u0119stochowskim zapraszaj\u0105 wszystkich fotografuj\u0105cych do wzi\u0119cia udzia\u0142u w tym wydarzeniu.<br \/>\nW tym roku organizatorzy wprowadzili nowo\u015b\u0107 u\u0142atwiaj\u0105c\u0105 spos\u00f3b zg\u0142aszania zdj\u0119\u0107 \u2013 elektroniczny formularz do przesy\u0142ania fotografii.<br \/>\nG\u0142\u00f3wna nagroda w konkursie to 1900 z\u0142, druga \u2013 1100 z\u0142, a trzecia \u2013 700 z\u0142.<br \/>\nCelem Klimat\u00f3w jest ukazanie walor\u00f3w kulturowych, architektonicznych, przyrodniczych i turystycznych Cz\u0119stochowy. Zamiarem organizatora jest pozyskanie i prezentacja fotografii obrazuj\u0105cych zainteresowanie przejawami \u017cycia w jego r\u00f3\u017cnorodnych dziedzinach. Mile widziane jest niebanalne potraktowanie \u201eklimat\u00f3w\u201d, gdzie g\u0142\u00f3wnym motywem jest cz\u0142owiek, \u015brodowisko, w kt\u00f3rym \u017cyje oraz wydarzenia, w jakich uczestniczy.<br \/>\nW 14-letniej historii konkursu \u201eKlimaty Cz\u0119stochowy\u201d na r\u0119ce organizatora sp\u0142yn\u0119\u0142o oko\u0142o 11 000 zdj\u0119\u0107! W\u015br\u00f3d oceniaj\u0105cych byli m.in.: Maksymilian Rigamonti, Tomasz Tomaszewski, Maciej Nabrdalik, Jacek Waszkiewicz, Grzegorz Skowronek, Jerzy Piwowarski, S\u0142awomir Jod\u0142owski, Leszek Pilichowski, Marcin Stawiarz, Janusz Mielczarek, Piotr D\u0142ubak\u2026 Laureaci poprzednich edycji konkursu odnosz\u0105 fotograficzne sukcesy w Polsce i na \u015bwiecie.<br \/>\nWyboru najlepszych zdj\u0119\u0107 dokona Jury w sk\u0142adzie: \u0141ukasz Kolewi\u0144ski, Piotr Kras, Kamil Pawlik oraz Jaros\u0142aw Respondek.<br \/>\nWystawa pokonkursowa odb\u0119dzie si\u0119 w listopadzie w Pawilonie Wystawowym w Parku ks. Stanis\u0142awa Staszica.<br \/>\nWszystkie informacje o konkursie dost\u0119pne s\u0105 na stronie www.klimatyczestochowy.pl .<\/p>\n","protected":false},"excerpt":{"rendered":"<p>Konkurs fotograficzny \u201eKlimaty Cz\u0119stochowy\u201d wraca na map\u0119 wydarze\u0144 naszego miasta po blisko trzyletniej przerwie.<\/p>\n","protected":false},"author":2,"featured_media":1200,"comment_status":"open","ping_status":"open","sticky":false,"template":"","format":"standard","meta":{"footnotes":""},"categories":[3],"tags":[],"class_list":["post-739","post","type-post","status-publish","format-standard","has-post-thumbnail","hentry","category-foto-1"],"_links":{"self":[{"href":"http:\/\/www.klimatyczestochowy.pl\/index.php?rest_route=\/wp\/v2\/posts\/739","targetHints":{"allow":["GET"]}}],"collection":[{"href":"http:\/\/www.klimatyczestochowy.pl\/index.php?rest_route=\/wp\/v2\/posts"}],"about":[{"href":"http:\/\/www.klimatyczestochowy.pl\/index.php?rest_route=\/wp\/v2\/types\/post"}],"author":[{"embeddable":true,"href":"http:\/\/www.klimatyczestochowy.pl\/index.php?rest_route=\/wp\/v2\/users\/2"}],"replies":[{"embeddable":true,"href":"http:\/\/www.klimatyczestochowy.pl\/index.php?rest_route=%2Fwp%2Fv2%2Fcomments&post=739"}],"version-history":[{"count":5,"href":"http:\/\/www.klimatyczestochowy.pl\/index.php?rest_route=\/wp\/v2\/posts\/739\/revisions"}],"predecessor-version":[{"id":1204,"href":"http:\/\/www.klimatyczestochowy.pl\/index.php?rest_route=\/wp\/v2\/posts\/739\/revisions\/1204"}],"wp:featuredmedia":[{"embeddable":true,"href":"http:\/\/www.klimatyczestochowy.pl\/index.php?rest_route=\/wp\/v2\/media\/1200"}],"wp:attachment":[{"href":"http:\/\/www.klimatyczestochowy.pl\/index.php?rest_route=%2Fwp%2Fv2%2Fmedia&parent=739"}],"wp:term":[{"taxonomy":"category","embeddable":true,"href":"http:\/\/www.klimatyczestochowy.pl\/index.php?rest_route=%2Fwp%2Fv2%2Fcategories&post=739"},{"taxonomy":"post_tag","embeddable":true,"href":"http:\/\/www.klimatyczestochowy.pl\/index.php?rest_route=%2Fwp%2Fv2%2Ftags&post=739"}],"curies":[{"name":"wp","href":"https:\/\/api.w.org\/{rel}","templated":true}]}}