{"id":732,"date":"2015-09-17T06:11:23","date_gmt":"2015-09-17T06:11:23","guid":{"rendered":"http:\/\/www.klimatyczestochowy.pl\/?p=732"},"modified":"2015-09-17T06:17:13","modified_gmt":"2015-09-17T06:17:13","slug":"spotkanie-z-witoldem-krassowskim-i-grzegorzem-skowronkiem-w-odwachu","status":"publish","type":"post","link":"http:\/\/www.klimatyczestochowy.pl\/?p=732","title":{"rendered":"Spotkanie z Witoldem Krassowskim i Grzegorzem Skowronkiem w Odwachu"},"content":{"rendered":"<p>22 wrze\u015bnia w Odwachu spotkamy si\u0119 z Witoldem Krassowskim i Grzegorzem Skowronkiem.<!--more--><\/p>\n<p>22 wrze\u015bnia, o godz. 19.00 w cz\u0119stochowskim Odwachu (Al. NMP 45a), w cyklu fotograficznych wtork\u00f3w, w ramach miejskiej akcji \u201eAleje \u2013 tu si\u0119 dzieje\u201d, spotkamy si\u0119 z Witoldem Krassowskim z Warszawy i Grzegorzem Skowronkiem z Cz\u0119stochowy.<\/p>\n<p>Z legend\u0105 polskiego fotoreporta\u017cu i wybitnym pedagogiem Witoldem Krassowskim oraz szefem fotoreporter\u00f3w cz\u0119stochowskiego oddzia\u0142u Gazety Wyborczej Grzegorzem Skowronkiem poznamy tajniki tej kr\u00f3lewskiej i najtrudniejszej zarazem z dziedzin fotografii.<\/p>\n<p>Organizatorem spotka\u0144 jest Wydzia\u0142 Kultury, Promocji i Sportu Urz\u0119du Miasta Cz\u0119stochowy oraz Fundacja Festiwal Sztuki Fotoreporta\u017cu (www.festiwalsztukifotoreportazu.org).<br \/>\nNasze wieczorne spotkania fotograficzne, odbywaj\u0105 si\u0119 we wtorki, zamiennie ze spotkaniami filmowymi. Potrwaj\u0105 do otwarcia wystawy 10. edycji konkursu fotograficznego \u201eKlimaty Cz\u0119stochowy\u201d, kt\u00f3rego organizatorem jest Wydzia\u0142 Kultury Promocji i Sportu Urz\u0119du Miasta Cz\u0119stochowy. To w\u0142a\u015bnie jubileuszowa edycja konkursu jest pretekstem do zorganizowania wtorkowych spotka\u0144.<\/p>\n<p>Wst\u0119p na ka\u017cde spotkanie jest bezp\u0142atny.<\/p>\n<p><a href=\"http:\/\/www.klimatyczestochowy.pl\/wp-content\/uploads\/2015\/09\/058-WKAWORLDmini.jpg\"><img loading=\"lazy\" decoding=\"async\" class=\"aligncenter size-full wp-image-734\" src=\"http:\/\/www.klimatyczestochowy.pl\/wp-content\/uploads\/2015\/09\/058-WKAWORLDmini.jpg\" alt=\"\" width=\"800\" height=\"532\" srcset=\"http:\/\/www.klimatyczestochowy.pl\/wp-content\/uploads\/2015\/09\/058-WKAWORLDmini.jpg 800w, http:\/\/www.klimatyczestochowy.pl\/wp-content\/uploads\/2015\/09\/058-WKAWORLDmini-300x200.jpg 300w\" sizes=\"auto, (max-width: 800px) 100vw, 800px\" \/><\/a><\/p>\n<p>WITOLD KRASSOWSKI<br \/>\n\u2013 fotograf, z wykszta\u0142cenia j\u0119zykoznawca, dr habilitowany, absolwent Uniwersytetu Warszawskiego i Paryskiej Sorbony, od 30 lat zajmuje si\u0119 reporta\u017cem i fotografi\u0105 spo\u0142eczn\u0105. Publikowa\u0142 w wielu wydawnictwach europejskich. Laureat i juror World Press Photo a tak\u017ce wielu konkurs\u00f3w w Polsce, Wielkiej Brytanii oraz Iranie. Wystawia\u0142 w wielu miastach europejskich. Wyda\u0142 albumy Visages de l\u2019Est, 1991, Powidoki z Polski, 2009 oraz Pie\u015b\u0144 na wyj\u015bcie, 2011. Od 2009r. wyk\u0142adowca na Wydziale Sztuki Medi\u00f3w, Akademii Sztuk Pi\u0119knych w Warszawie.<\/p>\n<p><a href=\"http:\/\/www.klimatyczestochowy.pl\/wp-content\/uploads\/2015\/09\/CZESTOCHOWA3mini.jpg\"><img loading=\"lazy\" decoding=\"async\" class=\"aligncenter size-full wp-image-735\" src=\"http:\/\/www.klimatyczestochowy.pl\/wp-content\/uploads\/2015\/09\/CZESTOCHOWA3mini.jpg\" alt=\"\" width=\"800\" height=\"564\" srcset=\"http:\/\/www.klimatyczestochowy.pl\/wp-content\/uploads\/2015\/09\/CZESTOCHOWA3mini.jpg 800w, http:\/\/www.klimatyczestochowy.pl\/wp-content\/uploads\/2015\/09\/CZESTOCHOWA3mini-300x212.jpg 300w\" sizes=\"auto, (max-width: 800px) 100vw, 800px\" \/><\/a><\/p>\n<p>GRZEGORZ SKOWRONEK<br \/>\n\u2013 cz\u0142onek Zarz\u0105du Fundacji Festiwal Sztuki Fotoreporta\u017cu, Od 22 lat pracuje w cz\u0119stochowskim oddziale Gazety Wyborczej. Od wielu lat szef zespo\u0142u fotoreporter\u00f3w. Ciekawi\u0105 go ludzie i wydarzenia, jako fotograf szuka sytuacji niezwyk\u0142ych, emocji, nieoficjalnych gest\u00f3w. Zawsze pami\u0119taj\u0105cy s\u0142owa starszego kolegi, kt\u00f3ry k\u0142ad\u0142 mu do g\u0142owy, \u017ce nawet banalne zdj\u0119cie dziury w drodze b\u0119dzie w gazecie podpisane jego nazwiskiem.<\/p>\n","protected":false},"excerpt":{"rendered":"<p>22 wrze\u015bnia w Odwachu spotkamy si\u0119 z Witoldem Krassowskim i Grzegorzem Skowronkiem.<\/p>\n","protected":false},"author":2,"featured_media":738,"comment_status":"open","ping_status":"open","sticky":false,"template":"","format":"standard","meta":{"footnotes":""},"categories":[3],"tags":[],"class_list":["post-732","post","type-post","status-publish","format-standard","has-post-thumbnail","hentry","category-foto-1"],"_links":{"self":[{"href":"http:\/\/www.klimatyczestochowy.pl\/index.php?rest_route=\/wp\/v2\/posts\/732","targetHints":{"allow":["GET"]}}],"collection":[{"href":"http:\/\/www.klimatyczestochowy.pl\/index.php?rest_route=\/wp\/v2\/posts"}],"about":[{"href":"http:\/\/www.klimatyczestochowy.pl\/index.php?rest_route=\/wp\/v2\/types\/post"}],"author":[{"embeddable":true,"href":"http:\/\/www.klimatyczestochowy.pl\/index.php?rest_route=\/wp\/v2\/users\/2"}],"replies":[{"embeddable":true,"href":"http:\/\/www.klimatyczestochowy.pl\/index.php?rest_route=%2Fwp%2Fv2%2Fcomments&post=732"}],"version-history":[{"count":2,"href":"http:\/\/www.klimatyczestochowy.pl\/index.php?rest_route=\/wp\/v2\/posts\/732\/revisions"}],"predecessor-version":[{"id":737,"href":"http:\/\/www.klimatyczestochowy.pl\/index.php?rest_route=\/wp\/v2\/posts\/732\/revisions\/737"}],"wp:featuredmedia":[{"embeddable":true,"href":"http:\/\/www.klimatyczestochowy.pl\/index.php?rest_route=\/wp\/v2\/media\/738"}],"wp:attachment":[{"href":"http:\/\/www.klimatyczestochowy.pl\/index.php?rest_route=%2Fwp%2Fv2%2Fmedia&parent=732"}],"wp:term":[{"taxonomy":"category","embeddable":true,"href":"http:\/\/www.klimatyczestochowy.pl\/index.php?rest_route=%2Fwp%2Fv2%2Fcategories&post=732"},{"taxonomy":"post_tag","embeddable":true,"href":"http:\/\/www.klimatyczestochowy.pl\/index.php?rest_route=%2Fwp%2Fv2%2Ftags&post=732"}],"curies":[{"name":"wp","href":"https:\/\/api.w.org\/{rel}","templated":true}]}}