{"id":710,"date":"2015-09-04T09:48:34","date_gmt":"2015-09-04T09:48:34","guid":{"rendered":"http:\/\/www.klimatyczestochowy.pl\/?p=710"},"modified":"2015-09-04T11:49:30","modified_gmt":"2015-09-04T11:49:30","slug":"przedstawiamy-jury-10-edycji-konkursu-klimaty-czestochowy","status":"publish","type":"post","link":"http:\/\/www.klimatyczestochowy.pl\/?p=710","title":{"rendered":"Przedstawiamy Jury 10. edycji konkursu &#8222;Klimaty Cz\u0119stochowy"},"content":{"rendered":"<p>Do 27 wrze\u015bnia przyjmujemy fotografie w 10. konkursie &#8222;Klimaty Cz\u0119stochowy&#8221;. Przedstawiamy Jury, kt\u00f3re b\u0119dzie ocenia\u0107 wasze prace.<!--more--><\/p>\n<p><span style=\"color: #ff6600;\"><strong>Jacenty D\u0119dek<\/strong><\/span> &#8211; fotograf, dokumentalista. Od pi\u0119tnastu lat wsp\u00f3\u0142pracownik polskiej edycji magazynu National Geographic, dla kt\u00f3rego przygotowa\u0142 kilkana\u015bcie autorskich reporta\u017cy. Publikowa\u0142 w Du\u017cym Formacie, Tygodniku Powszechnym, Polityce, Przekroju, Newsweeku, Forbsie, Przegl\u0105dzie, Focusie, Voyage, Podr\u00f3\u017cach, Polska Wita, Kalejdoscope, Wiedzy i \u017byciu, niemieckim Die Zeit, hiszpa\u0144skim Desnivel. Najch\u0119tniej pracuje nad w\u0142asnymi tematami, jednym z nich s\u0105 portrety rodzin, rozpoczynaj\u0105ce si\u0119 cyklem \u201eRodzina po \u015bl\u0105sku\u201d. Najbardziej interesuj\u0105 go rzeczy zwyk\u0142e, dziej\u0105ce si\u0119 na marginesie g\u0142\u00f3wnych wydarze\u0144, ale zawsze bardzo blisko cz\u0142owieka. <span style=\"color: #ff6600;\">www.jacentydedek.pl<\/span><\/p>\n<p><strong><span style=\"color: #ff6600;\">Bartosz Fr\u0105czek<\/span><\/strong> &#8211; studiowa\u0142 w instytucie plastyki WSP w Cz\u0119stochowie, (obecnie Akademia im. Jana D\u0142ugosza). Uzyska\u0142 dyplom z malarstwa z wyr\u00f3\u017cnieniem w pracowni prof. Wincentego Maszkowskiego. Doktorat na wydziale Malarstwa ASP w Krakowie. Jest adiunktem na Wydziale Sztuki AJD w Cz\u0119stochowie. Zosta\u0142 czterokrotnie uhonorowany stypendium prezydenta miasta Cz\u0119stochowy. Otrzyma\u0142 na konkursach malarskich wiele nagr\u00f3d i wyr\u00f3\u017cnie\u0144. Jest pomys\u0142odawca Mi\u0119dzynarodowego Biennale Miniatury. Jego prace znajduj\u0105 si\u0119 w kolekcjach prywatnych w kraju i za granic\u0105. Zajmuje si\u0119 malarstwem, rysunkiem i upowszechnianiem kultury plastycznej. <span style=\"color: #ff6600;\">www.fraczek.art.pl<\/span><\/p>\n<p><strong><span style=\"color: #ff6600;\">Jaros\u0142aw Respondek<\/span><\/strong> &#8211; fotoreporter, student Instytutu Tw\u00f3rczej Fotografii w Opavie. Jego zdj\u0119cia pojawia\u0142y si\u0119 w wielu wydawnictwach prasowych i promocyjnych. Laureat nagr\u00f3d w konkursach fotograficznych: V-tej Ulicznej Bitwie Fotograficznej (Pozna\u0144, lipiec 2010, III nagrody w kategorii \u017cycie codzienne (2014) i \u015brodowisko (2015) w \u201eGrand Press Photo\u201d, II nagroda w kategorii fotografia reporterska w Klimatach Cz\u0119stochowy 2010, laureat programu \u201eDolina Kreatywna\u201d (Warszawa, pa\u017adziernik 2013), II nagroda w konkursie \u201eFotomaraton 2014\u201d, I miejsce w kategorii \u201eFotografia Klimatyczna 2014&#8243; w Klimatach Cz\u0119stochowy za cykl fotografii \u015brednioformatowych \u2013 25 LAT WOLNO\u015aCI, o m\u0142odych ludziach urodzonych w 1989 roku. Wsp\u00f3\u0142pracownik Urz\u0119du Miasta Cz\u0119stochowy (miesi\u0119cznik \u201eJasne, \u017ce Cz\u0119stochowy\u201d, wcze\u015bniej \u201eCo, gdzie, kiedy w Cz\u0119stochowie\u201d). W roku 2012 wsp\u00f3\u0142pracowa\u0142 z Gazet\u0105 Wyborcz\u0105, a od czerwca 2013 jest wsp\u00f3\u0142pracownikiem Agencji Fotograficznej REPORTER. Pracuje tak\u017ce nad indywidualnymi projektami. <span style=\"color: #ff6600;\">www.jarekr.tumblr.com<\/span><\/p>\n<p><strong><span style=\"color: #ff6600;\">Grzegorz Skowronek<\/span><\/strong> &#8211; od 22 lat pracuje w cz\u0119stochowskim oddziale Gazety Wyborczej. Od wielu lat szef zespo\u0142u fotoreporter\u00f3w. Cz\u0142onek Zarz\u0105du Fundacji Festiwal Sztuki Fotoreporta\u017cu. Ciekawi\u0105 go ludzie i wydarzenia, jako fotograf szuka sytuacji niezwyk\u0142ych, emocji, nieoficjalnych gest\u00f3w. Zawsze pami\u0119taj\u0105cy s\u0142owa starszego kolegi, kt\u00f3ry k\u0142ad\u0142 mu do g\u0142owy, \u017ce nawet banalne zdj\u0119cie dziury w drodze b\u0119dzie w gazecie podpisane jego nazwiskiem.<\/p>\n<p><strong><span style=\"color: #ff6600;\">Justyna Warwas<\/span><\/strong> uko\u0144czy\u0142a Edukacj\u0119 Artystyczn\u0105 w Zakresie Sztuk Plastycznych na Wydziale Wychowania Artystycznego Akademii im. Jana D\u0142ugosza w Cz\u0119stochowie, gdzie pracuje od kilku lat. Prowadzi zaj\u0119cia z malarstwa i rysunku. Zajmuje si\u0119 malarstwem, fotografi\u0105 i rysunkiem, umiej\u0119tnie \u0142\u0105cz\u0105c wszystkie dziedziny na jednej p\u0142aszczy\u017anie. Uczestniczy\u0142a w wielu znacz\u0105cych pokazach sztuki, mi\u0119dzy innymi w: XXI, XIII, XIV, XV Festiwalu Sztuki Wysokiej w Bytomiu, The 19 th Da Dun Fine Arts Exhibition of Taichung City Curltural Affaris Bureau, Taichung City Goverment Tajwan 2014. Otrzyma\u0142a dwukrotnie: w 2011, 2012 roku Stypendium Artystyczne Prezydenta Miasta Cz\u0119stochowy. Jej prace by\u0142y prezentowane na indywidualnych wystawach w Liptovskim muzeum Ru\u017comberku w S\u0142owacji i p\u00f3\u017aniej w nowojorskiej galerii Gallery@ 40SO Patchogue NY w Stanach Zjednoczonych. Ostatnia jej osobna ekspozycja zosta\u0142a zorganizowana w Akademickiej Przestrzeni Sztuki w Collegium Humanisticum Wydzia\u0142u Sztuk Pi\u0119knych Uniwersytetu Miko\u0142aja Kopernika w Toruniu.<\/p>\n","protected":false},"excerpt":{"rendered":"<p>Do 27 wrze\u015bnia przyjmujemy fotografie w 10. konkursie &#8222;Klimaty Cz\u0119stochowy&#8221;. Przedstawiamy Jury, kt\u00f3re b\u0119dzie ocenia\u0107 wasze prace.<\/p>\n","protected":false},"author":2,"featured_media":711,"comment_status":"open","ping_status":"open","sticky":false,"template":"","format":"standard","meta":{"footnotes":""},"categories":[3],"tags":[],"class_list":["post-710","post","type-post","status-publish","format-standard","has-post-thumbnail","hentry","category-foto-1"],"_links":{"self":[{"href":"http:\/\/www.klimatyczestochowy.pl\/index.php?rest_route=\/wp\/v2\/posts\/710","targetHints":{"allow":["GET"]}}],"collection":[{"href":"http:\/\/www.klimatyczestochowy.pl\/index.php?rest_route=\/wp\/v2\/posts"}],"about":[{"href":"http:\/\/www.klimatyczestochowy.pl\/index.php?rest_route=\/wp\/v2\/types\/post"}],"author":[{"embeddable":true,"href":"http:\/\/www.klimatyczestochowy.pl\/index.php?rest_route=\/wp\/v2\/users\/2"}],"replies":[{"embeddable":true,"href":"http:\/\/www.klimatyczestochowy.pl\/index.php?rest_route=%2Fwp%2Fv2%2Fcomments&post=710"}],"version-history":[{"count":8,"href":"http:\/\/www.klimatyczestochowy.pl\/index.php?rest_route=\/wp\/v2\/posts\/710\/revisions"}],"predecessor-version":[{"id":722,"href":"http:\/\/www.klimatyczestochowy.pl\/index.php?rest_route=\/wp\/v2\/posts\/710\/revisions\/722"}],"wp:featuredmedia":[{"embeddable":true,"href":"http:\/\/www.klimatyczestochowy.pl\/index.php?rest_route=\/wp\/v2\/media\/711"}],"wp:attachment":[{"href":"http:\/\/www.klimatyczestochowy.pl\/index.php?rest_route=%2Fwp%2Fv2%2Fmedia&parent=710"}],"wp:term":[{"taxonomy":"category","embeddable":true,"href":"http:\/\/www.klimatyczestochowy.pl\/index.php?rest_route=%2Fwp%2Fv2%2Fcategories&post=710"},{"taxonomy":"post_tag","embeddable":true,"href":"http:\/\/www.klimatyczestochowy.pl\/index.php?rest_route=%2Fwp%2Fv2%2Ftags&post=710"}],"curies":[{"name":"wp","href":"https:\/\/api.w.org\/{rel}","templated":true}]}}