{"id":701,"date":"2015-09-03T08:14:20","date_gmt":"2015-09-03T08:14:20","guid":{"rendered":"http:\/\/www.klimatyczestochowy.pl\/?p=701"},"modified":"2015-09-03T08:14:39","modified_gmt":"2015-09-03T08:14:39","slug":"701","status":"publish","type":"post","link":"http:\/\/www.klimatyczestochowy.pl\/?p=701","title":{"rendered":"We wtorek, 8. wrze\u015bnia w Odwachu \u2013 fotografia wojenna Krzysztofa Millera!"},"content":{"rendered":"<p><span class=\"fsl\">Wtorek 8. wrze\u015bnia nie b\u0119dzie oboj\u0119tny dla mi\u0142o\u015bnik\u00f3w fotografii!<\/span><!--more--><\/p>\n<p><span class=\"fsl\"><br \/>\nO godz. 19.00 w cz\u0119stochowskim Odwachu (Al. NMP 45a), w cyklu fotograficznych wtork\u00f3w, w ramach miejskiej akcji \u201eAleje \u2013 tu si\u0119 dzieje\u201d, spotkamy si\u0119 z Krzysztofem Millerem z Warszawy. Z zapartym tchem (tak, jeste\u015bmy pewni, \u017ce tak b\u0119dzie) b\u0119dziemy ogl\u0105da\u0107 Jego fotografie wojenne i rozmawia\u0107 o nich.<br \/>\nOrganizatorem spotka\u0144 jest Wydzia\u0142 Kultury, Promocji i Sportu Urz\u0119du Miasta Cz\u0119stochowy oraz Fundacja Festiwal Sztuki Fotoreporta\u017cu (<a href=\"http:\/\/www.festiwalsztukifotoreportazu.org\/\" target=\"_blank\" rel=\"nofollow nofollow\">www.festiwalsztukifotorepo<wbr \/>rtazu.org<\/a>).<br \/>\nNasze wieczorne spotkania fotograficzne, odbywaj\u0105 si\u0119 we wtorki, zamiennie ze spotkaniami filmowymi. Potrwaj\u0105 do otwarcia wystawy 10. edycji konkursu fotograficznego \u201eKlimaty Cz\u0119st<span class=\"text_exposed_show\">ochowy\u201d. To w\u0142a\u015bnie jubileuszowa edycja konkursu jest pretekstem do zorganizowania wtorkowych spotka\u0144.<br \/>\nWst\u0119p na ka\u017cde spotkanie jest bezp\u0142atny.<br \/>\nZapraszamy serdecznie!<\/span><\/span><\/p>\n<p><span class=\"fsl\"><span class=\"text_exposed_show\"><a href=\"http:\/\/www.klimatyczestochowy.pl\/wp-content\/uploads\/2015\/09\/KRAJ_001.jpg\"><img loading=\"lazy\" decoding=\"async\" class=\"aligncenter size-full wp-image-703\" src=\"http:\/\/www.klimatyczestochowy.pl\/wp-content\/uploads\/2015\/09\/KRAJ_001.jpg\" alt=\"\" width=\"800\" height=\"533\" srcset=\"http:\/\/www.klimatyczestochowy.pl\/wp-content\/uploads\/2015\/09\/KRAJ_001.jpg 800w, http:\/\/www.klimatyczestochowy.pl\/wp-content\/uploads\/2015\/09\/KRAJ_001-300x200.jpg 300w\" sizes=\"auto, (max-width: 800px) 100vw, 800px\" \/><\/a><\/span><\/span><\/p>\n<p><strong>Krzysztof Miller<\/strong> ur. w 1962 roku. Szesnastokrotny mistrz Polski w skokach do wody z trampoliny i wie\u017cy. Od 1989 roku fotoreporter Gazety Wyborczej. Fotografowa\u0142 wojny i przemiany w r\u00f3\u017cnych zak\u0105tkach \u015bwiata. Od Czeczenii po Afganistan. Rozpad Zwi\u0105zku Radzieckiego i powstawanie nowych pa\u0144stw po rozpadzie Jugos\u0142awii. Skutki wojen w Afryce Centralnej, Rwandzie, Burundii, Kongu, Ugandzie. By\u0142 jurorem World Press Photo w 2000 roku. W 2013 opublikowa\u0142 ksi\u0105\u017ck\u0119 13 wojen i jedna. Prawdziwa historia reportera wojennego \u2013 cho\u0107 tak naprawd\u0119 fotografowa\u0142 na podczas znacznie wi\u0119kszej ilo\u015bci dzia\u0142a\u0144 wojennych.<\/p>\n","protected":false},"excerpt":{"rendered":"<p>Wtorek 8. wrze\u015bnia nie b\u0119dzie oboj\u0119tny dla mi\u0142o\u015bnik\u00f3w fotografii!<\/p>\n","protected":false},"author":2,"featured_media":702,"comment_status":"open","ping_status":"open","sticky":false,"template":"","format":"standard","meta":{"footnotes":""},"categories":[3],"tags":[],"class_list":["post-701","post","type-post","status-publish","format-standard","has-post-thumbnail","hentry","category-foto-1"],"_links":{"self":[{"href":"http:\/\/www.klimatyczestochowy.pl\/index.php?rest_route=\/wp\/v2\/posts\/701","targetHints":{"allow":["GET"]}}],"collection":[{"href":"http:\/\/www.klimatyczestochowy.pl\/index.php?rest_route=\/wp\/v2\/posts"}],"about":[{"href":"http:\/\/www.klimatyczestochowy.pl\/index.php?rest_route=\/wp\/v2\/types\/post"}],"author":[{"embeddable":true,"href":"http:\/\/www.klimatyczestochowy.pl\/index.php?rest_route=\/wp\/v2\/users\/2"}],"replies":[{"embeddable":true,"href":"http:\/\/www.klimatyczestochowy.pl\/index.php?rest_route=%2Fwp%2Fv2%2Fcomments&post=701"}],"version-history":[{"count":2,"href":"http:\/\/www.klimatyczestochowy.pl\/index.php?rest_route=\/wp\/v2\/posts\/701\/revisions"}],"predecessor-version":[{"id":705,"href":"http:\/\/www.klimatyczestochowy.pl\/index.php?rest_route=\/wp\/v2\/posts\/701\/revisions\/705"}],"wp:featuredmedia":[{"embeddable":true,"href":"http:\/\/www.klimatyczestochowy.pl\/index.php?rest_route=\/wp\/v2\/media\/702"}],"wp:attachment":[{"href":"http:\/\/www.klimatyczestochowy.pl\/index.php?rest_route=%2Fwp%2Fv2%2Fmedia&parent=701"}],"wp:term":[{"taxonomy":"category","embeddable":true,"href":"http:\/\/www.klimatyczestochowy.pl\/index.php?rest_route=%2Fwp%2Fv2%2Fcategories&post=701"},{"taxonomy":"post_tag","embeddable":true,"href":"http:\/\/www.klimatyczestochowy.pl\/index.php?rest_route=%2Fwp%2Fv2%2Ftags&post=701"}],"curies":[{"name":"wp","href":"https:\/\/api.w.org\/{rel}","templated":true}]}}