{"id":695,"date":"2015-08-11T12:50:40","date_gmt":"2015-08-11T12:50:40","guid":{"rendered":"http:\/\/www.klimatyczestochowy.pl\/?p=695"},"modified":"2015-08-11T12:50:40","modified_gmt":"2015-08-11T12:50:40","slug":"fotograficzny-wtorek-z-wojciechem-prazmowskim-w-odwachu","status":"publish","type":"post","link":"http:\/\/www.klimatyczestochowy.pl\/?p=695","title":{"rendered":"Fotograficzny wtorek z Wojciechem Pra\u017cmowskim w Odwachu"},"content":{"rendered":"<p>Na kolejnym spotkaniu, 11 sierpnia w Odwachu, w ramach miejskiej akcji &#8222;Aleje &#8211; tu si\u0119 dzieje&#8221; poznamy tw\u00f3rczo\u015b\u0107 Wojciecha Pra\u017cmowskiego &#8211; polskiego fotografa, przedstawiciela nurtu fotografii kreacyjnej.<!--more--><\/p>\n<p>Organizatorem spotka\u0144 jest Wydzia\u0142 Kultury, Promocji i Sportu Urz\u0119du Miasta Cz\u0119stochowy oraz Fundacja Festiwal Sztuki Fotoreporta\u017cu (www.festiwalsztukifotoreportazu.org).<\/p>\n<p>Nasze wieczorne spotkania fotograficzne, odbywaj\u0105 si\u0119 we wtorki, zamiennie ze spotkaniami filmowymi. Potrwaj\u0105 do otwarcia wystawy 10. edycji konkursu fotograficznego \u201eKlimaty Cz\u0119stochowy\u201d. To w\u0142a\u015bnie jubileuszowa edycja konkursu jest pretekstem do zorganizowania wtorkowych spotka\u0144.<\/p>\n<p>Wst\u0119p na ka\u017cde spotkanie jest bezp\u0142atny.<\/p>\n<p>Wojciech Pra\u017cmowski<br \/>\nFotograf, urodzony w 1949 w Cz\u0119stochowie.<\/p>\n<p>W latach 1972-74 studiowa\u0142 w \u0160kole Vytvarnej Fotografie w Brnie. Wyk\u0142adowca PWSFTviT w \u0141odzi i Akademii Sztuk Pi\u0119knych w Warszawie, a przed laty tak\u017ce Akademii Sztuk Pi\u0119knych w Poznaniu. Cz\u0142onek ZPAF.<\/p>\n<p>Dzia\u0142alno\u015b\u0107 fotograficzn\u0105 rozpocz\u0105\u0142 w latach 70. Pocz\u0105tki to fotografia metaforyczna, w kt\u00f3rej mo\u017cna by\u0142o wyczu\u0107 motywy konceptualne. Wykonywa\u0142 zlecenia dla Wojew\u00f3dzkiego Konserwatora Zabytk\u00f3w w Cz\u0119stochowie, kt\u00f3re przekracza\u0142y zakres zwyk\u0142ej inwentaryzacji. Prze\u0142omem w jego podej\u015bciu do fotografii okaza\u0142a si\u0119 wystawa &#8222;Pierwsza \u015bwiatowa wystawa zdj\u0119\u0107 zepsutych&#8221; z 1989 roku. Pra\u017cmowski od tego momentu tworzy\u0142 fotografi\u0119, kt\u00f3rej koncepcja wyra\u017ca\u0142a tradycj\u0119 najnowszej historii Polski, jej symboli i mit\u00f3w. W II po\u0142owie lat 90. rozpocz\u0105\u0142 kolejny etap swej tw\u00f3rczo\u015bci polegaj\u0105cy na tworzeniu foto-obiekt\u00f3w, kt\u00f3re mog\u0142y by\u0107 prezentowane jako samoistne dzie\u0142a sztuki lub by\u0107 wykorzystane do wykonania &#8222;fotografii inscenizowanej&#8221;. W ten spos\u00f3b podkre\u015bla\u0142 dwoisto\u015b\u0107 materii fotograficznej. Od samego pocz\u0105tku ch\u0119tnie stosowa\u0142 zabieg fotomonta\u017cu, zmienia\u0142 tak\u017ce obraz pozytywowy, co mia\u0142o sw\u0105 polsk\u0105 tradycj\u0119 w do\u015bwiadczeniach z kr\u0119gu piktorializmu, a tak\u017ce z eksperyment\u00f3w grupy &#8222;Zero 61&#8221;. W 1995 roku rozpocz\u0105\u0142 wykonywanie serii Hommage \u00e0&#8230; po\u015bwieconej wybitnym tw\u00f3rcom XX wieku. W ko\u0144cu lat 90. artysta si\u0119gn\u0105\u0142 do dokumentu fotograficznego, czego podsumowaniem jest ksi\u0105\u017cka Bia\u0142o-czerwono-czarna (1999) opowiadaj\u0105ca we wszechstronny spos\u00f3b o Polsce lat 90. Stosowa\u0142 tak\u017ce<br \/>\nwielkoformatowe kompozycje kolorowe &#8222;Bardzo martwe natury&#8221; o fowistycznym i nowoczesnym rozumieniu koloru, a od pocz\u0105tku XXI wieku stosuje po\u0142\u0105czenie fotografii barwnej z dokumentem fotograficznym (wystawa &#8222;Zarzecze&#8221;), co \u015bwiadczy o tym, \u017ce artysta poszukuje nowych znacze\u0144 tak\u017ce w dokumencie.<\/p>\n<p><a href=\"http:\/\/www.klimatyczestochowy.pl\/wp-content\/uploads\/2015\/08\/prazmowski.jpg\"><img loading=\"lazy\" decoding=\"async\" class=\"aligncenter size-full wp-image-697\" src=\"http:\/\/www.klimatyczestochowy.pl\/wp-content\/uploads\/2015\/08\/prazmowski.jpg\" alt=\"prazmowski\" width=\"784\" height=\"295\" srcset=\"http:\/\/www.klimatyczestochowy.pl\/wp-content\/uploads\/2015\/08\/prazmowski.jpg 784w, http:\/\/www.klimatyczestochowy.pl\/wp-content\/uploads\/2015\/08\/prazmowski-300x113.jpg 300w\" sizes=\"auto, (max-width: 784px) 100vw, 784px\" \/><\/a><\/p>\n<p>Tekst na podstawie notki Krzysztofa Jureckiego, Muzeum Sztuki w \u0141odzi, marzec 2004.<\/p>\n","protected":false},"excerpt":{"rendered":"<p>Na kolejnym spotkaniu, 11 sierpnia w Odwachu, w ramach miejskiej akcji &#8222;Aleje &#8211; tu si\u0119 dzieje&#8221; poznamy tw\u00f3rczo\u015b\u0107 Wojciecha Pra\u017cmowskiego &#8211; polskiego fotografa, przedstawiciela nurtu fotografii kreacyjnej.<\/p>\n","protected":false},"author":2,"featured_media":696,"comment_status":"open","ping_status":"open","sticky":false,"template":"","format":"standard","meta":{"footnotes":""},"categories":[3],"tags":[],"class_list":["post-695","post","type-post","status-publish","format-standard","has-post-thumbnail","hentry","category-foto-1"],"_links":{"self":[{"href":"http:\/\/www.klimatyczestochowy.pl\/index.php?rest_route=\/wp\/v2\/posts\/695","targetHints":{"allow":["GET"]}}],"collection":[{"href":"http:\/\/www.klimatyczestochowy.pl\/index.php?rest_route=\/wp\/v2\/posts"}],"about":[{"href":"http:\/\/www.klimatyczestochowy.pl\/index.php?rest_route=\/wp\/v2\/types\/post"}],"author":[{"embeddable":true,"href":"http:\/\/www.klimatyczestochowy.pl\/index.php?rest_route=\/wp\/v2\/users\/2"}],"replies":[{"embeddable":true,"href":"http:\/\/www.klimatyczestochowy.pl\/index.php?rest_route=%2Fwp%2Fv2%2Fcomments&post=695"}],"version-history":[{"count":1,"href":"http:\/\/www.klimatyczestochowy.pl\/index.php?rest_route=\/wp\/v2\/posts\/695\/revisions"}],"predecessor-version":[{"id":698,"href":"http:\/\/www.klimatyczestochowy.pl\/index.php?rest_route=\/wp\/v2\/posts\/695\/revisions\/698"}],"wp:featuredmedia":[{"embeddable":true,"href":"http:\/\/www.klimatyczestochowy.pl\/index.php?rest_route=\/wp\/v2\/media\/696"}],"wp:attachment":[{"href":"http:\/\/www.klimatyczestochowy.pl\/index.php?rest_route=%2Fwp%2Fv2%2Fmedia&parent=695"}],"wp:term":[{"taxonomy":"category","embeddable":true,"href":"http:\/\/www.klimatyczestochowy.pl\/index.php?rest_route=%2Fwp%2Fv2%2Fcategories&post=695"},{"taxonomy":"post_tag","embeddable":true,"href":"http:\/\/www.klimatyczestochowy.pl\/index.php?rest_route=%2Fwp%2Fv2%2Ftags&post=695"}],"curies":[{"name":"wp","href":"https:\/\/api.w.org\/{rel}","templated":true}]}}