{"id":681,"date":"2015-07-24T07:22:51","date_gmt":"2015-07-24T07:22:51","guid":{"rendered":"http:\/\/www.klimatyczestochowy.pl\/?p=681"},"modified":"2015-07-24T07:22:51","modified_gmt":"2015-07-24T07:22:51","slug":"odwach-pelen-fotografii-architektury-i-krajobrazu","status":"publish","type":"post","link":"http:\/\/www.klimatyczestochowy.pl\/?p=681","title":{"rendered":"ODWACH PE\u0141EN FOTOGRAFII ARCHITEKTURY I KRAJOBRAZU"},"content":{"rendered":"<p>28 lipca o godz. 19.00 w Odwachu, w ramach akcji \u201eAleje \u2013 tu si\u0119 dzieje\u201d, odb\u0119dzie si\u0119 kolejne spotkanie z fotografi\u0105. Tym razem zag\u0142\u0119bimy si\u0119 w fotografi\u0119 architektury i krajobrazu. Naszymi go\u015b\u0107mi b\u0119d\u0105 Juliusz Soko\u0142owski i Tomasz G\u0119bu\u015b. Wst\u0119p na spotkanie jest bezp\u0142atny.<!--more--><\/p>\n<p>Organizatorem spotka\u0144 jest Wydzia\u0142 Kultury, Promocji i Sportu Urz\u0119du Miasta Cz\u0119stochowy oraz Fundacja Festiwal Sztuki Fotoreporta\u017cu (www.festiwalsztukifotoreportazu.org).<\/p>\n<p style=\"text-align: center;\"><a href=\"http:\/\/www.klimatyczestochowy.pl\/wp-content\/uploads\/2015\/07\/zbiorcze1.jpg\"><img loading=\"lazy\" decoding=\"async\" class=\"aligncenter size-full wp-image-686\" src=\"http:\/\/www.klimatyczestochowy.pl\/wp-content\/uploads\/2015\/07\/zbiorcze1.jpg\" alt=\"\" width=\"900\" height=\"400\" srcset=\"http:\/\/www.klimatyczestochowy.pl\/wp-content\/uploads\/2015\/07\/zbiorcze1.jpg 900w, http:\/\/www.klimatyczestochowy.pl\/wp-content\/uploads\/2015\/07\/zbiorcze1-300x133.jpg 300w\" sizes=\"auto, (max-width: 900px) 100vw, 900px\" \/><\/a><em>Zdj\u0119cia: Juliusz Soko\u0142owski<\/em><\/p>\n<p><strong>Juliusz Soko\u0142owski<\/strong><br \/>\nur. 1958 r.<br \/>\nFotograf, wydawca, kurator, nauczyciel, z wykszta\u0142cenia filolog. Specjalizuje si\u0119 od ponad 20 lat w fotografii architektury i przestrzeni (bez przymiotnik\u00f3w), od czasu do czasu fotografuje ludzi otwartych na fotografi\u0119 jako form\u0119 spotkania.<br \/>\nWystawia fotografie swoje i innych. Pomys\u0142odawca i kurator wystawy \u201ePowi\u0119kszenie. Fotografie w czasach zgie\u0142ku\u201d (2002), w ramach kt\u00f3rej fotografia &#8222;rywalizowa\u0142a&#8221; z architektur\u0105 centrum Warszawy (cztery zdj\u0119cia czterech fotograf\u00f3w na czterech \u015bcianach Pa\u0142acu Kultury i Nauki, 1300 metr\u00f3w kwadratowych ka\u017cde). Jedna z jego ksi\u0105\u017cek otrzyma\u0142a tytu\u0142 Najpi\u0119kniejszej Ksi\u0105\u017cki Roku (2004). Przez prawie 20 lat realizowa\u0142\u00a0 ze studentami projekty zwi\u0105zane z miastem. Nie znosi chwilowych m\u00f3d, trendseter\u00f3w i szybkiej pracy.<\/p>\n<p style=\"text-align: center;\"><a href=\"http:\/\/www.klimatyczestochowy.pl\/wp-content\/uploads\/2015\/07\/verysmallGebus03.jpg\"><img loading=\"lazy\" decoding=\"async\" class=\"aligncenter size-full wp-image-688\" src=\"http:\/\/www.klimatyczestochowy.pl\/wp-content\/uploads\/2015\/07\/verysmallGebus03.jpg\" alt=\"\" width=\"398\" height=\"500\" srcset=\"http:\/\/www.klimatyczestochowy.pl\/wp-content\/uploads\/2015\/07\/verysmallGebus03.jpg 398w, http:\/\/www.klimatyczestochowy.pl\/wp-content\/uploads\/2015\/07\/verysmallGebus03-239x300.jpg 239w\" sizes=\"auto, (max-width: 398px) 100vw, 398px\" \/><\/a><em>fot. Tomasz G\u0119bu\u015b<\/em><\/p>\n<p><strong>Tomasz G\u0119bu\u015b<\/strong><br \/>\nur.1967 r.<br \/>\nFotografi\u0105 zajmuje si\u0119 od pocz\u0105tk\u00f3w lat 80-tych.<br \/>\nJako m\u0142ody ch\u0142opiec poszukuj\u0105cy swojego &#8222;miejsca&#8221; na Ziemi, pr\u00f3bowa\u0142 wielu pomys\u0142\u00f3w. Pomys\u0142\u00a0 samorealizacji poprzez fotografi\u0119 wynikn\u0105\u0142 z fascynacji od wczesnych lat dzieci\u0119cych do przyrody i ca\u0142ego jej bogactwa form. W p\u00f3\u017aniejszym etapie fotografowania zdecydowanie wy\u0142oni\u0142a si\u0119 tendencja do zatrzymywania w kadrze uroku pejza\u017cu. Bowiem nader wszystko interesowa\u0142y go lasy, g\u00f3ry, \u017cycie ocean\u00f3w, ni\u017c wielkie, czasem przeludnione metropolie. Ch\u0142on\u0105\u0142 filmy, zdj\u0119cia, ksi\u0105\u017cki o dzikiej przyrodzie. Na pami\u0119\u0107 zna\u0142 map\u0119 \u015bwiata d\u0142ugo przed tym jak poszed\u0142 do szko\u0142y. Zauwa\u017cy\u0142, \u017ce dla niego najwi\u0119ksze cuda s\u0105 tu\u017c przed oczami w\u0142a\u015bnie w pejza\u017cu, kt\u00f3ry go otacza\u0142, tam gzie mieszka\u0142 w dzieci\u0144stwie po\u015br\u00f3d las\u00f3w, \u0142\u0105k i staw\u00f3w. Jest przekonany, \u017ce przyroda potrafi dostarczy\u0107 najpi\u0119kniejszych wra\u017ce\u0144. Oddychamy, patrzymy, czujemy\u2026 to s\u0105 rzeczy dane nam gratis. Wschody i zachody s\u0142o\u0144ca, ciep\u0142o lata i siarczysty mr\u00f3z zimy, wiosenne brz\u0119czenie pszcz\u00f3\u0142, szelest jesieni\u0105 spadaj\u0105cych li\u015bci&#8230;<\/p>\n<p>G\u0119bu\u015b m\u00f3wi <em>&#8211; Fotografia pejza\u017cu to istota \u015bwiat\u0142a. Cz\u0119sto wstaje kiedy jest ciemno i wracam kiedy ju\u017c jest ciemno, poniewa\u017c potrzebuje wczesnego i p\u00f3\u017anego \u015bwiat\u0142a, \u017ceby uzyska\u0107 ten specyficzny rodzaj atmosfery zdj\u0119\u0107 pejza\u017cowych. W tym wszystkim odnalaz\u0142em nieustannie urzekaj\u0105c\u0105 zmian\u0119 w zale\u017cno\u015bci od warunk\u00f3w atmosferycznych, czasami frustruj\u0105c\u0105, ale jednak bardziej inspiruj\u0105c\u0105. <\/em><br \/>\n<em>Ogl\u0105danie tego spektaklu to takie ka\u017cdorazowe \u201eprzebudzenie zmys\u0142\u00f3w\u201d, kt\u00f3rego ide\u0105 by\u0142o by przeniesienie tej fizyczno\u015bci natury, jej tekstury, kolor\u00f3w, ch\u0142odu albo uczucia wilgoci, poczucia przestrzeni i atmosfery\u2026 to bardzo szerokie podej\u015bcie, ale d\u0105\u017c\u0119 do tego, by zbli\u017cy\u0107 si\u0119 emocjonalnie tak blisko jak tylko potrafi\u0119. Przenie\u015b\u0107 do moich zdj\u0119\u0107\u00a0 te idee odczuwania \u015bwiata, kt\u00f3ry nas i ca\u0142\u0105 planet\u0119 utrzymuje przy \u017cyciu przy jednoczesnym karmienia naszego wzroku i umys\u0142u pi\u0119knem, zafundowaniu naszej \u015bwiadomo\u015bci pewnej dawki ekstazy\u2026 <\/em><br \/>\n<em>\u017byjemy na przepi\u0119knej planecie szkoda, \u017ce niestety bardzo j\u0105 niszczymy. <\/em><br \/>\n<em>Przez to bardziej zale\u017cy mi na zwr\u00f3ceniu uwagi, \u017ce dopiero teraz ludzko\u015b\u0107 zaczyna podejmowa\u0107 kroki prowadz\u0105ce do powstrzymania kryzysu \u015brodowiska. In\u017cynierowie i naukowcy proponuj\u0105 rozwi\u0105zania techniczne, ale nie chodzi tylko o nie, najwa\u017cniejsze to rozwi\u0105zania obyczajowe. Musimy uczy\u0107 si\u0119 &#8222;nawyk\u00f3w ekologicznych&#8221;, maj\u0105 one szans\u0119 na utrwalanie si\u0119, pod warunkiem, \u017ce odrzucimy nasze stare systemy zachowa\u0144 i przyzwyczaje\u0144. Trzeba te\u017c budzi\u0107 wra\u017cliwo\u015b\u0107 w rosn\u0105cym pokoleniu tak aby &#8222;gen \u015brodowiskowy&#8221; rozwija\u0142 si\u0119 w spos\u00f3b naturalny, wpisany w oczywisto\u015b\u0107. Globalne rozwi\u0105zanie b\u0119dzie sum\u0105 naszych indywidualnych zachowa\u0144. Trzeba o tym nieustannie przypomina\u0107. Dlatego pisz\u0119 w\u0142a\u015bnie o tym, korzystaj\u0105c z okazji a nie rozpisuj\u0119 si\u0119 o swoich odrealnionych i iluzorycznych osi\u0105gni\u0119ciach, kt\u00f3re zwykle ludzie wypisuj\u0105 o sobie, karmi\u0105c swoje ego. S\u0105 one i tak niczym w por\u00f3wnaniu z tym co osi\u0105gn\u0119li Ci w \u015blady, kt\u00f3rych pod\u0105\u017cam. Planeta Ziemia ma przed sob\u0105 jeszcze par\u0119 miliard\u00f3w lat. Nikt nie wie jednak, przez ile czasu ma przed sob\u0105\u00a0 Cz\u0142owiek &#8211; najbardziej autodestruktywny gatunek w historii tej planety &#8211; to zale\u017cy tylko od nas samych. To jest m\u00f3j cel, pokaza\u0107 to bezcenne pi\u0119kno, by tym samym by\u0107 mo\u017ce uwra\u017cliwi\u0107 innych i ocali\u0107 od destrukcji.<\/em><br \/>\n<em>Jestem fotografem, kt\u00f3ry patrzy na \u015bwiat inaczej, bo po c\u00f3\u017c by\u0142y by mi oczy, kiedy serce mia\u0142bym \u015blepe.<\/em><\/p>\n","protected":false},"excerpt":{"rendered":"<p>28 lipca o godz. 19.00 w Odwachu, w ramach akcji \u201eAleje \u2013 tu si\u0119 dzieje\u201d, odb\u0119dzie si\u0119 kolejne spotkanie z fotografi\u0105. Tym razem zag\u0142\u0119bimy si\u0119 w fotografi\u0119 architektury i krajobrazu. Naszymi go\u015b\u0107mi b\u0119d\u0105 Juliusz Soko\u0142owski i Tomasz G\u0119bu\u015b. Wst\u0119p na spotkanie jest bezp\u0142atny.<\/p>\n","protected":false},"author":2,"featured_media":682,"comment_status":"open","ping_status":"open","sticky":false,"template":"","format":"standard","meta":{"footnotes":""},"categories":[3],"tags":[],"class_list":["post-681","post","type-post","status-publish","format-standard","has-post-thumbnail","hentry","category-foto-1"],"_links":{"self":[{"href":"http:\/\/www.klimatyczestochowy.pl\/index.php?rest_route=\/wp\/v2\/posts\/681","targetHints":{"allow":["GET"]}}],"collection":[{"href":"http:\/\/www.klimatyczestochowy.pl\/index.php?rest_route=\/wp\/v2\/posts"}],"about":[{"href":"http:\/\/www.klimatyczestochowy.pl\/index.php?rest_route=\/wp\/v2\/types\/post"}],"author":[{"embeddable":true,"href":"http:\/\/www.klimatyczestochowy.pl\/index.php?rest_route=\/wp\/v2\/users\/2"}],"replies":[{"embeddable":true,"href":"http:\/\/www.klimatyczestochowy.pl\/index.php?rest_route=%2Fwp%2Fv2%2Fcomments&post=681"}],"version-history":[{"count":2,"href":"http:\/\/www.klimatyczestochowy.pl\/index.php?rest_route=\/wp\/v2\/posts\/681\/revisions"}],"predecessor-version":[{"id":689,"href":"http:\/\/www.klimatyczestochowy.pl\/index.php?rest_route=\/wp\/v2\/posts\/681\/revisions\/689"}],"wp:featuredmedia":[{"embeddable":true,"href":"http:\/\/www.klimatyczestochowy.pl\/index.php?rest_route=\/wp\/v2\/media\/682"}],"wp:attachment":[{"href":"http:\/\/www.klimatyczestochowy.pl\/index.php?rest_route=%2Fwp%2Fv2%2Fmedia&parent=681"}],"wp:term":[{"taxonomy":"category","embeddable":true,"href":"http:\/\/www.klimatyczestochowy.pl\/index.php?rest_route=%2Fwp%2Fv2%2Fcategories&post=681"},{"taxonomy":"post_tag","embeddable":true,"href":"http:\/\/www.klimatyczestochowy.pl\/index.php?rest_route=%2Fwp%2Fv2%2Ftags&post=681"}],"curies":[{"name":"wp","href":"https:\/\/api.w.org\/{rel}","templated":true}]}}