{"id":672,"date":"2015-07-16T11:26:59","date_gmt":"2015-07-16T11:26:59","guid":{"rendered":"http:\/\/www.klimatyczestochowy.pl\/?p=672"},"modified":"2015-07-17T09:54:07","modified_gmt":"2015-07-17T09:54:07","slug":"koncerty-w-obiektywie-czestochowskich-fotoreporterow","status":"publish","type":"post","link":"http:\/\/www.klimatyczestochowy.pl\/?p=672","title":{"rendered":"KONCERTY W OBIEKTYWIE CZ\u0118STOCHOWSKICH FOTOREPORTER\u00d3W"},"content":{"rendered":"<p>We wtorek, 21 lipca o godz. 19.00 w Odwachu kolejne spotkanie z fotografi\u0105. Tym razem zobaczymy zdj\u0119cia koncertowe cz\u0119stochowian. <!--more--><\/p>\n<p style=\"text-align: center;\"><a href=\"http:\/\/www.klimatyczestochowy.pl\/wp-content\/uploads\/2015\/07\/Ela_Siwik.jpg\"><img loading=\"lazy\" decoding=\"async\" class=\"aligncenter size-full wp-image-673\" src=\"http:\/\/www.klimatyczestochowy.pl\/wp-content\/uploads\/2015\/07\/Ela_Siwik.jpg\" alt=\"\" width=\"800\" height=\"600\" srcset=\"http:\/\/www.klimatyczestochowy.pl\/wp-content\/uploads\/2015\/07\/Ela_Siwik.jpg 800w, http:\/\/www.klimatyczestochowy.pl\/wp-content\/uploads\/2015\/07\/Ela_Siwik-300x225.jpg 300w\" sizes=\"auto, (max-width: 800px) 100vw, 800px\" \/><\/a><em>fot. Ela Siwik<\/em><\/p>\n<p>Organizatorem spotka\u0144 jest Wydzia\u0142 Kultury, Promocji i Sportu Urz\u0119du Miasta Cz\u0119stochowy oraz Fundacja Festiwal Sztuki Fotoreporta\u017cu (www.festiwalsztukifotoreportazu.org)<br \/>\nNasze wieczorne spotkania fotograficzne, odbywaj\u0105 si\u0119 we wtorki, zamiennie ze spotkaniami filmowymi. Zako\u0144cz\u0105 si\u0119 wystaw\u0105 10. edycji konkursu fotograficznego \u201eKlimaty Cz\u0119stochowy\u201d. To w\u0142a\u015bnie jubileuszowa edycja konkursu jest pretekstem do zorganizowania wtorkowych spotka\u0144. Na ka\u017cde z nich zapraszamy\u00a0 fotograf\u00f3w odnosz\u0105cych sukcesy w Polsce i na \u015bwiecie, oraz naszych rodzimych, cz\u0119stochowskich. Ka\u017cde z nich dotyczy innej dziedziny fotografii, od portretu, przez fotoreporta\u017c, fotografie z podr\u00f3\u017cy, solarigrafie, dokument po fotografi\u0119 promocyjn\u0105 miast i region\u00f3w\u2026 Spotkania, wzbogacone o pokazy zdj\u0119\u0107 zach\u0119caj\u0105 do dyskusji mi\u0119dzy fotografuj\u0105cymi, a tak\u017ce prowokuj\u0105 odbiorc\u00f3w do czynnego udzia\u0142u.<\/p>\n<p style=\"text-align: center;\"><a href=\"http:\/\/www.klimatyczestochowy.pl\/wp-content\/uploads\/2015\/07\/Jaroslaw-Respondek.jpg\"><img loading=\"lazy\" decoding=\"async\" class=\"aligncenter size-full wp-image-674\" src=\"http:\/\/www.klimatyczestochowy.pl\/wp-content\/uploads\/2015\/07\/Jaroslaw-Respondek.jpg\" alt=\"\" width=\"800\" height=\"533\" srcset=\"http:\/\/www.klimatyczestochowy.pl\/wp-content\/uploads\/2015\/07\/Jaroslaw-Respondek.jpg 800w, http:\/\/www.klimatyczestochowy.pl\/wp-content\/uploads\/2015\/07\/Jaroslaw-Respondek-300x200.jpg 300w\" sizes=\"auto, (max-width: 800px) 100vw, 800px\" \/><\/a><em>fot. Jaros\u0142aw Respondek<\/em><\/p>\n<p>Po interesuj\u0105cych spotkaniach z fotografi\u0105 m.in. Tomasza Tomaszewskiego, Renaty D\u0105browskiej czy Damiana Chrobaka w siedzibie Wydzia\u0142u Kultury, Promocji i Sportu Urz\u0119du Miasta Cz\u0119stochowy zaprezentuje swoje zdj\u0119cia 19 autor\u00f3w:<br \/>\nSebastian Adamus<br \/>\nDariusz Baranowski<br \/>\nZbigniew Burda<br \/>\nJarek Duma\u0144ski<br \/>\n\u0141ukasz Kolewi\u0144ski<br \/>\nPiotr Kras<br \/>\nRados\u0142aw Majer<br \/>\nZbyszek Milka<br \/>\nMarcin Opa\u0142czy\u0144ski<br \/>\nKornel Or\u0142owski<br \/>\nLeszek Pilichowski<br \/>\nJarek Respondek<br \/>\nMagdalena Rysi\u0144ska<br \/>\nEl\u017cbieta Siwik<br \/>\nGrzesiek Skowronek<br \/>\nMaciek Skowronek<br \/>\nMarcin Szp\u0105drowski<br \/>\nJacek \u015aliwczy\u0144ski<br \/>\nAneta Zalejska<\/p>\n<p style=\"text-align: center;\"><a href=\"http:\/\/www.klimatyczestochowy.pl\/wp-content\/uploads\/2015\/07\/Zbigniew-Burda.jpg\"><img loading=\"lazy\" decoding=\"async\" class=\"aligncenter size-full wp-image-675\" src=\"http:\/\/www.klimatyczestochowy.pl\/wp-content\/uploads\/2015\/07\/Zbigniew-Burda.jpg\" alt=\"\" width=\"800\" height=\"509\" srcset=\"http:\/\/www.klimatyczestochowy.pl\/wp-content\/uploads\/2015\/07\/Zbigniew-Burda.jpg 800w, http:\/\/www.klimatyczestochowy.pl\/wp-content\/uploads\/2015\/07\/Zbigniew-Burda-300x191.jpg 300w\" sizes=\"auto, (max-width: 800px) 100vw, 800px\" \/><\/a><em>fot. Zbigniew Burda<\/em><\/p>\n<p>Fotograficzny slideshow b\u0119dzie na \u017cywo zilustrowany muzyk\u0105 Krzysztofa Nied\u017awieckiego.<br \/>\nWst\u0119p na wydarzenie jest wolny.<\/p>\n","protected":false},"excerpt":{"rendered":"<p>We wtorek, 21 lipca o godz. 19.00 w Odwachu kolejne spotkanie z fotografi\u0105. Tym razem zobaczymy zdj\u0119cia koncertowe cz\u0119stochowian.<\/p>\n","protected":false},"author":2,"featured_media":677,"comment_status":"open","ping_status":"open","sticky":false,"template":"","format":"standard","meta":{"footnotes":""},"categories":[3],"tags":[],"class_list":["post-672","post","type-post","status-publish","format-standard","has-post-thumbnail","hentry","category-foto-1"],"_links":{"self":[{"href":"http:\/\/www.klimatyczestochowy.pl\/index.php?rest_route=\/wp\/v2\/posts\/672","targetHints":{"allow":["GET"]}}],"collection":[{"href":"http:\/\/www.klimatyczestochowy.pl\/index.php?rest_route=\/wp\/v2\/posts"}],"about":[{"href":"http:\/\/www.klimatyczestochowy.pl\/index.php?rest_route=\/wp\/v2\/types\/post"}],"author":[{"embeddable":true,"href":"http:\/\/www.klimatyczestochowy.pl\/index.php?rest_route=\/wp\/v2\/users\/2"}],"replies":[{"embeddable":true,"href":"http:\/\/www.klimatyczestochowy.pl\/index.php?rest_route=%2Fwp%2Fv2%2Fcomments&post=672"}],"version-history":[{"count":2,"href":"http:\/\/www.klimatyczestochowy.pl\/index.php?rest_route=\/wp\/v2\/posts\/672\/revisions"}],"predecessor-version":[{"id":678,"href":"http:\/\/www.klimatyczestochowy.pl\/index.php?rest_route=\/wp\/v2\/posts\/672\/revisions\/678"}],"wp:featuredmedia":[{"embeddable":true,"href":"http:\/\/www.klimatyczestochowy.pl\/index.php?rest_route=\/wp\/v2\/media\/677"}],"wp:attachment":[{"href":"http:\/\/www.klimatyczestochowy.pl\/index.php?rest_route=%2Fwp%2Fv2%2Fmedia&parent=672"}],"wp:term":[{"taxonomy":"category","embeddable":true,"href":"http:\/\/www.klimatyczestochowy.pl\/index.php?rest_route=%2Fwp%2Fv2%2Fcategories&post=672"},{"taxonomy":"post_tag","embeddable":true,"href":"http:\/\/www.klimatyczestochowy.pl\/index.php?rest_route=%2Fwp%2Fv2%2Ftags&post=672"}],"curies":[{"name":"wp","href":"https:\/\/api.w.org\/{rel}","templated":true}]}}