{"id":668,"date":"2015-06-29T09:50:14","date_gmt":"2015-06-29T09:50:14","guid":{"rendered":"http:\/\/www.klimatyczestochowy.pl\/?p=668"},"modified":"2015-08-11T12:46:45","modified_gmt":"2015-08-11T12:46:45","slug":"oglaszamy-10-edycje-konkursu-fotograficznego-klimaty-czestochowy","status":"publish","type":"post","link":"http:\/\/www.klimatyczestochowy.pl\/?p=668","title":{"rendered":"Og\u0142aszamy 10. edycj\u0119 konkursu fotograficznego &#8222;Klimaty Cz\u0119stochowy&#8221;"},"content":{"rendered":"<p>Zapraszamy do udzia\u0142u w jubileuszowej edycji konkursu fotograficznego &#8222;Klimaty Cz\u0119stochowy&#8221;.<!--more-->Za nami 10 lat konkursu, kt\u00f3ry ilustruje niepowtarzalny klimat naszego miasta. Tegoroczna edycja konkursu jest szczeg\u00f3lna. Od maja do otwarcia wystawy pokonkursowej, kt\u00f3ra odb\u0119dzie si\u0119 13 listopada 2015 roku, towarzysz\u0105 nam spotkania z fotografami o renomie og\u00f3lnopolskiej. Podczas fotograficznych wtork\u00f3w w Odwachu dotychczas odwiedzili nas: Renata D\u0105browska, Tomasz Tomaszewski, Damian Chrobak, Marek Jasi\u0144ski. Mogli\u015bmy pos\u0142ucha\u0107 o fotografii ulicznej, solarigrafii, fotografii promuj\u0105cej miasta i regiony, portrecie&#8230; Kolejne fotograficzne wtorki b\u0119d\u0105 r\u00f3wnie interesuj\u0105ce jak poprzednie. 21 lipca spotkamy si\u0119 z cz\u0119stochowsk\u0105 fotografi\u0105 koncertow\u0105, 28 lipca poznamy autor\u00f3w zdj\u0119\u0107 architektury i krajobrazu &#8211; Juliusza Soko\u0142owskiego i Tomasza G\u0119busia.<br \/>\nKa\u017cde spotkanie przybli\u017ca nam spos\u00f3b pracy zaproszonych fotograf\u00f3w. Mo\u017cemy dowiedzie\u0107 si\u0119 jak sprawi\u0107, by nasze zdj\u0119cia by\u0142y wyj\u0105tkowe i wykorzysta\u0107 zdobyt\u0105 wiedz\u0119 podczas wyboru zdj\u0119\u0107, kt\u00f3re planujemy zg\u0142osi\u0107 w &#8222;Klimatach&#8221;.<\/p>\n<p>Zatem zapraszamy do udzia\u0142u w naszych fotograficznych spotkaniach w Odwachu oraz 10. edycji &#8222;Klimat\u00f3w Cz\u0119stochowy&#8221;. \u0141\u0105czna pula nagr\u00f3d to 7000 z\u0142! Jest o co walczy\u0107.<\/p>\n<p>W tegorocznej edycji konkursu fotografie przyjmujemy od 5 sierpnia do 27 wrze\u015bnia 2015 r.<\/p>\n<p>&nbsp;<\/p>\n","protected":false},"excerpt":{"rendered":"<p>Zapraszamy do udzia\u0142u w jubileuszowej edycji konkursu fotograficznego &#8222;Klimaty Cz\u0119stochowy&#8221;.<\/p>\n","protected":false},"author":2,"featured_media":669,"comment_status":"open","ping_status":"open","sticky":false,"template":"","format":"standard","meta":{"footnotes":""},"categories":[3],"tags":[],"class_list":["post-668","post","type-post","status-publish","format-standard","has-post-thumbnail","hentry","category-foto-1"],"_links":{"self":[{"href":"http:\/\/www.klimatyczestochowy.pl\/index.php?rest_route=\/wp\/v2\/posts\/668","targetHints":{"allow":["GET"]}}],"collection":[{"href":"http:\/\/www.klimatyczestochowy.pl\/index.php?rest_route=\/wp\/v2\/posts"}],"about":[{"href":"http:\/\/www.klimatyczestochowy.pl\/index.php?rest_route=\/wp\/v2\/types\/post"}],"author":[{"embeddable":true,"href":"http:\/\/www.klimatyczestochowy.pl\/index.php?rest_route=\/wp\/v2\/users\/2"}],"replies":[{"embeddable":true,"href":"http:\/\/www.klimatyczestochowy.pl\/index.php?rest_route=%2Fwp%2Fv2%2Fcomments&post=668"}],"version-history":[{"count":2,"href":"http:\/\/www.klimatyczestochowy.pl\/index.php?rest_route=\/wp\/v2\/posts\/668\/revisions"}],"predecessor-version":[{"id":694,"href":"http:\/\/www.klimatyczestochowy.pl\/index.php?rest_route=\/wp\/v2\/posts\/668\/revisions\/694"}],"wp:featuredmedia":[{"embeddable":true,"href":"http:\/\/www.klimatyczestochowy.pl\/index.php?rest_route=\/wp\/v2\/media\/669"}],"wp:attachment":[{"href":"http:\/\/www.klimatyczestochowy.pl\/index.php?rest_route=%2Fwp%2Fv2%2Fmedia&parent=668"}],"wp:term":[{"taxonomy":"category","embeddable":true,"href":"http:\/\/www.klimatyczestochowy.pl\/index.php?rest_route=%2Fwp%2Fv2%2Fcategories&post=668"},{"taxonomy":"post_tag","embeddable":true,"href":"http:\/\/www.klimatyczestochowy.pl\/index.php?rest_route=%2Fwp%2Fv2%2Ftags&post=668"}],"curies":[{"name":"wp","href":"https:\/\/api.w.org\/{rel}","templated":true}]}}