{"id":653,"date":"2015-06-18T08:33:10","date_gmt":"2015-06-18T08:33:10","guid":{"rendered":"http:\/\/www.klimatyczestochowy.pl\/?p=653"},"modified":"2015-06-18T09:50:47","modified_gmt":"2015-06-18T09:50:47","slug":"fotograficzny-wtorek-100-renat-dabrowskich-mokry-kolodion-romana-i-portrety-we-r-you-aldony-kmiec","status":"publish","type":"post","link":"http:\/\/www.klimatyczestochowy.pl\/?p=653","title":{"rendered":"Fotograficzny wtorek: 100 Renat D\u0105browskich, mokry kolodion Paw\u0142a Romana i portrety &#8222;WE R You&#8221; Aldony Kmie\u0107"},"content":{"rendered":"<p>23 czerwca w Odwachu o godz. 19.00 odwiedz\u0105 nas Renata D\u0105browska, Pawe\u0142 Roman i Aldona Kmie\u0107, a g\u0142\u00f3wnym tematem naszego spotkania b\u0119dzie portret.<br \/>\n<!--more-->Czwarte spotkanie z fotografi\u0105 odb\u0119dzie si\u0119 w ramach akcji &#8222;Aleje &#8211; tu si\u0119 dzieje&#8221;. Wst\u0119p wolny.<\/p>\n<p><a href=\"http:\/\/www.klimatyczestochowy.pl\/wp-content\/uploads\/2015\/06\/Renata-D\u0105browska1.jpg\"><img loading=\"lazy\" decoding=\"async\" class=\"aligncenter size-medium wp-image-655\" src=\"http:\/\/www.klimatyczestochowy.pl\/wp-content\/uploads\/2015\/06\/Renata-D\u0105browska1-300x201.jpg\" alt=\"Fotografie Renaty D\u0105browskiej z projektu &quot;Ja, Renata D\u0105browska.\u00ad 100 Portret\u00f3w&quot;.\" width=\"300\" height=\"201\" srcset=\"http:\/\/www.klimatyczestochowy.pl\/wp-content\/uploads\/2015\/06\/Renata-D\u0105browska1-300x201.jpg 300w, http:\/\/www.klimatyczestochowy.pl\/wp-content\/uploads\/2015\/06\/Renata-D\u0105browska1-1024x686.jpg 1024w, http:\/\/www.klimatyczestochowy.pl\/wp-content\/uploads\/2015\/06\/Renata-D\u0105browska1.jpg 1137w\" sizes=\"auto, (max-width: 300px) 100vw, 300px\" \/><\/a><br \/>\nRenata D\u0105browska (ur. 1983 w Toruniu), mieszka w Gda\u0144sku. Absolwentka Pa\u0144stwowej Wy\u017cszej Szko\u0142y Filmowej, Telewizyjnej i Teatralnej w \u0141odzi (dyplom z wyr\u00f3\u017cnieniem). Wielokrotna laureatka polskich konkurs\u00f3w fotografii prasowej. Od 2005 roku wsp\u00f3\u0142pracuje z tr\u00f3jmiejskim oddzia\u0142em \u201cGazety Wyborczej\u201d. Inne publikacje: \u201eDu\u017cy Format\u201d, \u201eWysokie Obcasy\u201d, \u201eNewsweek Polska\u201d, \u201ePolityka\u201d, \u201eWprost\u201d, \u201eTygodnik Powszechny\u201d, \u201eGazeta Polska\u201d, \u201ePress\u201d, \u201eDziecko\u201d, \u201eFood Service\u201d, \u201eBenefit\u201d. Na swoim koncie ma te\u017c wiele wystaw fotograficznych, indywidualnych i zbiorowych. Laureatka Stypendium Marsza\u0142ka Wojew\u00f3dztwa Pomorskiego dla Tw\u00f3rc\u00f3w Kultury na rok 2012, oraz Stypendium Kulturalnego Miasta Gda\u0144ska 2012 r.<br \/>\nNa spotkaniu w Odwachu D\u0105browska opowie nam o swoim projekcie fotograficznym zamkni\u0119tym w albumie pt. &#8222;Ja, Renata D\u0105browska.\u00ad 100 Portret\u00f3w&#8221;.<br \/>\n&#8211; W 2009 roku wpad\u0142am na pomys\u0142, by odnale\u017a\u0107 i sportretowa\u0107 kobiety, kt\u00f3re nazywaj\u0105 si\u0119 tak samo jak ja. Pomys\u0142 na poz\u00f3r prosty, by\u0142 nies\u0142ychanie trudny do zrealizowania, wymagaj\u0105cy d\u0142ugich poszukiwa\u0144, dobrej logistyki, tysi\u0119cy telefon\u00f3w, maili, rozm\u00f3w, nerw\u00f3w i \u0142ez, sporego samozaparcia, si\u0142y perswazji, licznych podr\u00f3\u017cy (ponad 25 tysi\u0119cy przejechanych kilometr\u00f3w) i du\u017cych nak\u0142ad\u00f3w finansowych, oczywi\u015bcie te\u017c czasu (prawie 3 lata). Pewnie dlatego realizacja projektu przynios\u0142a mi wiele satysfakcji &#8211; m\u00f3wi D\u0105browska.<\/p>\n<p><a href=\"http:\/\/www.klimatyczestochowy.pl\/wp-content\/uploads\/2015\/06\/roman.jpg\"><img loading=\"lazy\" decoding=\"async\" class=\"aligncenter size-medium wp-image-657\" src=\"http:\/\/www.klimatyczestochowy.pl\/wp-content\/uploads\/2015\/06\/roman-300x230.jpg\" alt=\"Autoportret Paw\u0142a Romana\" width=\"300\" height=\"230\" srcset=\"http:\/\/www.klimatyczestochowy.pl\/wp-content\/uploads\/2015\/06\/roman-300x230.jpg 300w, http:\/\/www.klimatyczestochowy.pl\/wp-content\/uploads\/2015\/06\/roman.jpg 800w\" sizes=\"auto, (max-width: 300px) 100vw, 300px\" \/><\/a><br \/>\nPawe\u0142 Roman (ur 1984 w Cz\u0119stochowie), nieszablonowy fotograf, w 2011 roku zainspirowany pracami Joni Sternbach &#8211; Surfland postanowi\u0142 wcieli\u0107 w \u017cycie sw\u00f3j nowy plan &#8211; tworzenie ambrotyp\u00f3w technik\u0105 mokrego kolodionu. Rok p\u00f3\u017aniej sta\u0142 si\u0119 szcz\u0119\u015bliwym posiadaczem swojego pierwszego drewnianego aparatu, zniszczonego, ale za to mieszcz\u0105cego si\u0119 w skromnym bud\u017cecie. Po jego odrestaurowaniu zacz\u0105\u0142 zag\u0142\u0119bia\u0107 si\u0119 w tajniki warsztatu kolodionowego. Od roku aktywnie fotografuje w tej technice przygotowuj\u0105c si\u0119 do swojej pierwszej indywidualnej wystawy.<br \/>\nProces kolodionowy, zwany tak\u017ce mokr\u0105 p\u0142yt\u0105 to technika fotograficzna polegaj\u0105ca na na\u015bwietleniu w aparacie szklanej p\u0142yty pokrytej warstw\u0105 kolodionu zawieraj\u0105cego substancj\u0119 \u015bwiat\u0142oczu\u0142\u0105 (jodkiem srebra), w wyniku czego powstawa\u0142 na niej negatywowy obraz. Z niego nast\u0119pnie wykonywano odbitki na papierze. Technika ta by\u0142a stosowana na szerok\u0105 skal\u0119 od lat 50. do pocz\u0105tku 80. XIX w.<\/p>\n<p><a href=\"http:\/\/www.klimatyczestochowy.pl\/wp-content\/uploads\/2015\/06\/WE-R-You-PasteUp-Photo-Project_Aldona-Kmiec-Portrait-Photography-Ballarat-Melbourne-61.jpg\"><img loading=\"lazy\" decoding=\"async\" class=\"aligncenter size-medium wp-image-656\" src=\"http:\/\/www.klimatyczestochowy.pl\/wp-content\/uploads\/2015\/06\/WE-R-You-PasteUp-Photo-Project_Aldona-Kmiec-Portrait-Photography-Ballarat-Melbourne-61-300x225.jpg\" alt=\"Projekt &quot;WE R You&quot; Aldony Kmie\u0107\" width=\"300\" height=\"225\" srcset=\"http:\/\/www.klimatyczestochowy.pl\/wp-content\/uploads\/2015\/06\/WE-R-You-PasteUp-Photo-Project_Aldona-Kmiec-Portrait-Photography-Ballarat-Melbourne-61-300x225.jpg 300w, http:\/\/www.klimatyczestochowy.pl\/wp-content\/uploads\/2015\/06\/WE-R-You-PasteUp-Photo-Project_Aldona-Kmiec-Portrait-Photography-Ballarat-Melbourne-61.jpg 800w\" sizes=\"auto, (max-width: 300px) 100vw, 300px\" \/><\/a><br \/>\nAldona Kmie\u0107, urodzi\u0142a si\u0119 w 1977 w Blachowni, uczy\u0142a si\u0119 w Cz\u0119stochowie. Mieszka na sta\u0142e w Australii. Aldona poczu\u0142a potrzeb\u0119 uwolnienia si\u0119 ze znajomego spo\u0142ecze\u0144stwa, utartych zwyczaj\u00f3w i nauczy\u0107 pojmowania \u015bwiata w innym miejscu. St\u0105d wzi\u0119\u0142o si\u0119 podr\u00f3\u017cowanie i fotografowanie.<br \/>\nPo chwili sp\u0119dzonej w Warszawie Aldona wyjecha\u0142a do Londynu w 2004 i osiedli\u0142a si\u0119 tam na ponad 5 lat. W 2008 r w trakcie studi\u00f3w fotograficznych na Metropolitan University zdoby\u0142a g\u0142\u00f3wna nagrod\u0119 fotograficzn\u0105. Postanowi\u0142a wyjecha\u0107 do Australii. B\u0119d\u0105c na miejscu, po\u015bwi\u0119ci\u0142a si\u0119 fotografii portretowej, ulicznej i problemom socjalnym. Od 2010 r jest zwiazana z Mi\u0119dzynarodowych Festiwalem Fotografii w Ballarat &#8211; Ballarat International Foto Biennale, a od roku 2012 jest aktywistk\u0105 w kr\u0119gach artystycznych i Wielokultorowym Ambasadorem miasta Ballarat gdzie zajmuje si\u0119 problemami imigrant\u00f3w w Australii.<br \/>\nPoprzez fotografi\u0119 mo\u017cna dostrzec prawdziwy \u015bwiat i tym Aldona kieruje si\u0119 w swojej pracy. Swoje zdj\u0119cia pokazywa\u0142a na wystawach grupowych i indywidualnych w Europie i Australii.<br \/>\nJej fotografi\u0119 cechuje wra\u017cliwo\u015b\u0107, ciekawo\u015b\u0107, umiej\u0119tno\u015b\u0107 przenikania do ludzkich serc i nostalgia za Polska.<br \/>\nW projekcie ulicznych murali &#8222;WE R You&#8221;, kt\u00f3re Aldona poka\u017ce w Odwachu, pojawi\u0142y si\u0119 portrety ludzi zrobione na ulicy. Projektowi towarzyszy\u0142y warsztaty fotograficzne. Projekt uczuli\u0142 mieszka\u0144c\u00f3w Ballarat na wielokulturowo\u015b\u0107 miasta. Dziesi\u0105tki kontrastowych, bia\u0142o-czarnych plakat\u00f3w ludzkich twarzy przyklejonych na budynkach w mie\u015bcie, mia\u0142y ogromny wp\u0142yw na zwi\u0119kszenie zainteresowania tym co dzieje si\u0119 w mie\u015bcie. Poruszy\u0142y te\u017c problem rasizmu i warto\u015b\u0107 ekspresji w sztuce ulicznej.<\/p>\n","protected":false},"excerpt":{"rendered":"<p>23 czerwca w Odwachu o godz. 19.00 odwiedz\u0105 nas Renata D\u0105browska, Pawe\u0142 Roman i Aldona Kmie\u0107, a g\u0142\u00f3wnym tematem naszego spotkania b\u0119dzie portret.<\/p>\n","protected":false},"author":2,"featured_media":659,"comment_status":"open","ping_status":"open","sticky":false,"template":"","format":"standard","meta":{"footnotes":""},"categories":[3],"tags":[],"class_list":["post-653","post","type-post","status-publish","format-standard","has-post-thumbnail","hentry","category-foto-1"],"_links":{"self":[{"href":"http:\/\/www.klimatyczestochowy.pl\/index.php?rest_route=\/wp\/v2\/posts\/653","targetHints":{"allow":["GET"]}}],"collection":[{"href":"http:\/\/www.klimatyczestochowy.pl\/index.php?rest_route=\/wp\/v2\/posts"}],"about":[{"href":"http:\/\/www.klimatyczestochowy.pl\/index.php?rest_route=\/wp\/v2\/types\/post"}],"author":[{"embeddable":true,"href":"http:\/\/www.klimatyczestochowy.pl\/index.php?rest_route=\/wp\/v2\/users\/2"}],"replies":[{"embeddable":true,"href":"http:\/\/www.klimatyczestochowy.pl\/index.php?rest_route=%2Fwp%2Fv2%2Fcomments&post=653"}],"version-history":[{"count":5,"href":"http:\/\/www.klimatyczestochowy.pl\/index.php?rest_route=\/wp\/v2\/posts\/653\/revisions"}],"predecessor-version":[{"id":663,"href":"http:\/\/www.klimatyczestochowy.pl\/index.php?rest_route=\/wp\/v2\/posts\/653\/revisions\/663"}],"wp:featuredmedia":[{"embeddable":true,"href":"http:\/\/www.klimatyczestochowy.pl\/index.php?rest_route=\/wp\/v2\/media\/659"}],"wp:attachment":[{"href":"http:\/\/www.klimatyczestochowy.pl\/index.php?rest_route=%2Fwp%2Fv2%2Fmedia&parent=653"}],"wp:term":[{"taxonomy":"category","embeddable":true,"href":"http:\/\/www.klimatyczestochowy.pl\/index.php?rest_route=%2Fwp%2Fv2%2Fcategories&post=653"},{"taxonomy":"post_tag","embeddable":true,"href":"http:\/\/www.klimatyczestochowy.pl\/index.php?rest_route=%2Fwp%2Fv2%2Ftags&post=653"}],"curies":[{"name":"wp","href":"https:\/\/api.w.org\/{rel}","templated":true}]}}