{"id":647,"date":"2015-06-03T08:10:08","date_gmt":"2015-06-03T08:10:08","guid":{"rendered":"http:\/\/www.klimatyczestochowy.pl\/?p=647"},"modified":"2015-06-03T08:10:40","modified_gmt":"2015-06-03T08:10:40","slug":"647","status":"publish","type":"post","link":"http:\/\/www.klimatyczestochowy.pl\/?p=647","title":{"rendered":"Spotkanie z Tomaszem Tomaszewskim w Odwachu"},"content":{"rendered":"<p>9 czerwca, o godz. 19.00 w Odwachu odb\u0119dzie si\u0119 spotkanie z fotografem Tomaszem Tomaszewskim w ramach projektu \u201eAleje &#8211; tu si\u0119 dzieje\u201d.<!--more--><\/p>\n<p>Organizatorem spotka\u0144 jest Wydzia\u0142 Kultury, Promocji i Sportu Urz\u0119du Miasta Cz\u0119stochowy oraz Fundacja Festiwal Sztuki Fotoreporta\u017cu (www.festiwalsztukifotoreportazu.org).<\/p>\n<p><a href=\"http:\/\/www.klimatyczestochowy.pl\/wp-content\/uploads\/2015\/06\/fot-Tomasz-Tomaszewski.jpg\"><img loading=\"lazy\" decoding=\"async\" class=\"aligncenter size-full wp-image-649\" src=\"http:\/\/www.klimatyczestochowy.pl\/wp-content\/uploads\/2015\/06\/fot-Tomasz-Tomaszewski.jpg\" alt=\"fot. Tomasz Tomaszewski\" width=\"709\" height=\"473\" srcset=\"http:\/\/www.klimatyczestochowy.pl\/wp-content\/uploads\/2015\/06\/fot-Tomasz-Tomaszewski.jpg 709w, http:\/\/www.klimatyczestochowy.pl\/wp-content\/uploads\/2015\/06\/fot-Tomasz-Tomaszewski-300x200.jpg 300w\" sizes=\"auto, (max-width: 709px) 100vw, 709px\" \/><\/a><\/p>\n<p>Nasze wieczorne spotkania fotograficzne, odbywaj\u0105 si\u0119 we wtorki, zamiennie ze spotkaniami filmowymi. Potrwaj\u0105 do otwarcia wystawy 10. edycji konkursu fotograficznego \u201eKlimaty Cz\u0119stochowy\u201d. To w\u0142a\u015bnie jubileuszowa edycja konkursu jest pretekstem do zorganizowania wtorkowych spotka\u0144. Na ka\u017cde z nich zapraszamy fotograf\u00f3w odnosz\u0105cych sukcesy w Polsce i na \u015bwiecie, oraz naszych cz\u0119stochowskich. Ka\u017cde ze spotka\u0144 dotyczy innej dziedziny fotografii, od portretu, przez fotoreporta\u017c, fotografie z podr\u00f3\u017cy, solarigrafie, dokument po fotografi\u0119 promocyjn\u0105 miast i region\u00f3w&#8230; Mamy nadziej\u0119, \u017ce takie spotkania, wzbogacone o pokazy zdj\u0119\u0107 zach\u0119c\u0105 do dyskusji mi\u0119dzy fotografuj\u0105cymi, a tak\u017ce sprowokuj\u0105 odbiorc\u00f3w do czynnego udzia\u0142u.<\/p>\n<p>Wst\u0119p na ka\u017cde spotkanie jest bezp\u0142atny.<\/p>\n<p>9 czerwca odwiedzi nas Tomasz Tomaszewski, opowie o fotografii promocyjnej miast i region\u00f3w. Spotkanie z fotografem podparte b\u0119dzie pokazem zdj\u0119\u0107.<\/p>\n<p>Tomasz Tomaszewski posiada tytu\u0142 Doktora na wydziale Sztuka Medi\u00f3w, Akademii Sztuk Pi\u0119knych w Warszawie. Cz\u0142onek Zwi\u0105zku Polskich Artyst\u00f3w Fotografik\u00f3w, agencji Visum Archiv w Hamburgu, agencji Image Collection w Waszyngtonie oraz American Society of Magazine Photographers. Zajmuje si\u0119 fotografi\u0105 prasow\u0105, publikowa\u0142 swoje zdj\u0119cia zar\u00f3wno w najwa\u017cniejszych pismach polskich jak i w najwi\u0119kszych magazynach zagranicznych, mi\u0119dzy innymi: Stern, Paris Match, GEO, New York Times, Time, Fortune, Vogue, Die Zeit, Elle. Wyda\u0142 kilka ksi\u0105\u017cek autorskich: OSTATNI &#8211; Wsp\u00f3\u0142cze\u015bni \u017bydzi Polscy (tekst Ma\u0142gorzata Niezabitowska), W poszukiwaniu Ameryki (tekst Ma\u0142gorzata Niezabitowska), Cyganie Polscy (tekst Jerzy Ficowski), W Centrum, Niezwyk\u0142a Hiszpania, Rzut Beretem, Zapewnia Si\u0119 Atmosfer\u0119 \u017byczliwo\u015bci, oraz ilustrowa\u0142 swoimi pracami kilkana\u015bcie prac zbiorowych. Autor wielu wystaw indywidualnych w USA, Kanadzie, Wielkiej Brytanii, Izraelu, Japonii, Holandii, W\u0142oszech, Irlandii, Niemczech, Polsce i na Madagaskarze. Laureat polskich oraz mi\u0119dzynarodowych nagr\u00f3d fotograficznych. Od dwudziestu lat wsp\u00f3\u0142pracuje z magazynem National Geographic, w kt\u00f3rym opublikowa\u0142 18. esej\u00f3w fotograficznych, a od roku 1999 jest g\u0142\u00f3wnym konsultantem jego polskiej edycji. Uczy fotografii w Polsce, USA, Niemczech i we W\u0142oszech.<\/p>\n","protected":false},"excerpt":{"rendered":"<p>9 czerwca, o godz. 19.00 w Odwachu odb\u0119dzie si\u0119 spotkanie z fotografem Tomaszem Tomaszewskim w ramach projektu \u201eAleje &#8211; tu si\u0119 dzieje\u201d.<\/p>\n","protected":false},"author":2,"featured_media":648,"comment_status":"open","ping_status":"open","sticky":false,"template":"","format":"standard","meta":{"footnotes":""},"categories":[3],"tags":[],"class_list":["post-647","post","type-post","status-publish","format-standard","has-post-thumbnail","hentry","category-foto-1"],"_links":{"self":[{"href":"http:\/\/www.klimatyczestochowy.pl\/index.php?rest_route=\/wp\/v2\/posts\/647","targetHints":{"allow":["GET"]}}],"collection":[{"href":"http:\/\/www.klimatyczestochowy.pl\/index.php?rest_route=\/wp\/v2\/posts"}],"about":[{"href":"http:\/\/www.klimatyczestochowy.pl\/index.php?rest_route=\/wp\/v2\/types\/post"}],"author":[{"embeddable":true,"href":"http:\/\/www.klimatyczestochowy.pl\/index.php?rest_route=\/wp\/v2\/users\/2"}],"replies":[{"embeddable":true,"href":"http:\/\/www.klimatyczestochowy.pl\/index.php?rest_route=%2Fwp%2Fv2%2Fcomments&post=647"}],"version-history":[{"count":2,"href":"http:\/\/www.klimatyczestochowy.pl\/index.php?rest_route=\/wp\/v2\/posts\/647\/revisions"}],"predecessor-version":[{"id":651,"href":"http:\/\/www.klimatyczestochowy.pl\/index.php?rest_route=\/wp\/v2\/posts\/647\/revisions\/651"}],"wp:featuredmedia":[{"embeddable":true,"href":"http:\/\/www.klimatyczestochowy.pl\/index.php?rest_route=\/wp\/v2\/media\/648"}],"wp:attachment":[{"href":"http:\/\/www.klimatyczestochowy.pl\/index.php?rest_route=%2Fwp%2Fv2%2Fmedia&parent=647"}],"wp:term":[{"taxonomy":"category","embeddable":true,"href":"http:\/\/www.klimatyczestochowy.pl\/index.php?rest_route=%2Fwp%2Fv2%2Fcategories&post=647"},{"taxonomy":"post_tag","embeddable":true,"href":"http:\/\/www.klimatyczestochowy.pl\/index.php?rest_route=%2Fwp%2Fv2%2Ftags&post=647"}],"curies":[{"name":"wp","href":"https:\/\/api.w.org\/{rel}","templated":true}]}}