{"id":629,"date":"2015-05-13T07:00:08","date_gmt":"2015-05-13T07:00:08","guid":{"rendered":"http:\/\/www.klimatyczestochowy.pl\/?p=629"},"modified":"2015-05-13T11:40:15","modified_gmt":"2015-05-13T11:40:15","slug":"fotograficzny-wtorek-z-solarigrafia","status":"publish","type":"post","link":"http:\/\/www.klimatyczestochowy.pl\/?p=629","title":{"rendered":"Fotograficzny wtorek z solarigrafi\u0105 + warsztaty"},"content":{"rendered":"<p>We wtorek, 19 maja, tym razem wcze\u015bniej, bo ju\u017c o godz. 18.00 w Odwachu (Aleja Naj\u015bwi\u0119tszej Maryi Panny 45a) odb\u0119dzie si\u0119 drugie spotkanie z fotografi\u0105 w ramach projektu \u201eAleje &#8211; tu si\u0119 dzieje\u201d. Podczas spotkania odb\u0119d\u0105 si\u0119 <strong>miniwarsztaty prowadzone przez zaproszonych fotograf\u00f3w.<\/strong><!--more--><\/p>\n<p>Organizatorem spotka\u0144 jest Wydzia\u0142 Kultury, Promocji i Sportu Urz\u0119du Miasta Cz\u0119stochowy oraz Fundacja Festiwal Sztuki Fotoreporta\u017cu.<\/p>\n<p>Nasze wieczorne spotkania fotograficzne, odbywaj\u0105 si\u0119 we wtorki, zamiennie ze spotkaniami filmowymi. Potrwaj\u0105 do pa\u017adziernika a ich fina\u0142em b\u0119dzie 10. edycja konkursu fotograficznego \u201eKlimaty Cz\u0119stochowy\u201d. To w\u0142a\u015bnie jubileuszowa edycja konkursu jest pretekstem do wtorkowych spotka\u0144. Na ka\u017cde z nich zaprosimy fotograf\u00f3w odnosz\u0105cych sukcesy w Polsce i na \u015bwiecie, oraz naszych rodzimych, cz\u0119stochowskich, dzia\u0142aj\u0105cych w tych samych dziedzinach fotograficznych.<\/p>\n<p><strong>Wst\u0119p<\/strong> na ka\u017cde spotkanie jest<strong> bezp\u0142atny.<\/strong><\/p>\n<p>&nbsp;<\/p>\n<p>&nbsp;<\/p>\n<p><a href=\"http:\/\/www.klimatyczestochowy.pl\/wp-content\/uploads\/2015\/05\/010_lubi_plaza_parasole_full.jpg\"><img loading=\"lazy\" decoding=\"async\" class=\"wp-image-630 aligncenter\" src=\"http:\/\/www.klimatyczestochowy.pl\/wp-content\/uploads\/2015\/05\/010_lubi_plaza_parasole_full-300x300.jpg\" alt=\"Solarigrafia Marka Jasi\u0144skiego\" width=\"400\" height=\"400\" srcset=\"http:\/\/www.klimatyczestochowy.pl\/wp-content\/uploads\/2015\/05\/010_lubi_plaza_parasole_full-300x300.jpg 300w, http:\/\/www.klimatyczestochowy.pl\/wp-content\/uploads\/2015\/05\/010_lubi_plaza_parasole_full-150x150.jpg 150w, http:\/\/www.klimatyczestochowy.pl\/wp-content\/uploads\/2015\/05\/010_lubi_plaza_parasole_full.jpg 900w\" sizes=\"auto, (max-width: 400px) 100vw, 400px\" \/><\/a><\/p>\n<p style=\"text-align: center;\">Solarigrafia Marka Jasi\u0144skiego<\/p>\n<p>&nbsp;<\/p>\n<p>Drugie z naszych spotka\u0144 b\u0119dzie kr\u0119ci\u0142o si\u0119 wok\u00f3\u0142 solarigrafii. O tej niezmiernie ciekawej technice negatywowej opowiedz\u0105 nam<strong> Marek Jasi\u0144ski i Piotr Kras.<\/strong><\/p>\n<p>Solarigrafia to gatunek fotografii, kt\u00f3ry pozwala nam stworzy\u0107 bardzo efektowne kadry wykorzystuj\u0105c do tego puszki, pude\u0142ka i oczywi\u015bcie negatyw, z kt\u00f3rych tworzy si\u0119 aparaty otworkowe. Amatorzy solarigrafii najcz\u0119\u015bciej fotografuj\u0105 w\u0119dr\u00f3wk\u0119 s\u0142o\u0144ca po niebosk\u0142onie, a czas na\u015bwietlania materia\u0142u \u015bwiat\u0142oczu\u0142ego mo\u017ce potrwa\u0107 nawet kilka miesi\u0119cy.<\/p>\n<p>Nasze spotkanie z fotografi\u0105 przybli\u017cy nam t\u0119 technik\u0119, zaproszeni go\u015bcie opowiedz\u0105 o tym co pasjonuje ich w solarigrafii. <strong>Zaraz po pokazie zdj\u0119\u0107 odb\u0119d\u0105 si\u0119 kr\u00f3tkie warsztaty solarigraficzne. Pod okiem Marka Jasi\u0144skiego i Piotra Krasa wykonamy w\u0142asne aparaty otworkowe.<\/strong> Ilo\u015b\u0107 zg\u0142osze\u0144 ograniczona, decyduje ich kolejno\u015b\u0107. Szczeg\u00f3\u0142y naboru &#8211; na plakacie poni\u017cej.<\/p>\n<p><a href=\"http:\/\/www.klimatyczestochowy.pl\/wp-content\/uploads\/2015\/05\/PLAKAT_SOLARIGRAFIA.jpg\"><img loading=\"lazy\" decoding=\"async\" class=\"aligncenter wp-image-638\" src=\"http:\/\/www.klimatyczestochowy.pl\/wp-content\/uploads\/2015\/05\/PLAKAT_SOLARIGRAFIA-741x1024.jpg\" alt=\"\" width=\"400\" height=\"553\" srcset=\"http:\/\/www.klimatyczestochowy.pl\/wp-content\/uploads\/2015\/05\/PLAKAT_SOLARIGRAFIA-741x1024.jpg 741w, http:\/\/www.klimatyczestochowy.pl\/wp-content\/uploads\/2015\/05\/PLAKAT_SOLARIGRAFIA-217x300.jpg 217w, http:\/\/www.klimatyczestochowy.pl\/wp-content\/uploads\/2015\/05\/PLAKAT_SOLARIGRAFIA.jpg 800w\" sizes=\"auto, (max-width: 400px) 100vw, 400px\" \/><\/a><\/p>\n<p><strong>Marek Jasi\u0144ski<\/strong> &#8211; fotografi\u0105 klasyczn\u0105 zajmuje si\u0119 od 30 lat, od 6 lat po\u015bwi\u0119ci\u0142 si\u0119 praktycznie zupe\u0142nie solarigrafii. Swoje prace prezentowa\u0142 na wystawach zar\u00f3wno zbiorowych jak i indywidualnych. Wyr\u00f3\u017cniany w konkursach tematycznych, gdzie solarigrafie by\u0142y alternatywn\u0105 technik\u0105 fotograficzn\u0105. Od kilku lat zajmuje si\u0119 popularyzacj\u0105 solarigrafii a tak\u017ce prowadzi warsztaty wprowadzaj\u0105ce w tajniki tej techniki. Wraz z grup\u0105 os\u00f3b skupionych wok\u00f3\u0142<strong> www.solarigrafia.pl<\/strong> corocznie wydaje kalendarze i poczt\u00f3wki. Solarigrafi\u0119 traktuje jako odskoczni\u0119 od wszechobecnego po\u015bpiechu i cyfryzacji, a tak\u017ce narz\u0119dzie pozwalaj\u0105ce rejestrowa\u0107 zmiany zachodz\u0105ce w otoczeniu oraz obserwowa\u0107 procesy niedostrzegalne w &#8222;normalnej&#8221; skali czasu.<\/p>\n<p><strong>Piotr Kras<\/strong> to nasz cz\u0119stochowski fotograf paraj\u0105cy si\u0119 g\u0142\u00f3wnie fotografi\u0105 dokumentaln\u0105. Jest jednym z nielicznych w Cz\u0119stochowie, kt\u00f3ry mo\u017ce sporo na temat solarigrafii powiedzie\u0107. Piotr lubi obdarowywa\u0107 aparatami otworkowymi swoich przyjaci\u00f3\u0142, namawiaj\u0105c ich do zabawy z t\u0105 niezwyk\u0142\u0105 technik\u0105.<\/p>\n","protected":false},"excerpt":{"rendered":"<p>We wtorek, 19 maja, tym razem wcze\u015bniej, bo ju\u017c o godz. 18.00 w Odwachu (Aleja Naj\u015bwi\u0119tszej Maryi Panny 45a) odb\u0119dzie si\u0119 drugie spotkanie z fotografi\u0105 w ramach projektu \u201eAleje &#8211; tu si\u0119 dzieje\u201d. Podczas spotkania odb\u0119d\u0105 si\u0119 miniwarsztaty prowadzone przez zaproszonych fotograf\u00f3w.<\/p>\n","protected":false},"author":2,"featured_media":632,"comment_status":"open","ping_status":"open","sticky":false,"template":"","format":"standard","meta":{"footnotes":""},"categories":[3],"tags":[],"class_list":["post-629","post","type-post","status-publish","format-standard","has-post-thumbnail","hentry","category-foto-1"],"_links":{"self":[{"href":"http:\/\/www.klimatyczestochowy.pl\/index.php?rest_route=\/wp\/v2\/posts\/629","targetHints":{"allow":["GET"]}}],"collection":[{"href":"http:\/\/www.klimatyczestochowy.pl\/index.php?rest_route=\/wp\/v2\/posts"}],"about":[{"href":"http:\/\/www.klimatyczestochowy.pl\/index.php?rest_route=\/wp\/v2\/types\/post"}],"author":[{"embeddable":true,"href":"http:\/\/www.klimatyczestochowy.pl\/index.php?rest_route=\/wp\/v2\/users\/2"}],"replies":[{"embeddable":true,"href":"http:\/\/www.klimatyczestochowy.pl\/index.php?rest_route=%2Fwp%2Fv2%2Fcomments&post=629"}],"version-history":[{"count":11,"href":"http:\/\/www.klimatyczestochowy.pl\/index.php?rest_route=\/wp\/v2\/posts\/629\/revisions"}],"predecessor-version":[{"id":643,"href":"http:\/\/www.klimatyczestochowy.pl\/index.php?rest_route=\/wp\/v2\/posts\/629\/revisions\/643"}],"wp:featuredmedia":[{"embeddable":true,"href":"http:\/\/www.klimatyczestochowy.pl\/index.php?rest_route=\/wp\/v2\/media\/632"}],"wp:attachment":[{"href":"http:\/\/www.klimatyczestochowy.pl\/index.php?rest_route=%2Fwp%2Fv2%2Fmedia&parent=629"}],"wp:term":[{"taxonomy":"category","embeddable":true,"href":"http:\/\/www.klimatyczestochowy.pl\/index.php?rest_route=%2Fwp%2Fv2%2Fcategories&post=629"},{"taxonomy":"post_tag","embeddable":true,"href":"http:\/\/www.klimatyczestochowy.pl\/index.php?rest_route=%2Fwp%2Fv2%2Ftags&post=629"}],"curies":[{"name":"wp","href":"https:\/\/api.w.org\/{rel}","templated":true}]}}