{"id":623,"date":"2015-05-08T06:22:07","date_gmt":"2015-05-08T06:22:07","guid":{"rendered":"http:\/\/www.klimatyczestochowy.pl\/?p=623"},"modified":"2020-10-30T10:19:38","modified_gmt":"2020-10-30T10:19:38","slug":"623","status":"publish","type":"post","link":"http:\/\/www.klimatyczestochowy.pl\/?p=623","title":{"rendered":"Fotografia uliczna &#8211; spotkamy si\u0119 z Damianem Chrobakiem i Kamilem Pawlikiem."},"content":{"rendered":"<p>We wtorek, 12 maja, o godz. 19.00 w Odwachu (Aleja Naj\u015bwi\u0119tszej Maryi Panny 45a) odb\u0119dzie si\u0119 pierwsze spotkanie z fotografi\u0105 w ramach projektu \u201eAleje &#8211; tu si\u0119 dzieje\u201d.<!--more--><\/p>\n<p>Organizatorem spotka\u0144 jest Wydzia\u0142 Kultury, Promocji i Sportu Urz\u0119du Miasta Cz\u0119stochowy oraz Fundacja Festiwal Sztuki Fotoreporta\u017cu (www.festiwalsztukifotoreportazu.org)<\/p>\n<p>Nasze wieczorne spotkania fotograficzne, odbywa\u0107 si\u0119 b\u0119d\u0105 we wtorki, zamiennie ze spotkaniami filmowymi. Poci\u0105gniemy je do otwarcia wystawy 10. edycji konkursu fotograficznego \u201eKlimaty Cz\u0119stochowy\u201d. To w\u0142a\u015bnie jubileuszowa edycja konkursu jest pretekstem do zorganizowania wtorkowych spotka\u0144. Na ka\u017cde z nich zaprosimy fotograf\u00f3w odnosz\u0105cych sukcesy w Polsce i na \u015bwiecie, oraz naszych rodzimych, cz\u0119stochowskich, dzia\u0142aj\u0105cych w tych samych dziedzinach fotograficznych. Ka\u017cde z nich b\u0119dzie dotyczy\u0142o innej dziedziny fotografii, od portretu, przez fotoreporta\u017c, fotografie z podr\u00f3\u017cy, solarigrafie, dokument po fotografi\u0119 promocyjn\u0105 miast i region\u00f3w&#8230; Mamy nadziej\u0119, \u017ce takie spotkania, wzbogacone o pokazy zdj\u0119\u0107 zach\u0119c\u0105 do dyskusji mi\u0119dzy fotografuj\u0105cymi, a tak\u017ce sprowokuj\u0105 odbiorc\u00f3w do czynnego udzia\u0142u.<\/p>\n<p>Wst\u0119p na ka\u017cde spotkanie jest bezp\u0142atny.<\/p>\n<p>Na pierwszy ogie\u0144 idzie fotografia uliczna. Spotkamy si\u0119 z Damianem Chrobakiem i Kamilem Pawlikiem.<\/p>\n<figure id=\"attachment_625\" aria-describedby=\"caption-attachment-625\" style=\"width: 800px\" class=\"wp-caption aligncenter\"><a href=\"http:\/\/www.klimatyczestochowy.pl\/wp-content\/uploads\/2015\/05\/Damian-Chrobak1.jpg\"><img loading=\"lazy\" decoding=\"async\" class=\"size-full wp-image-625\" src=\"http:\/\/www.klimatyczestochowy.pl\/wp-content\/uploads\/2015\/05\/Damian-Chrobak1.jpg\" alt=\"Fotografia Damiana Chrobaka\" width=\"800\" height=\"533\" srcset=\"http:\/\/www.klimatyczestochowy.pl\/wp-content\/uploads\/2015\/05\/Damian-Chrobak1.jpg 800w, http:\/\/www.klimatyczestochowy.pl\/wp-content\/uploads\/2015\/05\/Damian-Chrobak1-300x200.jpg 300w\" sizes=\"auto, (max-width: 800px) 100vw, 800px\" \/><\/a><figcaption id=\"caption-attachment-625\" class=\"wp-caption-text\">Fotografia Damiana Chrobaka<\/figcaption><\/figure>\n<p>Damian Chrobak, urodzi\u0142 si\u0119 w 1977 w Jastrz\u0119biu Zdroju. Fotografi\u0105 zainteresowa\u0142 si\u0119 w 2003 roku, rozpocz\u0105\u0142 wtedy nauk\u0119 na Akademii Fotografii w Warszawie. Po pierwszym roku opu\u015bci\u0142 szko\u0142\u0119 chc\u0105c szuka\u0107 w\u0142asnego g\u0142osu w fotografii. Wyjecha\u0142 do Londynu, gdzie uko\u0144czy\u0142 kurs Black &amp; White Photography na University of the Arts London. Street Photography i fotografia dokumentalna jest gatunkiem fotografii kt\u00f3ry upodoba\u0142 sobie najbardziej. Swoje zdj\u0119cia pokazywa\u0142 na wystawach grupowych i indywidualnych w Polsce i Europie. Od 2010 jest cz\u0142onekiem ZPAFu gdzie prowadzi warsztaty z fotografii ulicznej. Jest tak\u017ce pomys\u0142odawca i zalo\u017cycielem grupy fotograficznej un-posed.<br \/>\nJego fotografi\u0119 uliczn\u0105 cechuje ogromna wra\u017cliwo\u015b\u0107 estetyczna oraz psychologiczna i socjologiczna przenikliwo\u015b\u0107. Fotograf wy\u0142awia z otaczaj\u0105cego go biegu zdarze\u0144 momenty pozornie nieistotne i odkrywa ich szczeg\u00f3lne znaczenie. Najwa\u017cniejsza dla niego w fotografii jest g\u0142\u0119boko humanitarna refleksja nad charakterem tak jednostki jak i spo\u0142ecznych mas. Rejestruje codzienno\u015b\u0107, kt\u00f3ra, jak twierdzi \u201eotacza nas przez wi\u0119kszo\u015b\u0107 czasu, tymczasem ledwie j\u0105 zauwa\u017camy\u201c. Dowodzi, \u017ce tzw. zwyk\u0142e, nieznacz\u0105ce momenty w \u017cyciu bardzo cz\u0119sto posiadaj\u0105 swoje ukryte znaczenie, s\u0105 interesuj\u0105ce, zabawne, groteskowe czy wiekopomne. Przechadzaj\u0105c si\u0119 po ulicach XXI-wiecznego miasta, stara si\u0119 uchwyci\u0107 na kliszy co\u015b ponadczasowego, jak\u0105\u015b odwieczn\u0105 prawd\u0119 o cz\u0142owieku, prawd\u0119 kt\u00f3ra nie uleg\u0142a zmianie na przestrzeni setek, tysi\u0119cy lat.<\/p>\n<figure id=\"attachment_626\" aria-describedby=\"caption-attachment-626\" style=\"width: 800px\" class=\"wp-caption aligncenter\"><a href=\"http:\/\/www.klimatyczestochowy.pl\/wp-content\/uploads\/2015\/05\/Kamil-Pawlik.jpg\"><img loading=\"lazy\" decoding=\"async\" class=\"size-full wp-image-626\" src=\"http:\/\/www.klimatyczestochowy.pl\/wp-content\/uploads\/2015\/05\/Kamil-Pawlik.jpg\" alt=\"Fotografia Kamila Pawlika\" width=\"800\" height=\"548\" srcset=\"http:\/\/www.klimatyczestochowy.pl\/wp-content\/uploads\/2015\/05\/Kamil-Pawlik.jpg 800w, http:\/\/www.klimatyczestochowy.pl\/wp-content\/uploads\/2015\/05\/Kamil-Pawlik-300x206.jpg 300w\" sizes=\"auto, (max-width: 800px) 100vw, 800px\" \/><\/a><figcaption id=\"caption-attachment-626\" class=\"wp-caption-text\">Fotografia Kamila Pawlika<\/figcaption><\/figure>\n<p>Kamil Pawlik (Karmazyniello) ur. 1983.<br \/>\nZdj\u0119cia robi od 2008 roku, mieszka w Cz\u0119stochowie. Street photo to gatunek kt\u00f3ry przenika wszystko to co w fotografii go interesuje, od portretu poprzez reporta\u017c, na krajobrazie ko\u0144cz\u0105c.<br \/>\nOd 2010 do 2013 roku prowadzi\u0142 k\u00f3\u0142ko fotograficzne \u201eOgrodowa 24\u201d przy Fundacji \u015aw. Barnaby w Cz\u0119stochowie sk\u0105d jedna z wychowanek Karolina Miechowska (lat 13) ju\u017c odnosi pierwsze sukcesy zdobywaj\u0105c nagrody i stypendia.<br \/>\nOd 2013 roku jest nauczycielem fotografii w Fototechniku w ZS Prus w Cz\u0119stochowie. Co roku organizuje r\u00f3wnie\u017c cykl warsztat\u00f3w ze street photo i fotografii analogowej oraz technik obr\u00f3bki w ciemni.<\/p>\n","protected":false},"excerpt":{"rendered":"<p>We wtorek, 12 maja, o godz. 19.00 w Odwachu (Aleja Naj\u015bwi\u0119tszej Maryi Panny 45a) odb\u0119dzie si\u0119 pierwsze spotkanie z fotografi\u0105 w ramach projektu \u201eAleje &#8211; tu si\u0119 dzieje\u201d.<\/p>\n","protected":false},"author":2,"featured_media":627,"comment_status":"open","ping_status":"open","sticky":false,"template":"","format":"standard","meta":{"footnotes":""},"categories":[3],"tags":[],"class_list":["post-623","post","type-post","status-publish","format-standard","has-post-thumbnail","hentry","category-foto-1"],"_links":{"self":[{"href":"http:\/\/www.klimatyczestochowy.pl\/index.php?rest_route=\/wp\/v2\/posts\/623","targetHints":{"allow":["GET"]}}],"collection":[{"href":"http:\/\/www.klimatyczestochowy.pl\/index.php?rest_route=\/wp\/v2\/posts"}],"about":[{"href":"http:\/\/www.klimatyczestochowy.pl\/index.php?rest_route=\/wp\/v2\/types\/post"}],"author":[{"embeddable":true,"href":"http:\/\/www.klimatyczestochowy.pl\/index.php?rest_route=\/wp\/v2\/users\/2"}],"replies":[{"embeddable":true,"href":"http:\/\/www.klimatyczestochowy.pl\/index.php?rest_route=%2Fwp%2Fv2%2Fcomments&post=623"}],"version-history":[{"count":2,"href":"http:\/\/www.klimatyczestochowy.pl\/index.php?rest_route=\/wp\/v2\/posts\/623\/revisions"}],"predecessor-version":[{"id":1153,"href":"http:\/\/www.klimatyczestochowy.pl\/index.php?rest_route=\/wp\/v2\/posts\/623\/revisions\/1153"}],"wp:featuredmedia":[{"embeddable":true,"href":"http:\/\/www.klimatyczestochowy.pl\/index.php?rest_route=\/wp\/v2\/media\/627"}],"wp:attachment":[{"href":"http:\/\/www.klimatyczestochowy.pl\/index.php?rest_route=%2Fwp%2Fv2%2Fmedia&parent=623"}],"wp:term":[{"taxonomy":"category","embeddable":true,"href":"http:\/\/www.klimatyczestochowy.pl\/index.php?rest_route=%2Fwp%2Fv2%2Fcategories&post=623"},{"taxonomy":"post_tag","embeddable":true,"href":"http:\/\/www.klimatyczestochowy.pl\/index.php?rest_route=%2Fwp%2Fv2%2Ftags&post=623"}],"curies":[{"name":"wp","href":"https:\/\/api.w.org\/{rel}","templated":true}]}}