{"id":616,"date":"2015-04-16T08:18:22","date_gmt":"2015-04-16T08:18:22","guid":{"rendered":"http:\/\/www.klimatyczestochowy.pl\/?p=616"},"modified":"2015-04-16T08:22:40","modified_gmt":"2015-04-16T08:22:40","slug":"poznamy-zwyciezcow-konkursu-cyberfoto-2015","status":"publish","type":"post","link":"http:\/\/www.klimatyczestochowy.pl\/?p=616","title":{"rendered":"Poznamy zwyci\u0119zc\u00f3w konkursu Cyberfoto 2015"},"content":{"rendered":"<p>Ju\u017c w ten pi\u0105tek (17 kwietnia) o godz. 18.00 odb\u0119dzie si\u0119 otwarcie pokonkursowej wystawy Cyberfoto 2015.<!--more--><\/p>\n<p>Wystawa b\u0119dzie mia\u0142a miejsce w Regionalnym O\u015brodku Kultury przy ul. Ogi\u0144skiego 13a w Cz\u0119stochowie. To ju\u017c 18. edycja Mi\u0119dzynarodowego Konkursu Fotografii Cyfrowej Cyberfoto 2015. Konkurs ma na celu prezentacj\u0119 mo\u017cliwo\u015bci kreacji obrazu fotograficznego poprzez zastosowanie komputera i wsp\u00f3\u0142czesnych technik obrazowania.<\/p>\n<p>Wystawie b\u0119dzie towarzyszy\u0142 wyk\u0142ad Krzysztofa Jureckiego &#8222;Problematyka \u015bmierci fotografii artystycznej w XXI wieku&#8221;.<\/p>\n<p><a href=\"http:\/\/www.klimatyczestochowy.pl\/wp-content\/uploads\/2015\/04\/cyberfotozaproszenie.jpg\"><img loading=\"lazy\" decoding=\"async\" class=\"aligncenter  wp-image-617\" src=\"http:\/\/www.klimatyczestochowy.pl\/wp-content\/uploads\/2015\/04\/cyberfotozaproszenie-1024x457.jpg\" alt=\"\" width=\"633\" height=\"300\" \/><\/a><\/p>\n","protected":false},"excerpt":{"rendered":"<p>Ju\u017c w ten pi\u0105tek (17 kwietnia) o godz. 18.00 odb\u0119dzie si\u0119 otwarcie pokonkursowej wystawy Cyberfoto 2015.<\/p>\n","protected":false},"author":2,"featured_media":618,"comment_status":"open","ping_status":"open","sticky":false,"template":"","format":"standard","meta":{"footnotes":""},"categories":[3],"tags":[],"class_list":["post-616","post","type-post","status-publish","format-standard","has-post-thumbnail","hentry","category-foto-1"],"_links":{"self":[{"href":"http:\/\/www.klimatyczestochowy.pl\/index.php?rest_route=\/wp\/v2\/posts\/616","targetHints":{"allow":["GET"]}}],"collection":[{"href":"http:\/\/www.klimatyczestochowy.pl\/index.php?rest_route=\/wp\/v2\/posts"}],"about":[{"href":"http:\/\/www.klimatyczestochowy.pl\/index.php?rest_route=\/wp\/v2\/types\/post"}],"author":[{"embeddable":true,"href":"http:\/\/www.klimatyczestochowy.pl\/index.php?rest_route=\/wp\/v2\/users\/2"}],"replies":[{"embeddable":true,"href":"http:\/\/www.klimatyczestochowy.pl\/index.php?rest_route=%2Fwp%2Fv2%2Fcomments&post=616"}],"version-history":[{"count":2,"href":"http:\/\/www.klimatyczestochowy.pl\/index.php?rest_route=\/wp\/v2\/posts\/616\/revisions"}],"predecessor-version":[{"id":620,"href":"http:\/\/www.klimatyczestochowy.pl\/index.php?rest_route=\/wp\/v2\/posts\/616\/revisions\/620"}],"wp:featuredmedia":[{"embeddable":true,"href":"http:\/\/www.klimatyczestochowy.pl\/index.php?rest_route=\/wp\/v2\/media\/618"}],"wp:attachment":[{"href":"http:\/\/www.klimatyczestochowy.pl\/index.php?rest_route=%2Fwp%2Fv2%2Fmedia&parent=616"}],"wp:term":[{"taxonomy":"category","embeddable":true,"href":"http:\/\/www.klimatyczestochowy.pl\/index.php?rest_route=%2Fwp%2Fv2%2Fcategories&post=616"},{"taxonomy":"post_tag","embeddable":true,"href":"http:\/\/www.klimatyczestochowy.pl\/index.php?rest_route=%2Fwp%2Fv2%2Ftags&post=616"}],"curies":[{"name":"wp","href":"https:\/\/api.w.org\/{rel}","templated":true}]}}