{"id":609,"date":"2015-03-09T10:10:49","date_gmt":"2015-03-09T10:10:49","guid":{"rendered":"http:\/\/www.klimatyczestochowy.pl\/?p=609"},"modified":"2015-03-09T10:15:54","modified_gmt":"2015-03-09T10:15:54","slug":"regionalny-osrodek-kultury-zaprasza-na-malte","status":"publish","type":"post","link":"http:\/\/www.klimatyczestochowy.pl\/?p=609","title":{"rendered":"Regionalny O\u015brodek Kultury zaprasza na Malt\u0119"},"content":{"rendered":"<p>Jeszcze tylko do 20 marca mo\u017cna przesy\u0142a\u0107 zg\u0142oszenia udzia\u0142u w plenerze na Malcie. Termin pleneru foto-video: 1-8 lipca 2015.<!--more--><\/p>\n<p>Regulamin dost\u0119pny tutaj: <a href=\"http:\/\/www.klimatyczestochowy.pl\/wp-content\/uploads\/2015\/03\/regulamin_malta-poprawka.pdf\">regulamin_malta<\/a><\/p>\n","protected":false},"excerpt":{"rendered":"<p>Jeszcze tylko do 20 marca mo\u017cna przesy\u0142a\u0107 zg\u0142oszenia udzia\u0142u w plenerze na Malcie. Termin pleneru foto-video: 1-8 lipca 2015.<\/p>\n","protected":false},"author":2,"featured_media":611,"comment_status":"open","ping_status":"open","sticky":false,"template":"","format":"standard","meta":{"footnotes":""},"categories":[3],"tags":[],"class_list":["post-609","post","type-post","status-publish","format-standard","has-post-thumbnail","hentry","category-foto-1"],"_links":{"self":[{"href":"http:\/\/www.klimatyczestochowy.pl\/index.php?rest_route=\/wp\/v2\/posts\/609","targetHints":{"allow":["GET"]}}],"collection":[{"href":"http:\/\/www.klimatyczestochowy.pl\/index.php?rest_route=\/wp\/v2\/posts"}],"about":[{"href":"http:\/\/www.klimatyczestochowy.pl\/index.php?rest_route=\/wp\/v2\/types\/post"}],"author":[{"embeddable":true,"href":"http:\/\/www.klimatyczestochowy.pl\/index.php?rest_route=\/wp\/v2\/users\/2"}],"replies":[{"embeddable":true,"href":"http:\/\/www.klimatyczestochowy.pl\/index.php?rest_route=%2Fwp%2Fv2%2Fcomments&post=609"}],"version-history":[{"count":3,"href":"http:\/\/www.klimatyczestochowy.pl\/index.php?rest_route=\/wp\/v2\/posts\/609\/revisions"}],"predecessor-version":[{"id":614,"href":"http:\/\/www.klimatyczestochowy.pl\/index.php?rest_route=\/wp\/v2\/posts\/609\/revisions\/614"}],"wp:featuredmedia":[{"embeddable":true,"href":"http:\/\/www.klimatyczestochowy.pl\/index.php?rest_route=\/wp\/v2\/media\/611"}],"wp:attachment":[{"href":"http:\/\/www.klimatyczestochowy.pl\/index.php?rest_route=%2Fwp%2Fv2%2Fmedia&parent=609"}],"wp:term":[{"taxonomy":"category","embeddable":true,"href":"http:\/\/www.klimatyczestochowy.pl\/index.php?rest_route=%2Fwp%2Fv2%2Fcategories&post=609"},{"taxonomy":"post_tag","embeddable":true,"href":"http:\/\/www.klimatyczestochowy.pl\/index.php?rest_route=%2Fwp%2Fv2%2Ftags&post=609"}],"curies":[{"name":"wp","href":"https:\/\/api.w.org\/{rel}","templated":true}]}}