{"id":598,"date":"2015-02-02T07:08:16","date_gmt":"2015-02-02T07:08:16","guid":{"rendered":"http:\/\/www.klimatyczestochowy.pl\/?p=598"},"modified":"2015-02-02T07:09:55","modified_gmt":"2015-02-02T07:09:55","slug":"albania-2014-w-regionalnym-osrodku-kultury","status":"publish","type":"post","link":"http:\/\/www.klimatyczestochowy.pl\/?p=598","title":{"rendered":"&#8222;Albania 2014&#8221; w Regionalnym O\u015brodku Kultury"},"content":{"rendered":"<p>Regionalny O\u015brodek Kultury 6 lutego zaprasza na wernisa\u017c poplenerowej wystawy &#8222;Albania 2014&#8221;.<!--more--><\/p>\n<p>Zjawisko fotografii podr\u00f3\u017cniczej zwanej przez niekt\u00f3rych fotografi\u0105 turystyczn\u0105 nale\u017cy aktualnie do wa\u017cnych zjawisk kulturowych kszta\u0142tuj\u0105cych nasz\u0105 wra\u017cliwo\u015b\u0107, kt\u00f3re determinuj\u0105 zarazem proces budowania indywidualnej estetyki postrzegania \u015bwiata. Aparat fotograficzny sta\u0142 si\u0119 niezb\u0119dnym atrybutem prze\u017cywania rzeczywisto\u015bci, w kt\u00f3rej aktualnie si\u0119 znajdujemy, wzbogacaj\u0105c nasz\u0105 osobowo\u015b\u0107, umiej\u0119tno\u015b\u0107 percepcji oraz analizy otoczenia w kontek\u015bcie artystycznego doznania. Fotografia sta\u0142a si\u0119 wyk\u0142adnikiem prze\u017cywania estetycznego wzruszenia, opartego na wytworzeniu mechanicznego obrazu, jednak przepuszczonego przez wra\u017cliwo\u015b\u0107 i umiej\u0119tno\u015bci techniczne fotografuj\u0105cego.<br \/>\nW nowoczesnym spo\u0142ecze\u0144stwie fotografia i turystyka tworz\u0105 \u015bcis\u0142e zwi\u0105zki kulturowe wytwarzaj\u0105c nowy rodzaj percepcji opartej na zderzeniu odmienno\u015bci spo\u0142ecze\u0144stw i krajobraz\u00f3w. Tworzy si\u0119 osobista refleksja, kt\u00f3ra nierzadko ma wymiar sentymentalny i w pewien wyrafinowany spos\u00f3b kreuje nasze uczucia, marzenia, pozwalaj\u0105c tak\u017ce na osobist\u0105 krytyk\u0119 zastanej przestrzeni tworz\u0105c jednocze\u015bnie jej nowe oblicze. Kult obrazu dominuje we wsp\u00f3\u0142czesnym \u015bwiecie w\u0142a\u015bnie poprzez \u0142atw\u0105 mo\u017cliwo\u015b\u0107 tworzenia i edycji milion\u00f3w obraz\u00f3w fotograficznych, kt\u00f3re wdar\u0142y si\u0119 do wszystkich sfer \u017cycia cz\u0142owieka i bez kt\u00f3rych wsp\u00f3\u0142czesny obywatel \u015bwiata nie mo\u017ce si\u0119 ju\u017c oby\u0107. Wytworzenie dominacji kultury obrazkowej jest syndromem wsp\u00f3\u0142czesnej cywilizacji b\u0119d\u0105c zarazem wa\u017cnym zjawiskiem socjologicznym w dziejach ludzko\u015bci.<\/p>\n<p><a href=\"http:\/\/www.klimatyczestochowy.pl\/wp-content\/uploads\/2015\/02\/2AlA.Szlezak.jpg\"><img loading=\"lazy\" decoding=\"async\" class=\"aligncenter wp-image-600\" src=\"http:\/\/www.klimatyczestochowy.pl\/wp-content\/uploads\/2015\/02\/2AlA.Szlezak.jpg\" alt=\"\" width=\"700\" height=\"467\" srcset=\"http:\/\/www.klimatyczestochowy.pl\/wp-content\/uploads\/2015\/02\/2AlA.Szlezak.jpg 1000w, http:\/\/www.klimatyczestochowy.pl\/wp-content\/uploads\/2015\/02\/2AlA.Szlezak-300x200.jpg 300w\" sizes=\"auto, (max-width: 700px) 100vw, 700px\" \/><\/a><\/p>\n<p>Idea promowania fotografii podr\u00f3\u017cniczej kontynuowana jest przez Regionalny O\u015brodek Kultury w Cz\u0119stochowie od kilkunastu lat. S\u0142u\u017c\u0105ce tej idei plenery fotograficzne organizowane przez nasz o\u015brodek s\u0105 dzia\u0142aniami stanowi\u0105cymi oryginaln\u0105 form\u0119 edukacji fotograficznej prze\u0142amuj\u0105cymi stereotypy upowszechniania kultury. Nowatorstwo takich dzia\u0142a\u0144 polegaj\u0105ce m.in. na kszta\u0142towaniu zwi\u0105zk\u00f3w pomi\u0119dzy turystyk\u0105 a fotografi\u0105 artystyczn\u0105, wzbogaca zar\u00f3wno warsztat fotografa jak i jego wyobra\u017ani\u0119 tw\u00f3rcz\u0105. \u015awiadome pos\u0142ugiwanie si\u0119 medium, jakim jest fotografia przy\u015bwieca dzia\u0142aniom podejmowanym na plenerach przez organizatora. Polegaj\u0105 one na lu\u017anych dyskusjach przybieraj\u0105cych form\u0119 warsztat\u00f3w, pokazach fotografii, wzajemnej wymianie do\u015bwiadcze\u0144 w\u015br\u00f3d uczestnik\u00f3w pleneru. Wa\u017cnym aspektem tego typu dzia\u0142a\u0144 jest podkre\u015blenie specyfiki fotografii podr\u00f3\u017cniczej, jako jednej z dr\u00f3g prowadz\u0105cych do wykonania \u015bwiadomych, profesjonalnych obraz\u00f3w, maj\u0105cych niewiele wsp\u00f3lnego z banaln\u0105 poczt\u00f3wk\u0105 z wakacji. Po raz kolejny warto przytoczy\u0107 sentencj\u0119 Martyny Wojciechowskiej, redaktora naczelnego National Geographic \u2013 \u201ePodr\u00f3\u017ce maj\u0105 magiczn\u0105 moc uzdrawiania duszy i zdecydowanie pomagaj\u0105 zdystansowa\u0107 si\u0119 od problem\u00f3w dnia codziennego. Nie rozwi\u0105zuj\u0105 ich bezpo\u015brednio, jednak pomagaj\u0105 przewarto\u015bciowa\u0107 i spojrze\u0107 na nie jakby z drugiego brzegu rzeki\u201d.<\/p>\n<p><a href=\"http:\/\/www.klimatyczestochowy.pl\/wp-content\/uploads\/2015\/02\/al5lintSJod\u0142owski.jpg\"><img loading=\"lazy\" decoding=\"async\" class=\"aligncenter wp-image-601\" src=\"http:\/\/www.klimatyczestochowy.pl\/wp-content\/uploads\/2015\/02\/al5lintSJod\u0142owski.jpg\" alt=\"\" width=\"700\" height=\"468\" srcset=\"http:\/\/www.klimatyczestochowy.pl\/wp-content\/uploads\/2015\/02\/al5lintSJod\u0142owski.jpg 1000w, http:\/\/www.klimatyczestochowy.pl\/wp-content\/uploads\/2015\/02\/al5lintSJod\u0142owski-300x200.jpg 300w\" sizes=\"auto, (max-width: 700px) 100vw, 700px\" \/><\/a><\/p>\n<p>Tego \u201edrugiego brzegu rzeki\u201d postanowili\u015bmy poszuka\u0107 tym razem w Albanii. To fascynuj\u0105cy kraj pe\u0142en tajemnic, kontrast\u00f3w, zabytk\u00f3w, fantastycznych krajobraz\u00f3w, a przede wszystkim wbrew utartym opiniom, bardzo \u017cyczliwych ludzi. Przemierzyli\u015bmy t\u0119 krain\u0119 or\u0142\u00f3w odwiedzaj\u0105c : Sarand\u0119, Butrint, Gijorokastr\u0119, Berat, Vlor\u0119, Tiran\u0119, Prze\u0142\u0119cz Llogoraja i wiele innych r\u00f3wnie interesuj\u0105cych miejsc. Albania to prawdziwa mieszanka wybuchowa, tradycji, wsp\u00f3\u0142czesno\u015bci, niefrasobliwo\u015bci oraz jeszcze dzikich teren\u00f3w stanowi\u0105cych nie lada atrakcj\u0119 dla prawdziwych fotopodr\u00f3\u017cnik\u00f3w. Na drogach w bardzo r\u00f3\u017cnym stanie kr\u00f3luj\u0105 mercedesy, nagminnie spotykamy bunkry przypominaj\u0105ce czasy Envera Hod\u017cy, najd\u0142u\u017cej rz\u0105dz\u0105cego dyktatora w Europie. Albania to najbardziej oryginalne miejsce na Ba\u0142kanach godne polecenia tym, dla kt\u00f3rych podr\u00f3\u017ce s\u0105 tak\u017ce wycieczk\u0105 w g\u0142\u0105b struktury duszy, karmi\u0105cej si\u0119 artystycznym pojmowaniem \u015bwiata.<\/p>\n<p>Jak co roku plener zamyka Poplenerowa wystawa fotografii w Galerii ARTFOTO, eksponowana w dniach 6 \u2013 23 lutego 2015 r. Elementami wzbogacaj\u0105cymi otwarcie wystawy b\u0119dzie wyst\u0119p Zespo\u0142u Ta\u0144ca Amarain, film video z pleneru, oraz slide show uczestnik\u00f3w.<\/p>\n<p>Wystawie jak zawsze towarzyszy pi\u0119knie wydany katalog z pracami uczestnik\u00f3w.<\/p>\n<p>Komisarz pleneru: S\u0142awomir Jod\u0142owski<\/p>\n<p>Wernisa\u017c wystawy \u201eAlbania 2014\u201d<br \/>\n6 lutego 2015, godz. 18.00<br \/>\nMiejsce: ART &#8211; FOTO Galeria<br \/>\nWst\u0119p wolny<\/p>\n","protected":false},"excerpt":{"rendered":"<p>Regionalny O\u015brodek Kultury 6 lutego zaprasza na wernisa\u017c poplenerowej wystawy &#8222;Albania 2014&#8221;.<\/p>\n","protected":false},"author":2,"featured_media":599,"comment_status":"open","ping_status":"open","sticky":false,"template":"","format":"standard","meta":{"footnotes":""},"categories":[3],"tags":[],"class_list":["post-598","post","type-post","status-publish","format-standard","has-post-thumbnail","hentry","category-foto-1"],"_links":{"self":[{"href":"http:\/\/www.klimatyczestochowy.pl\/index.php?rest_route=\/wp\/v2\/posts\/598","targetHints":{"allow":["GET"]}}],"collection":[{"href":"http:\/\/www.klimatyczestochowy.pl\/index.php?rest_route=\/wp\/v2\/posts"}],"about":[{"href":"http:\/\/www.klimatyczestochowy.pl\/index.php?rest_route=\/wp\/v2\/types\/post"}],"author":[{"embeddable":true,"href":"http:\/\/www.klimatyczestochowy.pl\/index.php?rest_route=\/wp\/v2\/users\/2"}],"replies":[{"embeddable":true,"href":"http:\/\/www.klimatyczestochowy.pl\/index.php?rest_route=%2Fwp%2Fv2%2Fcomments&post=598"}],"version-history":[{"count":4,"href":"http:\/\/www.klimatyczestochowy.pl\/index.php?rest_route=\/wp\/v2\/posts\/598\/revisions"}],"predecessor-version":[{"id":605,"href":"http:\/\/www.klimatyczestochowy.pl\/index.php?rest_route=\/wp\/v2\/posts\/598\/revisions\/605"}],"wp:featuredmedia":[{"embeddable":true,"href":"http:\/\/www.klimatyczestochowy.pl\/index.php?rest_route=\/wp\/v2\/media\/599"}],"wp:attachment":[{"href":"http:\/\/www.klimatyczestochowy.pl\/index.php?rest_route=%2Fwp%2Fv2%2Fmedia&parent=598"}],"wp:term":[{"taxonomy":"category","embeddable":true,"href":"http:\/\/www.klimatyczestochowy.pl\/index.php?rest_route=%2Fwp%2Fv2%2Fcategories&post=598"},{"taxonomy":"post_tag","embeddable":true,"href":"http:\/\/www.klimatyczestochowy.pl\/index.php?rest_route=%2Fwp%2Fv2%2Ftags&post=598"}],"curies":[{"name":"wp","href":"https:\/\/api.w.org\/{rel}","templated":true}]}}