{"id":586,"date":"2015-01-26T17:51:09","date_gmt":"2015-01-26T17:51:09","guid":{"rendered":"http:\/\/www.klimatyczestochowy.pl\/?p=586"},"modified":"2015-01-26T17:53:44","modified_gmt":"2015-01-26T17:53:44","slug":"obrazki-z-podrozy-bazylego-oginskiego","status":"publish","type":"post","link":"http:\/\/www.klimatyczestochowy.pl\/?p=586","title":{"rendered":"Obrazki z podr\u00f3\u017cy Bazylego Ogi\u0144skiego"},"content":{"rendered":"<p>We wtorek, 27 stycznia w Cafe &#8222;Skrzynka&#8221; zobaczymy zdj\u0119cia z podr\u00f3\u017cy Bazylego Ogi\u0144skiego.<!--more--><\/p>\n<p>Po d\u0142u\u017cej ni\u017c zwykle trwaj\u0105cej wystawie w Cafe \u201eSkrzynka\u201d (okres \u015bwi\u0105teczny) czas na kolejn\u0105 propozycj\u0119 w cyklu \u201eObrazki z podr\u00f3\u017cy\u201d. Tym razem swoje fotografie z r\u00f3\u017cnych stron \u015bwiata, gdzie ponios\u0142y nogi i linie lotnicze, poka\u017ce Bazyli Ogi\u0144ski. Na wernisa\u017c \u2013 27 styczni,a o godz. 19 \u2013 wst\u0119p wolny.<\/p>\n<p>Znamy go doskonale z licznych spektakli Cz\u0119stochowskiego Teatru Ta\u0144ca, kt\u00f3rego od lat jest solist\u0105. Jest te\u017c choreografem, historykiem sztuk i rozmi\u0142owanym podr\u00f3\u017cnikiem..<\/p>\n<p>Swoja przygod\u0119 z podr\u00f3\u017cowaniem i fotografi\u0105 rozpocz\u0105\u0142 od autostopowych wypraw do Hiszpanii i Grecji, p\u00f3\u017aniej przeni\u00f3s\u0142 si\u0119 do odleglejszych miejsc. Zje\u017adzi\u0142 Afryk\u0119 wschodni\u0105, podr\u00f3\u017cowa\u0142 po krajach Indochin, \u015arodkowej Ameryki oraz po Indiach.<\/p>\n<p>Wsp\u00f3\u0142pracuj\u0105c z Gazet\u0105 Wyborcz\u0105 opublikowa\u0142 dwa reporta\u017ce \u2013 Powitanie z Afryk\u0105 oraz Gringo w Ameryce \u015arodkowej. Dwukrotnie by\u0142 stypendyst\u0105 Prezydenta Miasta Cz\u0119stochowy, a w 2002 roku zdoby\u0142 drugie miejsce w konkursie \u201eNadzieje plastyczne Cz\u0119stochowy\u201d<\/p>\n<p>Swoje prace pokazywa\u0142 mi\u0119dzy innymi w Miejskiej Galerii Sztuki w Cz\u0119stochowie, na wystawie indywidualnej oraz na wystawie Fotografie z podr\u00f3\u017cy: mi\u0119dzy fascynacj\u0105 a komentarzem, kt\u00f3ra by\u0142a prezentacj\u0105 zbiorow\u0105 cz\u0119stochowskich podr\u00f3\u017cnik\u00f3w. Zdj\u0119cia Bazylego Ogi\u0144skiego mo\u017cna by\u0142o ogl\u0105da\u0107 r\u00f3wnie\u017c w Galerii Wej\u015bci\u00f3wka Gazety Wyborczej, Instytucie Polskim w Wilnie oraz w internetowej galerii Sart.<\/p>\n<p>\u2013 Podr\u00f3\u017ce to jedna z najwi\u0119kszych moich pasji \u2013 m\u00f3wi Bazyli Ogi\u0144ski. \u2013 Daj\u0105 mi si\u0142\u0119 na stawianie czo\u0142a codzienno\u015bci w Polsce, dzi\u0119ki nim zapominam na chwil\u0119 o wszystkim, staj\u0119 si\u0119 samotnym w\u0119drowcem po morzu nowych wra\u017ce\u0144. Zreszt\u0105 staram si\u0119 wyje\u017cd\u017ca\u0107 rzeczywi\u015bcie sam. Cz\u0142owiek odbywaj\u0105cy sw\u0105 podr\u00f3\u017c w pojedynk\u0119 ca\u0142kowicie otwiera si\u0119 na nowy \u015bwiat, \u0142atwiej mu si\u0119 w nim odnale\u017a\u0107 i zasymilowa\u0107 si\u0119. Przede wszystkim za\u015b wszystko prze\u017cywa pe\u0142niej.<\/p>\n<p>Na wystawie, kt\u00f3rej nada\u0142 tytu\u0142 \u201eOkruchy\u201d, pokazuje nie tylko zdj\u0119cia. Jak sam m\u00f3wi ze \u015bmiechem \u2013 jest takim \u201e\u015bmieciarzem\u201d, kt\u00f3ry zbiera wszystko, co b\u0119dzie kojarzy\u0107 mi si\u0119 z jakim\u015b wydarzeniem; robi notatki, otacza si\u0119 pami\u0105tkami. Chcia\u0142by, aby ogl\u0105daj\u0105cy wczuli si\u0119 troch\u0119 w klimat podr\u00f3\u017cy. T\u0142em dla zdj\u0119\u0107 jest wi\u0119c wszystko to, co pozornie jest \u015bmieciem. Ka\u017cda z tych rzeczy to jednak kawa\u0142ek wspomnie\u0144 autora wystawy: czy to kartki z nazwami miast, kt\u00f3re trzyma\u0142e godzinami, \u017ceby z\u0142apa\u0107 stopa, czy bilety z autobus\u00f3w, poci\u0105g\u00f3w, samolot\u00f3w w kt\u00f3rych ka\u017cda chwila jest inn\u0105 niezapomniana przygod\u0105. Zdj\u0119cia nie s\u0105 podpisane, wi\u0119c to rozszyfrowywanie papierk\u00f3w pomo\u017ce w odgadni\u0119ciu, gdzie zosta\u0142y zrobione. Na wystawie w cyklu \u201eObrazki z podr\u00f3\u017cy\u201d pokazuj\u0119 fotografie z Etiopii, Maroka, Indii, Indonezji, Wietnamu, Laosu, Birmy, Gruzji, Sri Lanki.<\/p>\n","protected":false},"excerpt":{"rendered":"<p>We wtorek, 27 stycznia w Cafe &#8222;Skrzynka&#8221; zobaczymy zdj\u0119cia z podr\u00f3\u017cy Bazylego Ogi\u0144skiego.<\/p>\n","protected":false},"author":2,"featured_media":587,"comment_status":"open","ping_status":"open","sticky":false,"template":"","format":"standard","meta":{"footnotes":""},"categories":[3],"tags":[],"class_list":["post-586","post","type-post","status-publish","format-standard","has-post-thumbnail","hentry","category-foto-1"],"_links":{"self":[{"href":"http:\/\/www.klimatyczestochowy.pl\/index.php?rest_route=\/wp\/v2\/posts\/586","targetHints":{"allow":["GET"]}}],"collection":[{"href":"http:\/\/www.klimatyczestochowy.pl\/index.php?rest_route=\/wp\/v2\/posts"}],"about":[{"href":"http:\/\/www.klimatyczestochowy.pl\/index.php?rest_route=\/wp\/v2\/types\/post"}],"author":[{"embeddable":true,"href":"http:\/\/www.klimatyczestochowy.pl\/index.php?rest_route=\/wp\/v2\/users\/2"}],"replies":[{"embeddable":true,"href":"http:\/\/www.klimatyczestochowy.pl\/index.php?rest_route=%2Fwp%2Fv2%2Fcomments&post=586"}],"version-history":[{"count":3,"href":"http:\/\/www.klimatyczestochowy.pl\/index.php?rest_route=\/wp\/v2\/posts\/586\/revisions"}],"predecessor-version":[{"id":590,"href":"http:\/\/www.klimatyczestochowy.pl\/index.php?rest_route=\/wp\/v2\/posts\/586\/revisions\/590"}],"wp:featuredmedia":[{"embeddable":true,"href":"http:\/\/www.klimatyczestochowy.pl\/index.php?rest_route=\/wp\/v2\/media\/587"}],"wp:attachment":[{"href":"http:\/\/www.klimatyczestochowy.pl\/index.php?rest_route=%2Fwp%2Fv2%2Fmedia&parent=586"}],"wp:term":[{"taxonomy":"category","embeddable":true,"href":"http:\/\/www.klimatyczestochowy.pl\/index.php?rest_route=%2Fwp%2Fv2%2Fcategories&post=586"},{"taxonomy":"post_tag","embeddable":true,"href":"http:\/\/www.klimatyczestochowy.pl\/index.php?rest_route=%2Fwp%2Fv2%2Ftags&post=586"}],"curies":[{"name":"wp","href":"https:\/\/api.w.org\/{rel}","templated":true}]}}