{"id":1686,"date":"2025-11-25T13:43:05","date_gmt":"2025-11-25T13:43:05","guid":{"rendered":"http:\/\/www.klimatyczestochowy.pl\/?p=1686"},"modified":"2025-11-25T13:43:06","modified_gmt":"2025-11-25T13:43:06","slug":"katalog-wystawy-pokonkursowej-klimaty-czestochowy-2025","status":"publish","type":"post","link":"http:\/\/www.klimatyczestochowy.pl\/?p=1686","title":{"rendered":"Katalog wystawy pokonkursowej Klimaty\u00a0Cz\u0119stochowy 2025"},"content":{"rendered":"\n<p>Za nami fina\u0142 18. edycji konkursu fotograficznego Klimaty&nbsp;Cz\u0119stochowy. Og\u0142oszenie wynik\u00f3w i wernisa\u017c wystawy odby\u0142y si\u0119 21 listopada w Pawilonie Wystawowym Muzeum&nbsp;Cz\u0119stochowskiego. Ekspozycj\u0119 mo\u017cna ogl\u0105da\u0107 do 7 grudnia. Poni\u017cej publikujemy katalog wystawy pokonkursowej.<\/p>\n\n\n\n<p>Do udzia\u0142u w 18. edycji konkursu fotograficznego Klimaty&nbsp;Cz\u0119stochowy zg\u0142osi\u0142y si\u0119 274 osoby, przesy\u0142aj\u0105c we wszystkich kategoriach 1719 fotografii. Jury w sk\u0142adzie Anita Grobelak, Piotr D\u0142ubak i Jakub Jakubowski wy\u0142oni\u0142o 44 autor\u00f3w i do wystawy pokonkursowej zakwalifikowa\u0142o 71 prac.<\/p>\n\n\n\n<p>Zobaczymy wi\u0119c fotografie, kt\u00f3rych autorami s\u0105: Przemys\u0142aw Adamiec, Damian Biernacki, Natanael Brewczy\u0144ski, Marcin Chudzik, Patryk Cicho\u0144, Piotr Cie\u015blak, Paulina Czerwik, Waldemar Deska, Adrian Dub, Ryszard Dubia\u0144ski, Kamil Dzioba, Piotr Grabowski, Wojciech Grabowski, Robert Imieli\u0144ski, Krzysztof Kazik, Izabela Kielech, Jurek Konieczek, \u0141ukasz Kosmala, Ma\u0142gorzata Kozakowska, Przemys\u0142aw Kruk, Miko\u0142aj Krygier, Grzegorz Libiszewski, Stefan \u0141ukaszczykiewicz, Bartosz Mielczarek, Andrzej Nizia\u0142, Dorota Orze\u0142ek, Kinga Osys, Bartosz Paludkiewicz, Kamil Pawlik, Piotr Pil\u015bniak, Kamil Praski, Jaros\u0142aw Respondek, Adam Rygalik, Szymon Siudak, Aleksandra Skrzypczyk, Joanna Sobczak, Krzysztof \u015awitalski, Marek T\u0119cza, Katarzyna Urbanik, Aleksander Van, Izabela Wilczak, Dominik Wi\u015bniewski, Jakub Zato\u0144, Antonina Zdzierek.<\/p>\n\n\n\n<p><a href=\"http:\/\/www.klimatyczestochowy.pl\/wp-content\/uploads\/2025\/11\/klimaty-czestochowy-2025-katalog-wystawy-pokonkursowej-skompresowany.pdf\">Pobierz lub przegl\u0105daj katalog wystawy pokonkursowej Klimaty&nbsp;Cz\u0119stochowy (plik PDF 17,8 MB).<\/a><\/p>\n\n\n\n<p>Ekspozycja w Pawilonie Wystawowym (Park Staszica) Muzeum Cz\u0119stochowskiego czeka na zwiedzaj\u0105cych do&nbsp;7 grudnia 2025.<\/p>\n","protected":false},"excerpt":{"rendered":"<p>Za nami fina\u0142 18. edycji konkursu fotograficznego Klimaty&nbsp;Cz\u0119stochowy. Og\u0142oszenie wynik\u00f3w i wernisa\u017c wystawy odby\u0142y si\u0119 21 listopada w Pawilonie Wystawowym Muzeum&nbsp;Cz\u0119stochowskiego. Ekspozycj\u0119 mo\u017cna ogl\u0105da\u0107 do 7 grudnia. Poni\u017cej publikujemy katalog wystawy pokonkursowej. Do udzia\u0142u w 18. edycji konkursu fotograficznego Klimaty&nbsp;Cz\u0119stochowy zg\u0142osi\u0142y si\u0119 274 osoby, przesy\u0142aj\u0105c we wszystkich kategoriach 1719 fotografii. Jury w sk\u0142adzie Anita Grobelak, [&hellip;]<\/p>\n","protected":false},"author":1,"featured_media":1688,"comment_status":"closed","ping_status":"closed","sticky":false,"template":"","format":"standard","meta":{"footnotes":""},"categories":[3],"tags":[],"class_list":["post-1686","post","type-post","status-publish","format-standard","has-post-thumbnail","hentry","category-foto-1"],"_links":{"self":[{"href":"http:\/\/www.klimatyczestochowy.pl\/index.php?rest_route=\/wp\/v2\/posts\/1686","targetHints":{"allow":["GET"]}}],"collection":[{"href":"http:\/\/www.klimatyczestochowy.pl\/index.php?rest_route=\/wp\/v2\/posts"}],"about":[{"href":"http:\/\/www.klimatyczestochowy.pl\/index.php?rest_route=\/wp\/v2\/types\/post"}],"author":[{"embeddable":true,"href":"http:\/\/www.klimatyczestochowy.pl\/index.php?rest_route=\/wp\/v2\/users\/1"}],"replies":[{"embeddable":true,"href":"http:\/\/www.klimatyczestochowy.pl\/index.php?rest_route=%2Fwp%2Fv2%2Fcomments&post=1686"}],"version-history":[{"count":1,"href":"http:\/\/www.klimatyczestochowy.pl\/index.php?rest_route=\/wp\/v2\/posts\/1686\/revisions"}],"predecessor-version":[{"id":1689,"href":"http:\/\/www.klimatyczestochowy.pl\/index.php?rest_route=\/wp\/v2\/posts\/1686\/revisions\/1689"}],"wp:featuredmedia":[{"embeddable":true,"href":"http:\/\/www.klimatyczestochowy.pl\/index.php?rest_route=\/wp\/v2\/media\/1688"}],"wp:attachment":[{"href":"http:\/\/www.klimatyczestochowy.pl\/index.php?rest_route=%2Fwp%2Fv2%2Fmedia&parent=1686"}],"wp:term":[{"taxonomy":"category","embeddable":true,"href":"http:\/\/www.klimatyczestochowy.pl\/index.php?rest_route=%2Fwp%2Fv2%2Fcategories&post=1686"},{"taxonomy":"post_tag","embeddable":true,"href":"http:\/\/www.klimatyczestochowy.pl\/index.php?rest_route=%2Fwp%2Fv2%2Ftags&post=1686"}],"curies":[{"name":"wp","href":"https:\/\/api.w.org\/{rel}","templated":true}]}}