{"id":1683,"date":"2025-11-18T12:49:27","date_gmt":"2025-11-18T12:49:27","guid":{"rendered":"http:\/\/www.klimatyczestochowy.pl\/?p=1683"},"modified":"2025-11-18T12:49:28","modified_gmt":"2025-11-18T12:49:28","slug":"finalisci-18-klimatow-czestochowy","status":"publish","type":"post","link":"http:\/\/www.klimatyczestochowy.pl\/?p=1683","title":{"rendered":"Finali\u015bci 18. Klimat\u00f3w Cz\u0119stochowy"},"content":{"rendered":"\n<p><strong>Dok\u0142adne wyniki 18. edycji konkursu fotograficznego Klimaty Cz\u0119stochowy poznamy podczas wernisa\u017cu wystawy o 17:00 w pi\u0105tek 21 listopada w Pawilonie Wystawowym Muzeum Cz\u0119stochowskiego. Poni\u017cej przedstawiamy list\u0119 os\u00f3b zakwalifikowanych do wystawy pokonkursowej.<\/strong><\/p>\n\n\n\n<p>18. Klimaty Cz\u0119stochowy \u2014 finali\u015bci (w kolejno\u015bci alfabetycznej)<\/p>\n\n\n\n<p>Przemys\u0142aw Adamiec<\/p>\n\n\n\n<p>Damian Biernacki<\/p>\n\n\n\n<p>Natanael Brewczy\u0144ski<\/p>\n\n\n\n<p>Marcin Chudzik<\/p>\n\n\n\n<p>Patryk Cicho\u0144<\/p>\n\n\n\n<p>Piotr Cie\u015blak<\/p>\n\n\n\n<p>Paulina Czerwik<\/p>\n\n\n\n<p>Waldemar Deska<\/p>\n\n\n\n<p>Adrian Dub<\/p>\n\n\n\n<p>Ryszard Dubia\u0144ski<\/p>\n\n\n\n<p>Kamil Dzioba<\/p>\n\n\n\n<p>Piotr Grabowski<\/p>\n\n\n\n<p>Wojciech Grabowski<\/p>\n\n\n\n<p>Robert Imieli\u0144ski<\/p>\n\n\n\n<p>Krzysztof Kazik<\/p>\n\n\n\n<p>Izabela Kielech<\/p>\n\n\n\n<p>Jurek Konieczek<\/p>\n\n\n\n<p>\u0141ukasz Kosmala<\/p>\n\n\n\n<p>Ma\u0142gorzata Kozakowska<\/p>\n\n\n\n<p>Przemys\u0142aw Kruk<\/p>\n\n\n\n<p>Miko\u0142aj Krygier<\/p>\n\n\n\n<p>Grzegorz Libiszewski<\/p>\n\n\n\n<p>Stefan \u0141ukaszczykiewicz<\/p>\n\n\n\n<p>Bartosz Mielczarek<\/p>\n\n\n\n<p>Andrzej Nizia\u0142<\/p>\n\n\n\n<p>Dorota Orze\u0142ek<\/p>\n\n\n\n<p>Kinga Osys<\/p>\n\n\n\n<p>Bartosz Paludkiewicz<\/p>\n\n\n\n<p>Kamil Pawlik<\/p>\n\n\n\n<p>Piotr Pil\u015bniak<\/p>\n\n\n\n<p>Kamil Praski<\/p>\n\n\n\n<p>Jaros\u0142aw Respondek<\/p>\n\n\n\n<p>Adam Rygalik<\/p>\n\n\n\n<p>Szymon Siudak<\/p>\n\n\n\n<p>Aleksandra Skrzypczyk<\/p>\n\n\n\n<p>Joanna Sobczak<\/p>\n\n\n\n<p>Krzysztof \u015awitalski<\/p>\n\n\n\n<p>Marek T\u0119cza<\/p>\n\n\n\n<p>Katarzyna Urbanik<\/p>\n\n\n\n<p>Aleksander Van<\/p>\n\n\n\n<p>Izabela Wilczak<\/p>\n\n\n\n<p>Dominik Wi\u015bniewski<\/p>\n\n\n\n<p>Jakub Zato\u0144<\/p>\n\n\n\n<p>Antonina Zdzierek<\/p>\n\n\n\n<p>W tym roku w jury konkursowym zasiedli: Anita Grobelak, Piotr D\u0142ubak i Jakub Jakubowski. Ostatecznie do wystawy pokonkursowej zakwalifikowa\u0142o si\u0119 71 prac 44 autor\u00f3w.<\/p>\n\n\n\n<p>Og\u0142oszenie wynik\u00f3w konkursu nast\u0105pi i wernisa\u017c wystawy odb\u0119dzie si\u0119 w Pawilonie Wystawowym Muzeum Cz\u0119stochowskiego w Parku Staszica. Wydarzenie zaplanowano na pi\u0105tek 21 listopada 2025. Pocz\u0105tek o godzinie 17:00.<\/p>\n","protected":false},"excerpt":{"rendered":"<p>Dok\u0142adne wyniki 18. edycji konkursu fotograficznego Klimaty Cz\u0119stochowy poznamy podczas wernisa\u017cu wystawy o 17:00 w pi\u0105tek 21 listopada w Pawilonie Wystawowym Muzeum Cz\u0119stochowskiego. Poni\u017cej przedstawiamy list\u0119 os\u00f3b zakwalifikowanych do wystawy pokonkursowej. 18. Klimaty Cz\u0119stochowy \u2014 finali\u015bci (w kolejno\u015bci alfabetycznej) Przemys\u0142aw Adamiec Damian Biernacki Natanael Brewczy\u0144ski Marcin Chudzik Patryk Cicho\u0144 Piotr Cie\u015blak Paulina Czerwik Waldemar Deska [&hellip;]<\/p>\n","protected":false},"author":1,"featured_media":1684,"comment_status":"closed","ping_status":"closed","sticky":false,"template":"","format":"standard","meta":{"footnotes":""},"categories":[3],"tags":[],"class_list":["post-1683","post","type-post","status-publish","format-standard","has-post-thumbnail","hentry","category-foto-1"],"_links":{"self":[{"href":"http:\/\/www.klimatyczestochowy.pl\/index.php?rest_route=\/wp\/v2\/posts\/1683","targetHints":{"allow":["GET"]}}],"collection":[{"href":"http:\/\/www.klimatyczestochowy.pl\/index.php?rest_route=\/wp\/v2\/posts"}],"about":[{"href":"http:\/\/www.klimatyczestochowy.pl\/index.php?rest_route=\/wp\/v2\/types\/post"}],"author":[{"embeddable":true,"href":"http:\/\/www.klimatyczestochowy.pl\/index.php?rest_route=\/wp\/v2\/users\/1"}],"replies":[{"embeddable":true,"href":"http:\/\/www.klimatyczestochowy.pl\/index.php?rest_route=%2Fwp%2Fv2%2Fcomments&post=1683"}],"version-history":[{"count":1,"href":"http:\/\/www.klimatyczestochowy.pl\/index.php?rest_route=\/wp\/v2\/posts\/1683\/revisions"}],"predecessor-version":[{"id":1685,"href":"http:\/\/www.klimatyczestochowy.pl\/index.php?rest_route=\/wp\/v2\/posts\/1683\/revisions\/1685"}],"wp:featuredmedia":[{"embeddable":true,"href":"http:\/\/www.klimatyczestochowy.pl\/index.php?rest_route=\/wp\/v2\/media\/1684"}],"wp:attachment":[{"href":"http:\/\/www.klimatyczestochowy.pl\/index.php?rest_route=%2Fwp%2Fv2%2Fmedia&parent=1683"}],"wp:term":[{"taxonomy":"category","embeddable":true,"href":"http:\/\/www.klimatyczestochowy.pl\/index.php?rest_route=%2Fwp%2Fv2%2Fcategories&post=1683"},{"taxonomy":"post_tag","embeddable":true,"href":"http:\/\/www.klimatyczestochowy.pl\/index.php?rest_route=%2Fwp%2Fv2%2Ftags&post=1683"}],"curies":[{"name":"wp","href":"https:\/\/api.w.org\/{rel}","templated":true}]}}