{"id":1680,"date":"2025-11-18T12:47:11","date_gmt":"2025-11-18T12:47:11","guid":{"rendered":"http:\/\/www.klimatyczestochowy.pl\/?p=1680"},"modified":"2025-11-18T12:47:12","modified_gmt":"2025-11-18T12:47:12","slug":"18-klimaty-czestochowy-rozstrzygniete","status":"publish","type":"post","link":"http:\/\/www.klimatyczestochowy.pl\/?p=1680","title":{"rendered":"18. Klimaty Cz\u0119stochowy rozstrzygni\u0119te"},"content":{"rendered":"\n<p><strong>Do 18. edycji konkursu fotograficznego Klimaty Cz\u0119stochowy wp\u0142yn\u0119\u0142o 1719 zdj\u0119\u0107. Jury wy\u0142oni\u0142o finalist\u00f3w, a dok\u0142adn\u0105 list\u0119 laureat\u00f3w poznamy podczas wernisa\u017cu wystawy pokonkursowej 21 listopada w Pawilonie Wystawowym Muzeum Cz\u0119stochowskiego.<\/strong><\/p>\n\n\n\n<p>Oceny nades\u0142anych prac w tym roku podj\u0119li si\u0119 Anita Grobelak, Piotr D\u0142ubak i Jakub Jakubowski. Ostatecznie do wystawy pokonkursowej zakwalifikowali 71 prac 44 autor\u00f3w.<\/p>\n\n\n\n<p>\u2014 Uwa\u017cam, \u017ce do\u015b\u0107 sprawnie jury wyselekcjonowa\u0142o fotografie laureat\u00f3w i wyr\u00f3\u017cnionych w poszczeg\u00f3lnych kategoriach \u2014 m\u00f3wi Anita Grobelak. \u2014 O\u017cywiona dyskusja toczy\u0142a si\u0119 bardziej nad ustaleniem kolejno\u015bci miejsc, argumentowaniem poszczeg\u00f3lnych wybor\u00f3w, bo \u2014 si\u0142\u0105 rzeczy \u2014 dla ka\u017cdego z nas troch\u0119 inny parametr by\u0142 tym priorytetowym (my\u015bl\u0119, \u017ce cz\u0119sto zdj\u0119cie gubi pokusa jego modyfikacji tak dost\u0119pnymi narz\u0119dziami graficznymi, filtrami, a innym razem warto by by\u0142o przemy\u015ble\u0107 spos\u00f3b kadrowania i zrezygnowa\u0107 z tzw. \u201eniepotrzebnych\u201d element\u00f3w na rzecz kompozycji pracy).<\/p>\n\n\n\n<p>Tegoroczna edycja konkursu ma wyj\u0105tkowy charakter. Obok sztandarowej kategorii pojawi\u0142y si\u0119 dwie nowe: Aleje i Wojew\u00f3dztwo. Z kolei \u0142\u0105czna pula nagr\u00f3d wynios\u0142a 15 tysi\u0119cy z\u0142otych.<\/p>\n\n\n\n<p>Prze\u0142o\u017cy\u0142o si\u0119 to na rekordowe zainteresowanie fotograficznymi zmaganiami. Do udzia\u0142u zg\u0142osi\u0142y si\u0119 274 osoby, przesy\u0142aj\u0105c we wszystkich kategoriach 1719 fotografii. Jury mia\u0142o wi\u0119c nie lada wyzwanie, aby wy\u0142oni\u0107 te najlepsze.<\/p>\n\n\n\n<p>\u2014 O ile ka\u017cdy z nas mo\u017ce robi\u0107 zdj\u0119cia, o tyle nie wszyscy mo\u017cemy uprawia\u0107 fotografi\u0119 \u2014 komentuje Jakub Jakubowski. \u2014 Zar\u00f3wno kwestie formalne, czyli gramatyka obrazu jako takiego, by\u0142a czynnikiem istotnym, podobnie kwestia narracji i tre\u015bci zdj\u0119\u0107, kt\u00f3re zg\u0142oszono do konkursu. Wierz\u0119, \u017ce zar\u00f3wno prace nagrodzone, jak i te, kt\u00f3re buduj\u0105 ca\u0142o\u015b\u0107 ekspozycji s\u0105 trafn\u0105 odpowiedzi\u0105 na has\u0142o, kt\u00f3re odnosi si\u0119 do klimatu i do Cz\u0119stochowy.<\/p>\n\n\n\n<p>Nazwiska laureat\u00f3w poznamy podczas oficjalnego og\u0142oszenia wynik\u00f3w w Muzeum Cz\u0119stochowskim 21 listopada o 17:00 w trakcie wernisa\u017cu wystawy w Pawilonie Wystawowym w Parku Staszica.<\/p>\n\n\n\n<p>\u2014 Na wystawie pokonkursowej znajdziecie Pa\u0144stwo ca\u0142\u0105 palet\u0119 kadr\u00f3w: statycznych i monumentalnych, dynamicznych, nostalgicznych, melancholijnych, z nut\u0105 sarkazmu b\u0105d\u017a zaci\u0119ciem reporterskim \u2014 dodaje Grobelak. \u2014 B\u0119d\u0105 te\u017c fotografie wykonane za pomoc\u0105 drona, zdj\u0119cia pejza\u017cowe, migawki z \u017cycia cz\u0119stochowskich alei, klimatyczne uj\u0119cia miasta.<\/p>\n\n\n\n<p>R\u00f3\u017cnorodno\u015b\u0107 zg\u0142oszonych i wy\u0142onionych kadr\u00f3w jest obiecuj\u0105ca. Pozostawia te\u017c szerokie pole do dalszych dzia\u0142a\u0144.<\/p>\n\n\n\n<p>\u2014 Czym jest fotografia, jak nie gr\u0105 intuicji i przypadku? Trudno by\u0142o mi zasn\u0105\u0107 po obradach, przywo\u0142ywa\u0142em sobie decyzje jury do p\u00f3\u017ana. A teraz, gdy wyroki zapad\u0142y, przychodz\u0105 jeszcze refleksje o kszta\u0142cie i przysz\u0142o\u015bci konkursu \u2014 wspomina Piotr D\u0142ubak. \u2014 Zabrak\u0142o rejestracji pulsu \u017cycia z dziedziny kultury, sportu i Cz\u0119stochowy z miesi\u0119cy letnich. Ja postrzegam miasto jako olbrzymi\u0105 atrakcj\u0119 turystyczn\u0105. Fotografie bliskie, intymne, pokazuj\u0105ce relacje ludzi zainspirowanych zdarzeniem sportowym, muzycznym, towarzyskim \u2014 to mi si\u0119 marzy w 19. edycji \u201eKlimat\u00f3w Cz\u0119stochowy\u201d. I mo\u017ce ju\u017c teraz og\u0142osi\u0107 tematy konkursowe, dla zach\u0119ty bycia fotografem \u201ecz\u0119stochowskim\u201d przez ca\u0142y rok?<\/p>\n\n\n\n<p>Celem Klimat\u00f3w jest mi\u0119dzy innymi ukazanie walor\u00f3w kulturowych, architektonicznych, przyrodniczych i turystycznych Cz\u0119stochowy i jej okolic. Organizatorem konkursu jest Wydzia\u0142 Informacji i Komunikacji Urz\u0119du Miasta Cz\u0119stochowy we wsp\u00f3\u0142pracy z Muzeum Cz\u0119stochowskim.<\/p>\n","protected":false},"excerpt":{"rendered":"<p>Do 18. edycji konkursu fotograficznego Klimaty Cz\u0119stochowy wp\u0142yn\u0119\u0142o 1719 zdj\u0119\u0107. Jury wy\u0142oni\u0142o finalist\u00f3w, a dok\u0142adn\u0105 list\u0119 laureat\u00f3w poznamy podczas wernisa\u017cu wystawy pokonkursowej 21 listopada w Pawilonie Wystawowym Muzeum Cz\u0119stochowskiego. Oceny nades\u0142anych prac w tym roku podj\u0119li si\u0119 Anita Grobelak, Piotr D\u0142ubak i Jakub Jakubowski. Ostatecznie do wystawy pokonkursowej zakwalifikowali 71 prac 44 autor\u00f3w. \u2014 Uwa\u017cam, [&hellip;]<\/p>\n","protected":false},"author":1,"featured_media":1681,"comment_status":"closed","ping_status":"closed","sticky":false,"template":"","format":"standard","meta":{"footnotes":""},"categories":[3],"tags":[],"class_list":["post-1680","post","type-post","status-publish","format-standard","has-post-thumbnail","hentry","category-foto-1"],"_links":{"self":[{"href":"http:\/\/www.klimatyczestochowy.pl\/index.php?rest_route=\/wp\/v2\/posts\/1680","targetHints":{"allow":["GET"]}}],"collection":[{"href":"http:\/\/www.klimatyczestochowy.pl\/index.php?rest_route=\/wp\/v2\/posts"}],"about":[{"href":"http:\/\/www.klimatyczestochowy.pl\/index.php?rest_route=\/wp\/v2\/types\/post"}],"author":[{"embeddable":true,"href":"http:\/\/www.klimatyczestochowy.pl\/index.php?rest_route=\/wp\/v2\/users\/1"}],"replies":[{"embeddable":true,"href":"http:\/\/www.klimatyczestochowy.pl\/index.php?rest_route=%2Fwp%2Fv2%2Fcomments&post=1680"}],"version-history":[{"count":1,"href":"http:\/\/www.klimatyczestochowy.pl\/index.php?rest_route=\/wp\/v2\/posts\/1680\/revisions"}],"predecessor-version":[{"id":1682,"href":"http:\/\/www.klimatyczestochowy.pl\/index.php?rest_route=\/wp\/v2\/posts\/1680\/revisions\/1682"}],"wp:featuredmedia":[{"embeddable":true,"href":"http:\/\/www.klimatyczestochowy.pl\/index.php?rest_route=\/wp\/v2\/media\/1681"}],"wp:attachment":[{"href":"http:\/\/www.klimatyczestochowy.pl\/index.php?rest_route=%2Fwp%2Fv2%2Fmedia&parent=1680"}],"wp:term":[{"taxonomy":"category","embeddable":true,"href":"http:\/\/www.klimatyczestochowy.pl\/index.php?rest_route=%2Fwp%2Fv2%2Fcategories&post=1680"},{"taxonomy":"post_tag","embeddable":true,"href":"http:\/\/www.klimatyczestochowy.pl\/index.php?rest_route=%2Fwp%2Fv2%2Ftags&post=1680"}],"curies":[{"name":"wp","href":"https:\/\/api.w.org\/{rel}","templated":true}]}}