{"id":1664,"date":"2025-10-10T12:06:14","date_gmt":"2025-10-10T12:06:14","guid":{"rendered":"http:\/\/www.klimatyczestochowy.pl\/?p=1664"},"modified":"2025-10-10T12:08:23","modified_gmt":"2025-10-10T12:08:23","slug":"klimaty-czestochowy-w-tym-roku-bogatsza-edycja","status":"publish","type":"post","link":"http:\/\/www.klimatyczestochowy.pl\/?p=1664","title":{"rendered":"KLIMATY CZ\u0118STOCHOWY &#8211; W TYM ROKU BOGATSZA EDYCJA"},"content":{"rendered":"\n<p><strong>Wystartowa\u0142a 18. edycja konkursu fotograficznego \u201eKlimaty Cz\u0119stochowy\u201d. Miasto zapowiedzia\u0142o wi\u0119ksz\u0105 pul\u0119 nagr\u00f3d i dwie dodatkowe kategorie:&nbsp;<em>Aleje<\/em>&nbsp;i&nbsp;<em>Wojew\u00f3dztwo<\/em>.<\/strong><\/p>\n\n\n\n<p>Nowe kategorie postanowiono wprowadzi\u0107, by zaakcentowa\u0107&nbsp;<strong>dwa wa\u017cne dla miasta tematy<\/strong>.<\/p>\n\n\n\n<p>&#8211;&nbsp;<em>Ze wzgl\u0119du na zbli\u017caj\u0105cy si\u0119 jubileusz 200-lecia po\u0142\u0105czenia Starej i Nowej Cz\u0119stochowy oraz nasz apel w sprawie przywr\u00f3cenia wojew\u00f3dztwa cz\u0119stochowskiego konkurs w tym roku b\u0119dzie mia\u0142 poszerzon\u0105 formu\u0142\u0119. Opr\u00f3cz tej standardowej i dobrze znanej kategorii, zwanej klimatyczn\u0105, b\u0119d\u0105 dwie nowe: Aleje i Wojew\u00f3dztwo. Do pierwszej mo\u017cna przesy\u0142a\u0107 fotografie alei Naj\u015bwi\u0119tszej Maryi Panny, czyli arterii \u0142\u0105cz\u0105cej dawne dwa o\u015brodki miejskie. Z kolei do drugiej mog\u0105 trafia\u0107 te wykonane na terenie dawnego wojew\u00f3dztwa cz\u0119stochowskiego&nbsp;<\/em>&#8211; zapowiada prezydent Cz\u0119stochowy Krzysztof Matyjaszczyk.<\/p>\n\n\n\n<p>Organizatorzy zapowiadaj\u0105&nbsp;<strong>du\u017co wi\u0119ksz\u0105 swobod\u0119<\/strong>&nbsp;ni\u017c w dotychczasowych edycjach konkursu.<\/p>\n\n\n\n<p>&#8211;&nbsp;<em>Oczekujemy mniej oczywistych uj\u0119\u0107, raczej takich, kt\u00f3re poka\u017c\u0105 Aleje z innej perspektywy. Liczy\u0107 si\u0119 b\u0119d\u0105 nie tylko detale, ale te\u017c ciekawie podpatrzone kadry. Co wa\u017cne, mog\u0105 to by\u0107 te\u017c starsze fotografie \u2013 sprzed kilku, kilkunastu, a nawet kilkudziesi\u0119ciu lat. W tej kategorii, tak jak w \u201ewojew\u00f3dzkiej\u201d, nie obowi\u0105zuj\u0105 ograniczenia czasowe. Dodatkowe kategorie przynosz\u0105 nowe mo\u017cliwo\u015bci&nbsp;<\/em>\u2013 zauwa\u017ca \u0141ukasz Kolewi\u0144ski, fotograf z Wydzia\u0142u Informacji i Komunikacji Urz\u0119du Miasta.<\/p>\n\n\n\n<p>&#8211;&nbsp;<em>Jeste\u015bmy otwarci na bardzo r\u00f3\u017cne zdj\u0119cia. Szukamy nie tylko klasycznych reporterskich, ale te\u017c bardziej artystycznych, nietypowych. Mo\u017ce to by\u0107 kadr zaskakuj\u0105cy, ale te\u017c ten bardziej \u201epoczt\u00f3wkowy\u201d. Wa\u017cne, \u017ceby mia\u0142 klimat i przyci\u0105ga\u0142 uwag\u0119. Patrzmy sercem, fotografujmy, pochwalmy si\u0119 nie tylko tym, co zrobili\u015bmy w ostatnim roku w tym standardowym konkursie Klimaty, kt\u00f3ry wymy\u015bli\u0142 Adam Markowski, ale i w tych dodatkowych dw\u00f3ch konkurencjach<\/em>&nbsp;&#8211; podpowiada Grzegorz Skowronek, fotoreporter pracuj\u0105cy kiedy\u015b dla &#8222;Gazety Wyborczej&#8221;, a obecnie Urz\u0119du Miasta.<\/p>\n\n\n\n<p>W przypadku g\u0142\u00f3wnej kategorii na konkurs nale\u017cy wys\u0142a\u0107 zdj\u0119cia wykonane po zamkni\u0119ciu przyjmowania zg\u0142osze\u0144 w poprzedniej edycji, czyli aktualnie po 24 pa\u017adziernika 2024 roku. Ograniczenie nie dotyczy jednak dw\u00f3ch pozosta\u0142ych kategorii. Zatem to doskona\u0142a okazja do tego, aby przejrze\u0107 (mo\u017ce nawet rodzinne) archiwa i poszuka\u0107 fotograficznych pere\u0142ek.<\/p>\n\n\n\n<p><strong>\u0141\u0105czna pula nagr\u00f3d wynosi&nbsp;15 tysi\u0119cy z\u0142otych&nbsp;<\/strong>w tym roku. Udzia\u0142 w konkursie organizowanym przez Urz\u0105d Miasta jest&nbsp;<strong>nieodp\u0142atny<\/strong>. Sumuj\u0105c, we wszystkich kategoriach mo\u017cna zg\u0142osi\u0107 maksymalnie 15 prac.<\/p>\n\n\n\n<p><strong>Wystawa pokonkursowa<\/strong>&nbsp;z og\u0142oszeniem zwyci\u0119zc\u00f3w i rozdaniem nagr\u00f3d odb\u0119dzie si\u0119 21 listopada br. w Muzeum Cz\u0119stochowskim w Parku Staszica.<\/p>\n\n\n\n<p><a href=\"http:\/\/www.klimatyczestochowy.pl\/\" target=\"_blank\" rel=\"noreferrer noopener\">Szczeg\u00f3\u0142y na stronie<\/a>&nbsp;i&nbsp;<a href=\"https:\/\/www.facebook.com\/klimatyczestochowy\/?locale=pl_PL\" target=\"_blank\" rel=\"noreferrer noopener\">profilu FB Konkurs Fotograficzny &#8222;Klimaty Cz\u0119stochowy&#8221;<\/a>, na kt\u00f3rym znajdziecie wszystkie bie\u017c\u0105ce informacje.<\/p>\n\n\n\n<p><\/p>\n","protected":false},"excerpt":{"rendered":"<p>Wystartowa\u0142a 18. edycja konkursu fotograficznego \u201eKlimaty Cz\u0119stochowy\u201d. Miasto zapowiedzia\u0142o wi\u0119ksz\u0105 pul\u0119 nagr\u00f3d i dwie dodatkowe kategorie:&nbsp;Aleje&nbsp;i&nbsp;Wojew\u00f3dztwo. Nowe kategorie postanowiono wprowadzi\u0107, by zaakcentowa\u0107&nbsp;dwa wa\u017cne dla miasta tematy. &#8211;&nbsp;Ze wzgl\u0119du na zbli\u017caj\u0105cy si\u0119 jubileusz 200-lecia po\u0142\u0105czenia Starej i Nowej Cz\u0119stochowy oraz nasz apel w sprawie przywr\u00f3cenia wojew\u00f3dztwa cz\u0119stochowskiego konkurs w tym roku b\u0119dzie mia\u0142 poszerzon\u0105 formu\u0142\u0119. Opr\u00f3cz [&hellip;]<\/p>\n","protected":false},"author":1,"featured_media":1666,"comment_status":"closed","ping_status":"closed","sticky":false,"template":"","format":"standard","meta":{"footnotes":""},"categories":[3],"tags":[],"class_list":["post-1664","post","type-post","status-publish","format-standard","has-post-thumbnail","hentry","category-foto-1"],"_links":{"self":[{"href":"http:\/\/www.klimatyczestochowy.pl\/index.php?rest_route=\/wp\/v2\/posts\/1664","targetHints":{"allow":["GET"]}}],"collection":[{"href":"http:\/\/www.klimatyczestochowy.pl\/index.php?rest_route=\/wp\/v2\/posts"}],"about":[{"href":"http:\/\/www.klimatyczestochowy.pl\/index.php?rest_route=\/wp\/v2\/types\/post"}],"author":[{"embeddable":true,"href":"http:\/\/www.klimatyczestochowy.pl\/index.php?rest_route=\/wp\/v2\/users\/1"}],"replies":[{"embeddable":true,"href":"http:\/\/www.klimatyczestochowy.pl\/index.php?rest_route=%2Fwp%2Fv2%2Fcomments&post=1664"}],"version-history":[{"count":1,"href":"http:\/\/www.klimatyczestochowy.pl\/index.php?rest_route=\/wp\/v2\/posts\/1664\/revisions"}],"predecessor-version":[{"id":1665,"href":"http:\/\/www.klimatyczestochowy.pl\/index.php?rest_route=\/wp\/v2\/posts\/1664\/revisions\/1665"}],"wp:featuredmedia":[{"embeddable":true,"href":"http:\/\/www.klimatyczestochowy.pl\/index.php?rest_route=\/wp\/v2\/media\/1666"}],"wp:attachment":[{"href":"http:\/\/www.klimatyczestochowy.pl\/index.php?rest_route=%2Fwp%2Fv2%2Fmedia&parent=1664"}],"wp:term":[{"taxonomy":"category","embeddable":true,"href":"http:\/\/www.klimatyczestochowy.pl\/index.php?rest_route=%2Fwp%2Fv2%2Fcategories&post=1664"},{"taxonomy":"post_tag","embeddable":true,"href":"http:\/\/www.klimatyczestochowy.pl\/index.php?rest_route=%2Fwp%2Fv2%2Ftags&post=1664"}],"curies":[{"name":"wp","href":"https:\/\/api.w.org\/{rel}","templated":true}]}}