{"id":160,"date":"2015-01-22T09:20:45","date_gmt":"2015-01-22T09:20:45","guid":{"rendered":"http:\/\/czestochowianie.home.pl\/klimaty\/?p=160"},"modified":"2022-09-27T12:19:45","modified_gmt":"2022-09-27T12:19:45","slug":"swietujemy-10-lat-klimatow-czestochowy","status":"publish","type":"post","link":"http:\/\/www.klimatyczestochowy.pl\/?p=160","title":{"rendered":"\u015awi\u0119tujemy 10 lat &#8222;Klimat\u00f3w Cz\u0119stochowy&#8221;!"},"content":{"rendered":"<p>Rok 2015 dla &#8222;Klimat\u00f3w Cz\u0119stochowy&#8221; to data szczeg\u00f3lna. Konkurs istnieje 10 lat!<!--more--><\/p>\n<p>Specjalnie z tej okazji od\u015bwie\u017cyli\u015bmy dla Pa\u0144stwa stron\u0119 konkursu. Namawiamy do przegl\u0105dania zdj\u0119\u0107 nagrodzonych nie tylko w tym roku. Mo\u017cna tak\u017ce przypomnie\u0107 sobie sk\u0142ady Jury, oraz powspomina\u0107 wernisa\u017ce.<\/p>\n<p>Chcemy tak\u017ce, by strona Klimat\u00f3w Cz\u0119stochowy \u017cy\u0142a ca\u0142y rok. By\u0142a nie tylko archiwum konkursu, ale tak\u017ce no\u015bnikiem informacji zwi\u0105zanych nie tylko z tym wydarzeniem. Dlatego zapraszamy wszystkich fotografuj\u0105cych oraz organizator\u00f3w wydarze\u0144 kulturalnych zwi\u0105zanych z fotografi\u0105, by przesy\u0142ali nam niezb\u0119dne informacje oraz zdj\u0119cia i plakaty, kt\u00f3re b\u0119dziemy mogli opublikowa\u0107 na naszej stronie w celu ich promocji. Konkurs &#8222;Klimaty Cz\u0119stochowy&#8221; posiada tak\u017ce stron\u0119 na Facebook&#8217;u, tam tak\u017ce mo\u017cemy promowa\u0107 Wasze wydarzenia &#8211; <a href=\"https:\/\/www.facebook.com\/klimatyczestochowy\">www.facebook.com\/klimatyczestochowy<\/a><\/p>\n<p>Nasz e-mail: <a href=\"mailto:klimaty@czestochowa.um.gov.pl\">klimaty@czestochowa.um.gov.pl<\/a><\/p>\n<p>Zapraszamy!<\/p>\n","protected":false},"excerpt":{"rendered":"<p>Rok 2015 dla &#8222;Klimat\u00f3w Cz\u0119stochowy&#8221; to data szczeg\u00f3lna. Konkurs istnieje 10 lat!<\/p>\n","protected":false},"author":2,"featured_media":164,"comment_status":"open","ping_status":"open","sticky":false,"template":"","format":"standard","meta":{"footnotes":""},"categories":[1],"tags":[],"class_list":["post-160","post","type-post","status-publish","format-standard","has-post-thumbnail","hentry","category-bez-kategorii"],"_links":{"self":[{"href":"http:\/\/www.klimatyczestochowy.pl\/index.php?rest_route=\/wp\/v2\/posts\/160","targetHints":{"allow":["GET"]}}],"collection":[{"href":"http:\/\/www.klimatyczestochowy.pl\/index.php?rest_route=\/wp\/v2\/posts"}],"about":[{"href":"http:\/\/www.klimatyczestochowy.pl\/index.php?rest_route=\/wp\/v2\/types\/post"}],"author":[{"embeddable":true,"href":"http:\/\/www.klimatyczestochowy.pl\/index.php?rest_route=\/wp\/v2\/users\/2"}],"replies":[{"embeddable":true,"href":"http:\/\/www.klimatyczestochowy.pl\/index.php?rest_route=%2Fwp%2Fv2%2Fcomments&post=160"}],"version-history":[{"count":11,"href":"http:\/\/www.klimatyczestochowy.pl\/index.php?rest_route=\/wp\/v2\/posts\/160\/revisions"}],"predecessor-version":[{"id":1297,"href":"http:\/\/www.klimatyczestochowy.pl\/index.php?rest_route=\/wp\/v2\/posts\/160\/revisions\/1297"}],"wp:featuredmedia":[{"embeddable":true,"href":"http:\/\/www.klimatyczestochowy.pl\/index.php?rest_route=\/wp\/v2\/media\/164"}],"wp:attachment":[{"href":"http:\/\/www.klimatyczestochowy.pl\/index.php?rest_route=%2Fwp%2Fv2%2Fmedia&parent=160"}],"wp:term":[{"taxonomy":"category","embeddable":true,"href":"http:\/\/www.klimatyczestochowy.pl\/index.php?rest_route=%2Fwp%2Fv2%2Fcategories&post=160"},{"taxonomy":"post_tag","embeddable":true,"href":"http:\/\/www.klimatyczestochowy.pl\/index.php?rest_route=%2Fwp%2Fv2%2Ftags&post=160"}],"curies":[{"name":"wp","href":"https:\/\/api.w.org\/{rel}","templated":true}]}}