{"id":157,"date":"2012-07-31T09:03:18","date_gmt":"2012-07-31T09:03:18","guid":{"rendered":"http:\/\/czestochowianie.home.pl\/klimaty\/?p=157"},"modified":"2014-12-08T09:08:06","modified_gmt":"2014-12-08T09:08:06","slug":"7-edycje-klimatow-czestochowy-czas-rozpoczac","status":"publish","type":"post","link":"http:\/\/www.klimatyczestochowy.pl\/?p=157","title":{"rendered":"7. edycj\u0119 &#8222;Klimat\u00f3w Cz\u0119stochowy&#8221; czas rozpocz\u0105\u0107!"},"content":{"rendered":"<p>W\u0142a\u015bnie wystartowa\u0142a 7. edycja konkursu fotograficznego \u201eKlimaty Cz\u0119stochowy\u201d. <!--more-->Mo\u017cecie ju\u017c my\u015ble\u0107 kt\u00f3rymi fotografiami chcecie si\u0119 pochwali\u0107 tym razem. Zg\u0142oszenia przyjmujemy do 19 pa\u017adziernika.<\/p>\n<p>Mamy nadziej\u0119, \u017ce kolejny raz konkurs \u015bci\u0105gnie rzesz\u0119 profesjonalnych fotograf\u00f3w, fotoamator\u00f3w oraz mi\u0142o\u015bnik\u00f3w fotografowania. Ide\u0105 konkursu jest ukazanie wsp\u00f3\u0142czesnych walor\u00f3w architektonicznych, kulturowych, przyrodniczych i turystycznych miasta. Zale\u017cy nam na pozyskaniu i prezentacji fotografii obrazuj\u0105cych zainteresowanie przejawami \u017cycia spo\u0142ecznego, kulturalnego i sportowego. Mile widziane jest niebanalne potraktowanie \u201emiejskich klimat\u00f3w\u201d, w kt\u00f3rych g\u0142\u00f3wnym motywem jest cz\u0142owiek i to, co go otacza. Nie musisz by\u0107 profesjonalnym fotografem, bo konkurs adresowany jest do wszystkich fotografuj\u0105cych. Wystarczy aparat i odrobina pasji, aby wygra\u0107 g\u0142\u00f3wn\u0105 nagrod\u0119 w konkursie.<\/p>\n<p>G\u0142\u00f3wna zasada jest taka, \u017ce przes\u0142ane na konkurs zdj\u0119cia, musz\u0105 by\u0107 wykonane w Cz\u0119stochowie. Prace oceniane b\u0119d\u0105 w dw\u00f3ch kategoriach: \u201eFotografia Klimatyczna\u201d oraz \u201eFotografia Reporterska\u201d. W obu kategoriach przyznane zostan\u0105 trzy r\u00f3wnorz\u0119dne nagrody. Wy\u0142oniona zostanie tak\u017ce najlepsza fotografia i to ona otrzyma tytu\u0142 Grand Prix. \u0141\u0105czna pula nagr\u00f3d w 7. edycji konkursu \u201eKlimaty Cz\u0119stochowy\u201d to a\u017c 6000 z\u0142!<\/p>\n<p>Pokonkursowa wystawa \u201eKlimat\u00f3w Cz\u0119stochowy\u201d towarzyszy\u0107 b\u0119dzie \u2013 ju\u017c po raz pi\u0105ty &#8211; wystawie prac Og\u00f3lnopolskiego Konkursu \u201eGrand Press Photo\u201d w Cz\u0119stochowie.<\/p>\n<p>Na Wasze fotografie czekamy do 19 pa\u017adziernika. Oficjalne og\u0142oszenie wynik\u00f3w Konkursu odb\u0119dzie si\u0119 9 listopada 2012 roku.<\/p>\n<p>Konkurs \u201eKlimaty Cz\u0119stochowy\u201d ma ju\u017c siedem lat. Od 2006 roku jurorzy \u201eKlimat\u00f3w\u201d obejrzeli ponad 4000 fotografii. W\u015br\u00f3d oceniaj\u0105cych byli do tej pory: Tomasz Tomaszewski, Maciej Nabrdalik, Jacek Waszkiewicz, Grzegorz Skowronek, Jerzy Piwowarski, S\u0142awomir Jod\u0142owski, Leszek Pilichowski, Marcin Stawiarz, Janusz Mielczarek, Piotr D\u0142ubak, Marcin Szp\u0105drowski, Kamil Pawlik. Laureaci poprzednich edycji konkursu odnosz\u0105 fotograficzne sukcesy w Polsce i na \u015bwiecie.<\/p>\n","protected":false},"excerpt":{"rendered":"<p>W\u0142a\u015bnie wystartowa\u0142a 7. edycja konkursu fotograficznego \u201eKlimaty Cz\u0119stochowy\u201d.<\/p>\n","protected":false},"author":2,"featured_media":158,"comment_status":"open","ping_status":"open","sticky":false,"template":"","format":"standard","meta":{"footnotes":""},"categories":[1],"tags":[],"class_list":["post-157","post","type-post","status-publish","format-standard","has-post-thumbnail","hentry","category-bez-kategorii"],"_links":{"self":[{"href":"http:\/\/www.klimatyczestochowy.pl\/index.php?rest_route=\/wp\/v2\/posts\/157","targetHints":{"allow":["GET"]}}],"collection":[{"href":"http:\/\/www.klimatyczestochowy.pl\/index.php?rest_route=\/wp\/v2\/posts"}],"about":[{"href":"http:\/\/www.klimatyczestochowy.pl\/index.php?rest_route=\/wp\/v2\/types\/post"}],"author":[{"embeddable":true,"href":"http:\/\/www.klimatyczestochowy.pl\/index.php?rest_route=\/wp\/v2\/users\/2"}],"replies":[{"embeddable":true,"href":"http:\/\/www.klimatyczestochowy.pl\/index.php?rest_route=%2Fwp%2Fv2%2Fcomments&post=157"}],"version-history":[{"count":1,"href":"http:\/\/www.klimatyczestochowy.pl\/index.php?rest_route=\/wp\/v2\/posts\/157\/revisions"}],"predecessor-version":[{"id":159,"href":"http:\/\/www.klimatyczestochowy.pl\/index.php?rest_route=\/wp\/v2\/posts\/157\/revisions\/159"}],"wp:featuredmedia":[{"embeddable":true,"href":"http:\/\/www.klimatyczestochowy.pl\/index.php?rest_route=\/wp\/v2\/media\/158"}],"wp:attachment":[{"href":"http:\/\/www.klimatyczestochowy.pl\/index.php?rest_route=%2Fwp%2Fv2%2Fmedia&parent=157"}],"wp:term":[{"taxonomy":"category","embeddable":true,"href":"http:\/\/www.klimatyczestochowy.pl\/index.php?rest_route=%2Fwp%2Fv2%2Fcategories&post=157"},{"taxonomy":"post_tag","embeddable":true,"href":"http:\/\/www.klimatyczestochowy.pl\/index.php?rest_route=%2Fwp%2Fv2%2Ftags&post=157"}],"curies":[{"name":"wp","href":"https:\/\/api.w.org\/{rel}","templated":true}]}}