{"id":1543,"date":"2024-10-03T13:07:04","date_gmt":"2024-10-03T13:07:04","guid":{"rendered":"http:\/\/www.klimatyczestochowy.pl\/?p=1543"},"modified":"2024-10-03T13:09:46","modified_gmt":"2024-10-03T13:09:46","slug":"17-edycja-konkursu","status":"publish","type":"post","link":"http:\/\/www.klimatyczestochowy.pl\/?p=1543","title":{"rendered":"17. edycja konkursu"},"content":{"rendered":"\n<p><strong>Zapraszamy do udzia\u0142u w 17. edycji konkursu fotograficznego \u201eKlimaty Cz\u0119stochowy\u201d.<\/strong><\/p>\n\n\n\n<p>Celem \u201eKlimat\u00f3w Cz\u0119stochowy \u201d, konkursu fotograficznego organizowanego przez Wydzia\u0142 Informacji i Komunikacji Urz\u0119du Miasta Cz\u0119stochowy i Muzeum Cz\u0119stochowskiego jest ukazanie walor\u00f3w kulturowych, architektonicznych, przyrodniczych i turystycznych Cz\u0119stochowy. <\/p>\n\n\n\n<p>Zamiarem organizatora jest pozyskanie i prezentacja fotografii obrazuj\u0105cych zainteresowanie przejawami \u017cycia w jego r\u00f3\u017cnorodnych dziedzinach. Mile widziane jest niebanalne potraktowanie \u201eklimat\u00f3w\u201d, gdzie g\u0142\u00f3wnym motywem jest cz\u0142owiek, \u015brodowisko, w kt\u00f3rym \u017cyje oraz wydarzenia, w jakich uczestniczy.<\/p>\n\n\n\n<p>Laureaci poprzedniej edycji<\/p>\n\n\n\n<figure class=\"wp-block-gallery has-nested-images columns-default is-cropped wp-block-gallery-1 is-layout-flex wp-block-gallery-is-layout-flex\">\n<figure class=\"wp-block-image size-large\"><a href=\"http:\/\/www.klimatyczestochowy.pl\/wp-content\/uploads\/2024\/07\/37_MACIEKSKOWRONEK.jpg\"><img loading=\"lazy\" decoding=\"async\" width=\"1024\" height=\"717\" data-id=\"1467\" src=\"http:\/\/www.klimatyczestochowy.pl\/wp-content\/uploads\/2024\/07\/37_MACIEKSKOWRONEK-1024x717.jpg\" alt=\"\" class=\"wp-image-1467\" srcset=\"http:\/\/www.klimatyczestochowy.pl\/wp-content\/uploads\/2024\/07\/37_MACIEKSKOWRONEK-1024x717.jpg 1024w, http:\/\/www.klimatyczestochowy.pl\/wp-content\/uploads\/2024\/07\/37_MACIEKSKOWRONEK-300x210.jpg 300w, http:\/\/www.klimatyczestochowy.pl\/wp-content\/uploads\/2024\/07\/37_MACIEKSKOWRONEK-768x538.jpg 768w, http:\/\/www.klimatyczestochowy.pl\/wp-content\/uploads\/2024\/07\/37_MACIEKSKOWRONEK-1536x1075.jpg 1536w, http:\/\/www.klimatyczestochowy.pl\/wp-content\/uploads\/2024\/07\/37_MACIEKSKOWRONEK.jpg 1800w\" sizes=\"auto, (max-width: 1024px) 100vw, 1024px\" \/><\/a><\/figure>\n\n\n\n<figure class=\"wp-block-image size-large\"><a href=\"http:\/\/www.klimatyczestochowy.pl\/wp-content\/uploads\/2024\/07\/18_DOROTAPLISZKA.jpg\"><img loading=\"lazy\" decoding=\"async\" width=\"1024\" height=\"717\" data-id=\"1466\" src=\"http:\/\/www.klimatyczestochowy.pl\/wp-content\/uploads\/2024\/07\/18_DOROTAPLISZKA-1024x717.jpg\" alt=\"\" class=\"wp-image-1466\" srcset=\"http:\/\/www.klimatyczestochowy.pl\/wp-content\/uploads\/2024\/07\/18_DOROTAPLISZKA-1024x717.jpg 1024w, http:\/\/www.klimatyczestochowy.pl\/wp-content\/uploads\/2024\/07\/18_DOROTAPLISZKA-300x210.jpg 300w, http:\/\/www.klimatyczestochowy.pl\/wp-content\/uploads\/2024\/07\/18_DOROTAPLISZKA-768x538.jpg 768w, http:\/\/www.klimatyczestochowy.pl\/wp-content\/uploads\/2024\/07\/18_DOROTAPLISZKA-1536x1075.jpg 1536w, http:\/\/www.klimatyczestochowy.pl\/wp-content\/uploads\/2024\/07\/18_DOROTAPLISZKA.jpg 1800w\" sizes=\"auto, (max-width: 1024px) 100vw, 1024px\" \/><\/a><\/figure>\n\n\n\n<figure class=\"wp-block-image size-large\"><a href=\"http:\/\/www.klimatyczestochowy.pl\/wp-content\/uploads\/2024\/07\/34_KAMILPAWLIK.jpg\"><img loading=\"lazy\" decoding=\"async\" width=\"1024\" height=\"717\" data-id=\"1468\" src=\"http:\/\/www.klimatyczestochowy.pl\/wp-content\/uploads\/2024\/07\/34_KAMILPAWLIK-1024x717.jpg\" alt=\"\" class=\"wp-image-1468\" srcset=\"http:\/\/www.klimatyczestochowy.pl\/wp-content\/uploads\/2024\/07\/34_KAMILPAWLIK-1024x717.jpg 1024w, http:\/\/www.klimatyczestochowy.pl\/wp-content\/uploads\/2024\/07\/34_KAMILPAWLIK-300x210.jpg 300w, http:\/\/www.klimatyczestochowy.pl\/wp-content\/uploads\/2024\/07\/34_KAMILPAWLIK-768x538.jpg 768w, http:\/\/www.klimatyczestochowy.pl\/wp-content\/uploads\/2024\/07\/34_KAMILPAWLIK-1536x1075.jpg 1536w, http:\/\/www.klimatyczestochowy.pl\/wp-content\/uploads\/2024\/07\/34_KAMILPAWLIK.jpg 1800w\" sizes=\"auto, (max-width: 1024px) 100vw, 1024px\" \/><\/a><\/figure>\n\n\n\n<figure class=\"wp-block-image size-large\"><a href=\"http:\/\/www.klimatyczestochowy.pl\/wp-content\/uploads\/2024\/07\/14_WALDEMARDESKA.jpg\"><img loading=\"lazy\" decoding=\"async\" width=\"1024\" height=\"717\" data-id=\"1469\" src=\"http:\/\/www.klimatyczestochowy.pl\/wp-content\/uploads\/2024\/07\/14_WALDEMARDESKA-1024x717.jpg\" alt=\"\" class=\"wp-image-1469\" srcset=\"http:\/\/www.klimatyczestochowy.pl\/wp-content\/uploads\/2024\/07\/14_WALDEMARDESKA-1024x717.jpg 1024w, http:\/\/www.klimatyczestochowy.pl\/wp-content\/uploads\/2024\/07\/14_WALDEMARDESKA-300x210.jpg 300w, http:\/\/www.klimatyczestochowy.pl\/wp-content\/uploads\/2024\/07\/14_WALDEMARDESKA-768x538.jpg 768w, http:\/\/www.klimatyczestochowy.pl\/wp-content\/uploads\/2024\/07\/14_WALDEMARDESKA-1536x1075.jpg 1536w, http:\/\/www.klimatyczestochowy.pl\/wp-content\/uploads\/2024\/07\/14_WALDEMARDESKA.jpg 1800w\" sizes=\"auto, (max-width: 1024px) 100vw, 1024px\" \/><\/a><\/figure>\n\n\n\n<figure class=\"wp-block-image size-large\"><a href=\"http:\/\/www.klimatyczestochowy.pl\/wp-content\/uploads\/2024\/07\/27_PIOTRPILSNIAK.jpg\"><img loading=\"lazy\" decoding=\"async\" width=\"1024\" height=\"717\" data-id=\"1470\" src=\"http:\/\/www.klimatyczestochowy.pl\/wp-content\/uploads\/2024\/07\/27_PIOTRPILSNIAK-1024x717.jpg\" alt=\"\" class=\"wp-image-1470\" srcset=\"http:\/\/www.klimatyczestochowy.pl\/wp-content\/uploads\/2024\/07\/27_PIOTRPILSNIAK-1024x717.jpg 1024w, http:\/\/www.klimatyczestochowy.pl\/wp-content\/uploads\/2024\/07\/27_PIOTRPILSNIAK-300x210.jpg 300w, http:\/\/www.klimatyczestochowy.pl\/wp-content\/uploads\/2024\/07\/27_PIOTRPILSNIAK-768x538.jpg 768w, http:\/\/www.klimatyczestochowy.pl\/wp-content\/uploads\/2024\/07\/27_PIOTRPILSNIAK-1536x1075.jpg 1536w, http:\/\/www.klimatyczestochowy.pl\/wp-content\/uploads\/2024\/07\/27_PIOTRPILSNIAK.jpg 1800w\" sizes=\"auto, (max-width: 1024px) 100vw, 1024px\" \/><\/a><\/figure>\n\n\n\n<figure class=\"wp-block-image size-large\"><a href=\"http:\/\/www.klimatyczestochowy.pl\/wp-content\/uploads\/2024\/07\/28_GRZEGORZSKOWRONEK.jpg\"><img loading=\"lazy\" decoding=\"async\" width=\"1024\" height=\"717\" data-id=\"1471\" src=\"http:\/\/www.klimatyczestochowy.pl\/wp-content\/uploads\/2024\/07\/28_GRZEGORZSKOWRONEK-1024x717.jpg\" alt=\"\" class=\"wp-image-1471\" srcset=\"http:\/\/www.klimatyczestochowy.pl\/wp-content\/uploads\/2024\/07\/28_GRZEGORZSKOWRONEK-1024x717.jpg 1024w, http:\/\/www.klimatyczestochowy.pl\/wp-content\/uploads\/2024\/07\/28_GRZEGORZSKOWRONEK-300x210.jpg 300w, http:\/\/www.klimatyczestochowy.pl\/wp-content\/uploads\/2024\/07\/28_GRZEGORZSKOWRONEK-768x538.jpg 768w, http:\/\/www.klimatyczestochowy.pl\/wp-content\/uploads\/2024\/07\/28_GRZEGORZSKOWRONEK-1536x1075.jpg 1536w, http:\/\/www.klimatyczestochowy.pl\/wp-content\/uploads\/2024\/07\/28_GRZEGORZSKOWRONEK.jpg 1800w\" sizes=\"auto, (max-width: 1024px) 100vw, 1024px\" \/><\/a><\/figure>\n<\/figure>\n","protected":false},"excerpt":{"rendered":"<p>Zapraszamy do udzia\u0142u w 17. edycji konkursu fotograficznego \u201eKlimaty Cz\u0119stochowy\u201d. Celem \u201eKlimat\u00f3w Cz\u0119stochowy \u201d, konkursu fotograficznego organizowanego przez Wydzia\u0142 Informacji i Komunikacji Urz\u0119du Miasta Cz\u0119stochowy i Muzeum Cz\u0119stochowskiego jest ukazanie walor\u00f3w kulturowych, architektonicznych, przyrodniczych i turystycznych Cz\u0119stochowy. Zamiarem organizatora jest pozyskanie i prezentacja fotografii obrazuj\u0105cych zainteresowanie przejawami \u017cycia w jego r\u00f3\u017cnorodnych dziedzinach. Mile widziane jest [&hellip;]<\/p>\n","protected":false},"author":7,"featured_media":1545,"comment_status":"closed","ping_status":"closed","sticky":false,"template":"","format":"standard","meta":{"footnotes":""},"categories":[3],"tags":[],"class_list":["post-1543","post","type-post","status-publish","format-standard","has-post-thumbnail","hentry","category-foto-1"],"_links":{"self":[{"href":"http:\/\/www.klimatyczestochowy.pl\/index.php?rest_route=\/wp\/v2\/posts\/1543","targetHints":{"allow":["GET"]}}],"collection":[{"href":"http:\/\/www.klimatyczestochowy.pl\/index.php?rest_route=\/wp\/v2\/posts"}],"about":[{"href":"http:\/\/www.klimatyczestochowy.pl\/index.php?rest_route=\/wp\/v2\/types\/post"}],"author":[{"embeddable":true,"href":"http:\/\/www.klimatyczestochowy.pl\/index.php?rest_route=\/wp\/v2\/users\/7"}],"replies":[{"embeddable":true,"href":"http:\/\/www.klimatyczestochowy.pl\/index.php?rest_route=%2Fwp%2Fv2%2Fcomments&post=1543"}],"version-history":[{"count":2,"href":"http:\/\/www.klimatyczestochowy.pl\/index.php?rest_route=\/wp\/v2\/posts\/1543\/revisions"}],"predecessor-version":[{"id":1547,"href":"http:\/\/www.klimatyczestochowy.pl\/index.php?rest_route=\/wp\/v2\/posts\/1543\/revisions\/1547"}],"wp:featuredmedia":[{"embeddable":true,"href":"http:\/\/www.klimatyczestochowy.pl\/index.php?rest_route=\/wp\/v2\/media\/1545"}],"wp:attachment":[{"href":"http:\/\/www.klimatyczestochowy.pl\/index.php?rest_route=%2Fwp%2Fv2%2Fmedia&parent=1543"}],"wp:term":[{"taxonomy":"category","embeddable":true,"href":"http:\/\/www.klimatyczestochowy.pl\/index.php?rest_route=%2Fwp%2Fv2%2Fcategories&post=1543"},{"taxonomy":"post_tag","embeddable":true,"href":"http:\/\/www.klimatyczestochowy.pl\/index.php?rest_route=%2Fwp%2Fv2%2Ftags&post=1543"}],"curies":[{"name":"wp","href":"https:\/\/api.w.org\/{rel}","templated":true}]}}