{"id":151,"date":"2012-10-22T08:52:16","date_gmt":"2012-10-22T08:52:16","guid":{"rendered":"http:\/\/czestochowianie.home.pl\/klimaty\/?p=151"},"modified":"2015-05-18T09:02:14","modified_gmt":"2015-05-18T09:02:14","slug":"nadeslaliscie-prawie-900-zdjec","status":"publish","type":"post","link":"http:\/\/www.klimatyczestochowy.pl\/?p=151","title":{"rendered":"Nades\u0142ali\u015bcie prawie 900 zdj\u0119\u0107!"},"content":{"rendered":"<p>W 7. edycji &#8222;Klimat\u00f3w Cz\u0119stochowy&#8221; 133 autor\u00f3w przes\u0142a\u0142o prawie 900 fotografii. <!--more-->Ju\u017c niebawem obrady Jury, a chwile po nich og\u0142osimy list\u0119 uczestnik\u00f3w wystawy pokonkursowej.<\/p>\n<p>Wasze fotografie ocenia\u0107 b\u0119d\u0105:<br \/>\nMaksymilian Rigamonti &#8211; fotoreporter, zdobywca Grand Prix Grand Press Photo 2012<br \/>\nPiotr Bednarek &#8211; fotoreporter nagrodzony pierwsz\u0105 nagrod\u0105 w 6. edycji &#8222;Klimat\u00f3w Cz\u0119stochowy&#8221; (kat. reporterska)<br \/>\nKrzysztof Muskalski &#8211; fotograf, podr\u00f3\u017cnik<br \/>\nMarcin Szp\u0105drowski &#8211; fotograf, wsp\u00f3\u0142organizator &#8222;Klimat\u00f3w Cz\u0119stochowy&#8221;<br \/>\nMonstfur &#8211; artysta graffiti<\/p>\n","protected":false},"excerpt":{"rendered":"<p>W 7. edycji &#8222;Klimat\u00f3w Cz\u0119stochowy&#8221; 133 autor\u00f3w przes\u0142a\u0142o prawie 900 fotografii.<\/p>\n","protected":false},"author":2,"featured_media":645,"comment_status":"open","ping_status":"open","sticky":false,"template":"","format":"standard","meta":{"footnotes":""},"categories":[1],"tags":[],"class_list":["post-151","post","type-post","status-publish","format-standard","has-post-thumbnail","hentry","category-bez-kategorii"],"_links":{"self":[{"href":"http:\/\/www.klimatyczestochowy.pl\/index.php?rest_route=\/wp\/v2\/posts\/151","targetHints":{"allow":["GET"]}}],"collection":[{"href":"http:\/\/www.klimatyczestochowy.pl\/index.php?rest_route=\/wp\/v2\/posts"}],"about":[{"href":"http:\/\/www.klimatyczestochowy.pl\/index.php?rest_route=\/wp\/v2\/types\/post"}],"author":[{"embeddable":true,"href":"http:\/\/www.klimatyczestochowy.pl\/index.php?rest_route=\/wp\/v2\/users\/2"}],"replies":[{"embeddable":true,"href":"http:\/\/www.klimatyczestochowy.pl\/index.php?rest_route=%2Fwp%2Fv2%2Fcomments&post=151"}],"version-history":[{"count":1,"href":"http:\/\/www.klimatyczestochowy.pl\/index.php?rest_route=\/wp\/v2\/posts\/151\/revisions"}],"predecessor-version":[{"id":153,"href":"http:\/\/www.klimatyczestochowy.pl\/index.php?rest_route=\/wp\/v2\/posts\/151\/revisions\/153"}],"wp:featuredmedia":[{"embeddable":true,"href":"http:\/\/www.klimatyczestochowy.pl\/index.php?rest_route=\/wp\/v2\/media\/645"}],"wp:attachment":[{"href":"http:\/\/www.klimatyczestochowy.pl\/index.php?rest_route=%2Fwp%2Fv2%2Fmedia&parent=151"}],"wp:term":[{"taxonomy":"category","embeddable":true,"href":"http:\/\/www.klimatyczestochowy.pl\/index.php?rest_route=%2Fwp%2Fv2%2Fcategories&post=151"},{"taxonomy":"post_tag","embeddable":true,"href":"http:\/\/www.klimatyczestochowy.pl\/index.php?rest_route=%2Fwp%2Fv2%2Ftags&post=151"}],"curies":[{"name":"wp","href":"https:\/\/api.w.org\/{rel}","templated":true}]}}