{"id":148,"date":"2012-11-02T08:46:58","date_gmt":"2012-11-02T08:46:58","guid":{"rendered":"http:\/\/czestochowianie.home.pl\/klimaty\/?p=148"},"modified":"2014-12-08T08:50:19","modified_gmt":"2014-12-08T08:50:19","slug":"lista-uczestnikow-7-edycji-klimatow-czestochowy","status":"publish","type":"post","link":"http:\/\/www.klimatyczestochowy.pl\/?p=148","title":{"rendered":"Lista uczestnik\u00f3w 7. edycji &#8222;Klimat\u00f3w Cz\u0119stochowy&#8221;"},"content":{"rendered":"<p>Prezentujemy list\u0119 os\u00f3b zakwalifikowanych do wystawy pokonkursowej 7. &#8222;Klimat\u00f3w Cz\u0119stochowy&#8221;. <!--more-->Serdecznie gratulujemy zakwalifikowania si\u0119 do ekspozycji. Otwarcie wystawy i wr\u0119czenie nagr\u00f3d laureatom nast\u0105pi 9 listopada 2012 roku o godz. 17.00 w Galerii Dobrej Sztuki Muzeum Cz\u0119stochowskiego.<\/p>\n<p>Adamus Sebastian<br \/>\nBaranowski Dariusz<br \/>\nBarczy\u0144ski Wojciech<br \/>\nCekus Marcin<br \/>\nCiupa Olivia<br \/>\nCzekaj Marek<br \/>\nDomaga\u0142a Wojciech<br \/>\nGa\u0142wa Agnieszka<br \/>\nGawro\u0144ski Dariusz<br \/>\nJadczyk Zuzanna<br \/>\nJamr\u00f3z Krystian<br \/>\nJanus Justyna<br \/>\nJ\u0119drecki Jacek<br \/>\nKami\u0144ski Jacek<br \/>\nKozakowska Ma\u0142gorzata<br \/>\nKoz\u0142owski Jakub<br \/>\nLedwo\u0144 Katarzyna<br \/>\nLuda Andrzej<br \/>\n\u0141awniczek Grzegorz<br \/>\nMadejska Aleksandra<br \/>\nMarcin J\u0119dryka<br \/>\nMichalski Marcin<br \/>\nNiebudek Magdalena<br \/>\nNowak Marcin<br \/>\nPaluszewska Agata<br \/>\nRespondek Jaros\u0142aw<br \/>\nSiwik El\u017cbieta<br \/>\nSkoczylas Przemys\u0142aw<br \/>\nSkorek Kamila<br \/>\nSkowronek Grzegorz<br \/>\nStacherczak \u0141ukasz<br \/>\nSt\u0119pie\u0144 Janusz<br \/>\nSobczak Joanna<br \/>\nSzczodry Pawe\u0142<br \/>\nSzec\u00f3wka Agata<br \/>\nSzp\u0105drowska Magdalena<br \/>\nWi\u015bniewski Dominik<br \/>\nZalejska Katarzyna<br \/>\nZiental Piotr<\/p>\n","protected":false},"excerpt":{"rendered":"<p>Prezentujemy list\u0119 os\u00f3b zakwalifikowanych do wystawy pokonkursowej 7. &#8222;Klimat\u00f3w Cz\u0119stochowy&#8221;.<\/p>\n","protected":false},"author":2,"featured_media":149,"comment_status":"open","ping_status":"open","sticky":false,"template":"","format":"standard","meta":{"footnotes":""},"categories":[1],"tags":[],"class_list":["post-148","post","type-post","status-publish","format-standard","has-post-thumbnail","hentry","category-bez-kategorii"],"_links":{"self":[{"href":"http:\/\/www.klimatyczestochowy.pl\/index.php?rest_route=\/wp\/v2\/posts\/148","targetHints":{"allow":["GET"]}}],"collection":[{"href":"http:\/\/www.klimatyczestochowy.pl\/index.php?rest_route=\/wp\/v2\/posts"}],"about":[{"href":"http:\/\/www.klimatyczestochowy.pl\/index.php?rest_route=\/wp\/v2\/types\/post"}],"author":[{"embeddable":true,"href":"http:\/\/www.klimatyczestochowy.pl\/index.php?rest_route=\/wp\/v2\/users\/2"}],"replies":[{"embeddable":true,"href":"http:\/\/www.klimatyczestochowy.pl\/index.php?rest_route=%2Fwp%2Fv2%2Fcomments&post=148"}],"version-history":[{"count":1,"href":"http:\/\/www.klimatyczestochowy.pl\/index.php?rest_route=\/wp\/v2\/posts\/148\/revisions"}],"predecessor-version":[{"id":150,"href":"http:\/\/www.klimatyczestochowy.pl\/index.php?rest_route=\/wp\/v2\/posts\/148\/revisions\/150"}],"wp:featuredmedia":[{"embeddable":true,"href":"http:\/\/www.klimatyczestochowy.pl\/index.php?rest_route=\/wp\/v2\/media\/149"}],"wp:attachment":[{"href":"http:\/\/www.klimatyczestochowy.pl\/index.php?rest_route=%2Fwp%2Fv2%2Fmedia&parent=148"}],"wp:term":[{"taxonomy":"category","embeddable":true,"href":"http:\/\/www.klimatyczestochowy.pl\/index.php?rest_route=%2Fwp%2Fv2%2Fcategories&post=148"},{"taxonomy":"post_tag","embeddable":true,"href":"http:\/\/www.klimatyczestochowy.pl\/index.php?rest_route=%2Fwp%2Fv2%2Ftags&post=148"}],"curies":[{"name":"wp","href":"https:\/\/api.w.org\/{rel}","templated":true}]}}