{"id":1464,"date":"2024-01-02T11:54:00","date_gmt":"2024-01-02T11:54:00","guid":{"rendered":"http:\/\/www.klimatyczestochowy.pl\/?p=1464"},"modified":"2024-07-11T07:54:50","modified_gmt":"2024-07-11T07:54:50","slug":"zobaczcie-nagrodzone-zdjecia","status":"publish","type":"post","link":"http:\/\/www.klimatyczestochowy.pl\/?p=1464","title":{"rendered":"Znamy nagrodzonych"},"content":{"rendered":"\n<p>Poznajcie laureat\u00f3w 16. edycji konkursu fotograficznego &#8222;Klimaty Cz\u0119stochowy&#8221;.<\/p>\n\n\n\n<figure class=\"wp-block-image size-large\"><a href=\"http:\/\/www.klimatyczestochowy.pl\/wp-content\/uploads\/2024\/07\/18_DOROTAPLISZKA.jpg\"><img loading=\"lazy\" decoding=\"async\" width=\"1024\" height=\"717\" src=\"http:\/\/www.klimatyczestochowy.pl\/wp-content\/uploads\/2024\/07\/18_DOROTAPLISZKA-1024x717.jpg\" alt=\"uczniowie na boisku szkolnym podczas zimy\" class=\"wp-image-1466\" srcset=\"http:\/\/www.klimatyczestochowy.pl\/wp-content\/uploads\/2024\/07\/18_DOROTAPLISZKA-1024x717.jpg 1024w, http:\/\/www.klimatyczestochowy.pl\/wp-content\/uploads\/2024\/07\/18_DOROTAPLISZKA-300x210.jpg 300w, http:\/\/www.klimatyczestochowy.pl\/wp-content\/uploads\/2024\/07\/18_DOROTAPLISZKA-768x538.jpg 768w, http:\/\/www.klimatyczestochowy.pl\/wp-content\/uploads\/2024\/07\/18_DOROTAPLISZKA-1536x1075.jpg 1536w, http:\/\/www.klimatyczestochowy.pl\/wp-content\/uploads\/2024\/07\/18_DOROTAPLISZKA.jpg 1800w\" sizes=\"auto, (max-width: 1024px) 100vw, 1024px\" \/><\/a><\/figure>\n\n\n\n<figure class=\"wp-block-image size-large\"><a href=\"http:\/\/www.klimatyczestochowy.pl\/wp-content\/uploads\/2024\/07\/37_MACIEKSKOWRONEK.jpg\"><img loading=\"lazy\" decoding=\"async\" width=\"1024\" height=\"717\" src=\"http:\/\/www.klimatyczestochowy.pl\/wp-content\/uploads\/2024\/07\/37_MACIEKSKOWRONEK-1024x717.jpg\" alt=\"p\u0142ac Daszy\u0144skiego procesja w Bo\u017c\u0119 Cia\u0142o \" class=\"wp-image-1467\" srcset=\"http:\/\/www.klimatyczestochowy.pl\/wp-content\/uploads\/2024\/07\/37_MACIEKSKOWRONEK-1024x717.jpg 1024w, http:\/\/www.klimatyczestochowy.pl\/wp-content\/uploads\/2024\/07\/37_MACIEKSKOWRONEK-300x210.jpg 300w, http:\/\/www.klimatyczestochowy.pl\/wp-content\/uploads\/2024\/07\/37_MACIEKSKOWRONEK-768x538.jpg 768w, http:\/\/www.klimatyczestochowy.pl\/wp-content\/uploads\/2024\/07\/37_MACIEKSKOWRONEK-1536x1075.jpg 1536w, http:\/\/www.klimatyczestochowy.pl\/wp-content\/uploads\/2024\/07\/37_MACIEKSKOWRONEK.jpg 1800w\" sizes=\"auto, (max-width: 1024px) 100vw, 1024px\" \/><\/a><\/figure>\n\n\n\n<figure class=\"wp-block-image size-large\"><a href=\"http:\/\/www.klimatyczestochowy.pl\/wp-content\/uploads\/2024\/07\/34_KAMILPAWLIK.jpg\"><img loading=\"lazy\" decoding=\"async\" width=\"1024\" height=\"717\" src=\"http:\/\/www.klimatyczestochowy.pl\/wp-content\/uploads\/2024\/07\/34_KAMILPAWLIK-1024x717.jpg\" alt=\"Przystanek na Armii Krajowej\" class=\"wp-image-1468\" srcset=\"http:\/\/www.klimatyczestochowy.pl\/wp-content\/uploads\/2024\/07\/34_KAMILPAWLIK-1024x717.jpg 1024w, http:\/\/www.klimatyczestochowy.pl\/wp-content\/uploads\/2024\/07\/34_KAMILPAWLIK-300x210.jpg 300w, http:\/\/www.klimatyczestochowy.pl\/wp-content\/uploads\/2024\/07\/34_KAMILPAWLIK-768x538.jpg 768w, http:\/\/www.klimatyczestochowy.pl\/wp-content\/uploads\/2024\/07\/34_KAMILPAWLIK-1536x1075.jpg 1536w, http:\/\/www.klimatyczestochowy.pl\/wp-content\/uploads\/2024\/07\/34_KAMILPAWLIK.jpg 1800w\" sizes=\"auto, (max-width: 1024px) 100vw, 1024px\" \/><\/a><\/figure>\n\n\n\n<figure class=\"wp-block-image size-large\"><a href=\"http:\/\/www.klimatyczestochowy.pl\/wp-content\/uploads\/2024\/07\/14_WALDEMARDESKA.jpg\"><img loading=\"lazy\" decoding=\"async\" width=\"1024\" height=\"717\" src=\"http:\/\/www.klimatyczestochowy.pl\/wp-content\/uploads\/2024\/07\/14_WALDEMARDESKA-1024x717.jpg\" alt=\"B\u0142onie Jasnog\u00f3rskie. W trakcie upa\u0142\u00f3w pielgrzymi wykorzystuj\u0105 ka\u017cde zacienione miejsce\" class=\"wp-image-1469\" srcset=\"http:\/\/www.klimatyczestochowy.pl\/wp-content\/uploads\/2024\/07\/14_WALDEMARDESKA-1024x717.jpg 1024w, http:\/\/www.klimatyczestochowy.pl\/wp-content\/uploads\/2024\/07\/14_WALDEMARDESKA-300x210.jpg 300w, http:\/\/www.klimatyczestochowy.pl\/wp-content\/uploads\/2024\/07\/14_WALDEMARDESKA-768x538.jpg 768w, http:\/\/www.klimatyczestochowy.pl\/wp-content\/uploads\/2024\/07\/14_WALDEMARDESKA-1536x1075.jpg 1536w, http:\/\/www.klimatyczestochowy.pl\/wp-content\/uploads\/2024\/07\/14_WALDEMARDESKA.jpg 1800w\" sizes=\"auto, (max-width: 1024px) 100vw, 1024px\" \/><\/a><\/figure>\n\n\n\n<figure class=\"wp-block-image size-large\"><a href=\"http:\/\/www.klimatyczestochowy.pl\/wp-content\/uploads\/2024\/07\/27_PIOTRPILSNIAK.jpg\"><img loading=\"lazy\" decoding=\"async\" width=\"1024\" height=\"717\" src=\"http:\/\/www.klimatyczestochowy.pl\/wp-content\/uploads\/2024\/07\/27_PIOTRPILSNIAK-1024x717.jpg\" alt=\"Rzymskokatolicka parafia pw. \u015awi\u0119tego Jakuba Aposto\u0142a w Cz\u0119stochowie \" class=\"wp-image-1470\" srcset=\"http:\/\/www.klimatyczestochowy.pl\/wp-content\/uploads\/2024\/07\/27_PIOTRPILSNIAK-1024x717.jpg 1024w, http:\/\/www.klimatyczestochowy.pl\/wp-content\/uploads\/2024\/07\/27_PIOTRPILSNIAK-300x210.jpg 300w, http:\/\/www.klimatyczestochowy.pl\/wp-content\/uploads\/2024\/07\/27_PIOTRPILSNIAK-768x538.jpg 768w, http:\/\/www.klimatyczestochowy.pl\/wp-content\/uploads\/2024\/07\/27_PIOTRPILSNIAK-1536x1075.jpg 1536w, http:\/\/www.klimatyczestochowy.pl\/wp-content\/uploads\/2024\/07\/27_PIOTRPILSNIAK.jpg 1800w\" sizes=\"auto, (max-width: 1024px) 100vw, 1024px\" \/><\/a><\/figure>\n\n\n\n<figure class=\"wp-block-image size-large\"><a href=\"http:\/\/www.klimatyczestochowy.pl\/wp-content\/uploads\/2024\/07\/28_GRZEGORZSKOWRONEK.jpg\"><img loading=\"lazy\" decoding=\"async\" width=\"1024\" height=\"717\" src=\"http:\/\/www.klimatyczestochowy.pl\/wp-content\/uploads\/2024\/07\/28_GRZEGORZSKOWRONEK-1024x717.jpg\" alt=\"Kibice podczas deszczu na Miejskim Stadionie Pi\u0142karskim RKS Rak\u00f3w\" class=\"wp-image-1471\" srcset=\"http:\/\/www.klimatyczestochowy.pl\/wp-content\/uploads\/2024\/07\/28_GRZEGORZSKOWRONEK-1024x717.jpg 1024w, http:\/\/www.klimatyczestochowy.pl\/wp-content\/uploads\/2024\/07\/28_GRZEGORZSKOWRONEK-300x210.jpg 300w, http:\/\/www.klimatyczestochowy.pl\/wp-content\/uploads\/2024\/07\/28_GRZEGORZSKOWRONEK-768x538.jpg 768w, http:\/\/www.klimatyczestochowy.pl\/wp-content\/uploads\/2024\/07\/28_GRZEGORZSKOWRONEK-1536x1075.jpg 1536w, http:\/\/www.klimatyczestochowy.pl\/wp-content\/uploads\/2024\/07\/28_GRZEGORZSKOWRONEK.jpg 1800w\" sizes=\"auto, (max-width: 1024px) 100vw, 1024px\" \/><\/a><\/figure>\n\n\n\n<p><\/p>\n\n\n\n<p class=\"has-text-align-center\">Zdj\u0119cia wszystkich finalist\u00f3w 16. edycji &#8222;Klimat\u00f3w&#8221; dost\u0119pne s\u0105 <a href=\"http:\/\/www.klimatyczestochowy.pl\/wp-content\/uploads\/2024\/07\/FOLDER_KLIMATY_2023_net.pdf\">tutaj.<\/a><\/p>\n","protected":false},"excerpt":{"rendered":"<p>Poznajcie laureat\u00f3w 16. edycji konkursu fotograficznego &#8222;Klimaty Cz\u0119stochowy&#8221;. Zdj\u0119cia wszystkich finalist\u00f3w 16. edycji &#8222;Klimat\u00f3w&#8221; dost\u0119pne s\u0105 tutaj.<\/p>\n","protected":false},"author":2,"featured_media":1465,"comment_status":"closed","ping_status":"closed","sticky":false,"template":"","format":"standard","meta":{"footnotes":""},"categories":[3],"tags":[],"class_list":["post-1464","post","type-post","status-publish","format-standard","has-post-thumbnail","hentry","category-foto-1"],"_links":{"self":[{"href":"http:\/\/www.klimatyczestochowy.pl\/index.php?rest_route=\/wp\/v2\/posts\/1464","targetHints":{"allow":["GET"]}}],"collection":[{"href":"http:\/\/www.klimatyczestochowy.pl\/index.php?rest_route=\/wp\/v2\/posts"}],"about":[{"href":"http:\/\/www.klimatyczestochowy.pl\/index.php?rest_route=\/wp\/v2\/types\/post"}],"author":[{"embeddable":true,"href":"http:\/\/www.klimatyczestochowy.pl\/index.php?rest_route=\/wp\/v2\/users\/2"}],"replies":[{"embeddable":true,"href":"http:\/\/www.klimatyczestochowy.pl\/index.php?rest_route=%2Fwp%2Fv2%2Fcomments&post=1464"}],"version-history":[{"count":8,"href":"http:\/\/www.klimatyczestochowy.pl\/index.php?rest_route=\/wp\/v2\/posts\/1464\/revisions"}],"predecessor-version":[{"id":1487,"href":"http:\/\/www.klimatyczestochowy.pl\/index.php?rest_route=\/wp\/v2\/posts\/1464\/revisions\/1487"}],"wp:featuredmedia":[{"embeddable":true,"href":"http:\/\/www.klimatyczestochowy.pl\/index.php?rest_route=\/wp\/v2\/media\/1465"}],"wp:attachment":[{"href":"http:\/\/www.klimatyczestochowy.pl\/index.php?rest_route=%2Fwp%2Fv2%2Fmedia&parent=1464"}],"wp:term":[{"taxonomy":"category","embeddable":true,"href":"http:\/\/www.klimatyczestochowy.pl\/index.php?rest_route=%2Fwp%2Fv2%2Fcategories&post=1464"},{"taxonomy":"post_tag","embeddable":true,"href":"http:\/\/www.klimatyczestochowy.pl\/index.php?rest_route=%2Fwp%2Fv2%2Ftags&post=1464"}],"curies":[{"name":"wp","href":"https:\/\/api.w.org\/{rel}","templated":true}]}}