{"id":145,"date":"2012-11-12T08:44:35","date_gmt":"2012-11-12T08:44:35","guid":{"rendered":"http:\/\/czestochowianie.home.pl\/klimaty\/?p=145"},"modified":"2014-12-08T08:46:07","modified_gmt":"2014-12-08T08:46:07","slug":"7-edycja-konkursu-fotograficznego-klimaty-czestochowy-szczesliwa-dla-wojciecha-barczynskiego","status":"publish","type":"post","link":"http:\/\/www.klimatyczestochowy.pl\/?p=145","title":{"rendered":"7. edycja konkursu fotograficznego &#8222;Klimaty Cz\u0119stochowy&#8221; szcz\u0119\u015bliwa dla Wojciecha Barczy\u0144skiego!"},"content":{"rendered":"<p>Od 9 listopada mo\u017cemy ogl\u0105da\u0107 fotografie zakwalifikowane do wystawy pokonkursowej. <!--more-->Ekspozycja w Galerii Dobrej Sztuki Muzeum Cz\u0119stochowskiego przy Alei Naj\u015bwi\u0119tszej Maryi Panny 47 czynna b\u0119dzie do ko\u0144ca listopada. Poznali\u015bmy tak\u017ce laureat\u00f3w 7. edycji konkursu.<\/p>\n<p>Jury w sk\u0142adzie Piotr Bednarek &#8211; fotoreporter nagrodzony pierwsz\u0105 nagrod\u0105 w 6. edycji &#8222;Klimat\u00f3w Cz\u0119stochowy&#8221; (kat. Reporterska); Krzysztof Muskalski &#8211; fotograf, podr\u00f3\u017cnik; Marcin Szp\u0105drowski &#8211; fotograf, wsp\u00f3\u0142organizator &#8222;Klimat\u00f3w Cz\u0119stochowy&#8221; oraz Monstfur &#8211; artysta graffiti, po zapoznaniu si\u0119 z 885 pracami 134 autor\u00f3w do wystawy pokonkursowej zakwalifikowa\u0142o 57 prac 39 autor\u00f3w.<\/p>\n<p>Grand Prix 7. edycji \u201eKlimat\u00f3w Cz\u0119stochowy\u201d oraz 2000 z\u0142 przyzna\u0142 w tym roku go\u015b\u0107 specjalny Maksymilian Rigamonti Wojciechowi Barczy\u0144skiemu, za prac\u0119 \u201ePrzystanek Politechnika\u201d!<\/p>\n<p>Oto lista pozosta\u0142ych nagrodzonych<\/p>\n<p>Fotografie Klimatyczne:<\/p>\n<p>I nagrod\u0119 w kategorii \u201eFotografia Klimatyczna\u201d w wysoko\u015bci 1000 z\u0142 otrzyma\u0142 Wojciech Domaga\u0142a, za cykl trzech zdj\u0119\u0107<br \/>\nII nagrod\u0119\u00a0 w kategorii \u201eFotografia Klimatyczna\u201d w wysoko\u015bci 600 z\u0142 otrzyma\u0142a Olivia Ciupa, za prac\u0119 \u201eU\u0142amek sekundy\u201d<br \/>\nIII nagrod\u0119\u00a0 w kategorii \u201eFotografia Klimatyczna\u201d w wysoko\u015bci 400 z\u0142 otrzyma\u0142 Marcin Nowak, za prac\u0119 \u201eJesie\u0144\u201d<\/p>\n<p>Fotografie Reporterskie:<\/p>\n<p>I nagrod\u0119 w kategorii \u201eFotografia Reporterska\u201d w wysoko\u015bci 1000 z\u0142 otrzyma\u0142a El\u017cbieta Siwik, za fotoreporta\u017c p.t. \u201eExistere Nadrzeczna\u201d<br \/>\nII nagrod\u0119\u00a0 w kategorii \u201eFotografia Reporterska\u201d w wysoko\u015bci 600 z\u0142 otrzyma\u0142 Jaros\u0142aw Respondek, za fotoreporta\u017c \u201eAktorzy\u201d<br \/>\nIII nagrod\u0119\u00a0 w kategorii \u201eFotografia Reporterska\u201d w wysoko\u015bci 400 z\u0142 otrzyma\u0142a Aleksandra Madejska, za zdj\u0119cie \u201eWalka z \u017cywio\u0142em\u201d<\/p>\n<p>Ponadto Jury postanowi\u0142o przyzna\u0107 dodatkowe wyr\u00f3\u017cnienia dla:<br \/>\n&#8211; Marcina J\u0119dryki za zdj\u0119cie \u201ePrzyjemno\u015bci\u201d (fotografia reporterska)<br \/>\n&#8211; Magdaleny Niebudek za cykl \u201eKibic\u201d (fotografia reporterska)<br \/>\n&#8211; Aleksandry Madejskiej za zdj\u0119cie \u201ePrzystanek Cz\u0119stochowa\u201d (fotografia klimatyczna)<br \/>\n&#8211; Kamili Skorek za zdj\u0119cie \u201eCz\u0119stochowa Osobowa\u201d (fotografia klimatyczna)<\/p>\n<p>Zapraszamy do galerii w kt\u00f3rej prezentujemy nagrodzone fotografie.<\/p>\n<p>Wszystkim uczestnikom tegorocznej ekspozycji &#8222;Klimat\u00f3w&#8221; serdecznie dzi\u0119kujemy i gratulujemy udzia\u0142u!<\/p>\n<p>Organizatorzy konkursu:<br \/>\nWydzia\u0142 Kultury i Promocji Urz\u0119du Miasta Cz\u0119stochowy<br \/>\noraz Muzeum Cz\u0119stochowskie<\/p>\n<p>Patronat medialny:<br \/>\nMiesi\u0119cznik \u201ePRESS\u201d \u2013 organizator konkursu \u201eGrand Press Photo\u201d<br \/>\nwww.press.pl<br \/>\nBezp\u0142atny Miesi\u0119cznik Miasta Cz\u0119stochowy<br \/>\n\u201cCo, gdzie, kiedy w Cz\u0119stochowie\u201d<br \/>\nwww.cgk.czestochowa.pl<\/p>\n<p>Fundator nagr\u00f3d:<br \/>\nMiasto Cz\u0119stochowa<\/p>\n","protected":false},"excerpt":{"rendered":"<p>Od 9 listopada mo\u017cemy ogl\u0105da\u0107 fotografie zakwalifikowane do wystawy pokonkursowej.<\/p>\n","protected":false},"author":2,"featured_media":146,"comment_status":"open","ping_status":"open","sticky":false,"template":"","format":"standard","meta":{"footnotes":""},"categories":[1],"tags":[],"class_list":["post-145","post","type-post","status-publish","format-standard","has-post-thumbnail","hentry","category-bez-kategorii"],"_links":{"self":[{"href":"http:\/\/www.klimatyczestochowy.pl\/index.php?rest_route=\/wp\/v2\/posts\/145","targetHints":{"allow":["GET"]}}],"collection":[{"href":"http:\/\/www.klimatyczestochowy.pl\/index.php?rest_route=\/wp\/v2\/posts"}],"about":[{"href":"http:\/\/www.klimatyczestochowy.pl\/index.php?rest_route=\/wp\/v2\/types\/post"}],"author":[{"embeddable":true,"href":"http:\/\/www.klimatyczestochowy.pl\/index.php?rest_route=\/wp\/v2\/users\/2"}],"replies":[{"embeddable":true,"href":"http:\/\/www.klimatyczestochowy.pl\/index.php?rest_route=%2Fwp%2Fv2%2Fcomments&post=145"}],"version-history":[{"count":1,"href":"http:\/\/www.klimatyczestochowy.pl\/index.php?rest_route=\/wp\/v2\/posts\/145\/revisions"}],"predecessor-version":[{"id":147,"href":"http:\/\/www.klimatyczestochowy.pl\/index.php?rest_route=\/wp\/v2\/posts\/145\/revisions\/147"}],"wp:featuredmedia":[{"embeddable":true,"href":"http:\/\/www.klimatyczestochowy.pl\/index.php?rest_route=\/wp\/v2\/media\/146"}],"wp:attachment":[{"href":"http:\/\/www.klimatyczestochowy.pl\/index.php?rest_route=%2Fwp%2Fv2%2Fmedia&parent=145"}],"wp:term":[{"taxonomy":"category","embeddable":true,"href":"http:\/\/www.klimatyczestochowy.pl\/index.php?rest_route=%2Fwp%2Fv2%2Fcategories&post=145"},{"taxonomy":"post_tag","embeddable":true,"href":"http:\/\/www.klimatyczestochowy.pl\/index.php?rest_route=%2Fwp%2Fv2%2Ftags&post=145"}],"curies":[{"name":"wp","href":"https:\/\/api.w.org\/{rel}","templated":true}]}}