{"id":141,"date":"2013-07-08T08:31:15","date_gmt":"2013-07-08T08:31:15","guid":{"rendered":"http:\/\/czestochowianie.home.pl\/klimaty\/?p=141"},"modified":"2014-12-08T08:36:27","modified_gmt":"2014-12-08T08:36:27","slug":"zapraszamy-do-udzialu-w-8-edycji-klimatow-czestochowy","status":"publish","type":"post","link":"http:\/\/www.klimatyczestochowy.pl\/?p=141","title":{"rendered":"Zapraszamy do udzia\u0142u w 8. edycji &#8222;Klimat\u00f3w Cz\u0119stochowy&#8221;"},"content":{"rendered":"<p>Ruszamy z 8. edycj\u0105 konkursu fotograficznego &#8222;Klimaty Cz\u0119stochowy&#8221;. <!--more-->Na fotografie czekamy do 3 pa\u017adziernika 2013 r. \u0141\u0105czna pula nagr\u00f3d w tym roku to a\u017c 7000 z\u0142!<\/p>\n<p>Prace oceniane b\u0119d\u0105 w dw\u00f3ch kategoriach: \u201eFotografia Klimatyczna\u201d oraz \u201eFotografia Reporterska\u201d. W obu kategoriach przyznane zostan\u0105 trzy r\u00f3wnorz\u0119dne nagrody. Wy\u0142oniona zostanie tak\u017ce najlepsza fotografia i to ona otrzyma tytu\u0142 Grand Prix. W tym roku przyznana zostanie tak\u017ce nagroda specjalna &#8211; wybierze j\u0105 laureat Grand Prix presti\u017cowego konkursu Grand Press Photo &#8211; Micha\u0142 Legierski.<br \/>\n\u0141\u0105czna pula nagr\u00f3d w 8. edycji konkursu \u201eKlimaty Cz\u0119stochowy\u201d to a\u017c 7000 z\u0142!<\/p>\n<p>Znamy tak\u017ce ju\u017c cz\u0142onk\u00f3w Jury:<\/p>\n<p>Wojciech Barczy\u0144ski<br \/>\nMaciej Kuro\u0144<br \/>\nS\u0142awomir Jod\u0142owski<br \/>\nMarta Frej &amp; Tomasz Kosi\u0144ski (Grupa FRiKO)<\/p>\n<p>Pokonkursowa wystawa \u201eKlimat\u00f3w Cz\u0119stochowy\u201d towarzyszy\u0107 b\u0119dzie \u2013 ju\u017c po raz sz\u00f3sty &#8211; wystawie prac Og\u00f3lnopolskiego Konkursu \u201eGrand Press Photo\u201d w Cz\u0119stochowie.<\/p>\n","protected":false},"excerpt":{"rendered":"<p>Ruszamy z 8. edycj\u0105 konkursu fotograficznego &#8222;Klimaty Cz\u0119stochowy&#8221;.<\/p>\n","protected":false},"author":2,"featured_media":142,"comment_status":"open","ping_status":"open","sticky":false,"template":"","format":"standard","meta":{"footnotes":""},"categories":[1],"tags":[],"class_list":["post-141","post","type-post","status-publish","format-standard","has-post-thumbnail","hentry","category-bez-kategorii"],"_links":{"self":[{"href":"http:\/\/www.klimatyczestochowy.pl\/index.php?rest_route=\/wp\/v2\/posts\/141","targetHints":{"allow":["GET"]}}],"collection":[{"href":"http:\/\/www.klimatyczestochowy.pl\/index.php?rest_route=\/wp\/v2\/posts"}],"about":[{"href":"http:\/\/www.klimatyczestochowy.pl\/index.php?rest_route=\/wp\/v2\/types\/post"}],"author":[{"embeddable":true,"href":"http:\/\/www.klimatyczestochowy.pl\/index.php?rest_route=\/wp\/v2\/users\/2"}],"replies":[{"embeddable":true,"href":"http:\/\/www.klimatyczestochowy.pl\/index.php?rest_route=%2Fwp%2Fv2%2Fcomments&post=141"}],"version-history":[{"count":1,"href":"http:\/\/www.klimatyczestochowy.pl\/index.php?rest_route=\/wp\/v2\/posts\/141\/revisions"}],"predecessor-version":[{"id":143,"href":"http:\/\/www.klimatyczestochowy.pl\/index.php?rest_route=\/wp\/v2\/posts\/141\/revisions\/143"}],"wp:featuredmedia":[{"embeddable":true,"href":"http:\/\/www.klimatyczestochowy.pl\/index.php?rest_route=\/wp\/v2\/media\/142"}],"wp:attachment":[{"href":"http:\/\/www.klimatyczestochowy.pl\/index.php?rest_route=%2Fwp%2Fv2%2Fmedia&parent=141"}],"wp:term":[{"taxonomy":"category","embeddable":true,"href":"http:\/\/www.klimatyczestochowy.pl\/index.php?rest_route=%2Fwp%2Fv2%2Fcategories&post=141"},{"taxonomy":"post_tag","embeddable":true,"href":"http:\/\/www.klimatyczestochowy.pl\/index.php?rest_route=%2Fwp%2Fv2%2Ftags&post=141"}],"curies":[{"name":"wp","href":"https:\/\/api.w.org\/{rel}","templated":true}]}}