{"id":1394,"date":"2023-09-05T09:19:53","date_gmt":"2023-09-05T09:19:53","guid":{"rendered":"http:\/\/www.klimatyczestochowy.pl\/?p=1394"},"modified":"2025-09-25T09:10:35","modified_gmt":"2025-09-25T09:10:35","slug":"1394-2","status":"publish","type":"post","link":"http:\/\/www.klimatyczestochowy.pl\/?p=1394","title":{"rendered":"16. edycja konkursu"},"content":{"rendered":"\n<p><strong>Zapraszamy do udzia\u0142u w 16. edycji konkursu fotograficznego &#8222;Klimaty Cz\u0119stochowy&#8221;.<\/strong><\/p>\n\n\n\n<p><\/p>\n\n\n\n<p>Celem \u201eKlimat\u00f3w Cz\u0119stochowy \u201d, konkursu fotograficznego organizowanego przez Wydzia\u0142 Informacji i Komunikacji Urz\u0119du Miasta Cz\u0119stochowy i Muzeum Cz\u0119stochowskiego jest ukazanie walor\u00f3w kulturowych, architektonicznych, przyrodniczych i turystycznych Cz\u0119stochowy. Zamiarem organizatora jest pozyskanie i prezentacja fotografii obrazuj\u0105cych zainteresowanie przejawami \u017cycia w jego r\u00f3\u017cnorodnych dziedzinach. Mile widziane jest niebanalne potraktowanie \u201eklimat\u00f3w\u201d, gdzie g\u0142\u00f3wnym motywem jest cz\u0142owiek, \u015brodowisko, w kt\u00f3rym \u017cyje oraz wydarzenia, w jakich uczestniczy.<\/p>\n\n\n\n<p>\u0141\u0105czna pula nagr\u00f3d to 3700 z\u0142, a wyboru najlepszych zdj\u0119\u0107 dokona Jury w sk\u0142adzie: Agnieszka Ma\u0142asiewicz, Jacenty D\u0119dek i Wies\u0142aw Radzioch.<\/p>\n\n\n\n<p>Fotografie mo\u017cna zg\u0142asza\u0107 do 24 pa\u017adziernika 2023 roku za pomoc\u0105 specjalnego panelu na stronie www.klimatyczestochowy.pl . Na stronie mo\u017cna zapozna\u0107 si\u0119 te\u017c z regulaminem konkursu.<\/p>\n\n\n\n<p>Otwarcie wystawy pokonkursowej i og\u0142oszenie wynik\u00f3w odb\u0119dzie si\u0119 24 listopada w Pawilonie Wystawowym Muzeum Cz\u0119stochowskiego.<\/p>\n","protected":false},"excerpt":{"rendered":"<p>Zapraszamy do udzia\u0142u w 16. edycji konkursu fotograficznego &#8222;Klimaty Cz\u0119stochowy&#8221;. Celem \u201eKlimat\u00f3w Cz\u0119stochowy \u201d, konkursu fotograficznego organizowanego przez Wydzia\u0142 Informacji i Komunikacji Urz\u0119du Miasta Cz\u0119stochowy i Muzeum Cz\u0119stochowskiego jest ukazanie walor\u00f3w kulturowych, architektonicznych, przyrodniczych i turystycznych Cz\u0119stochowy. Zamiarem organizatora jest pozyskanie i prezentacja fotografii obrazuj\u0105cych zainteresowanie przejawami \u017cycia w jego r\u00f3\u017cnorodnych dziedzinach. Mile widziane jest [&hellip;]<\/p>\n","protected":false},"author":2,"featured_media":1395,"comment_status":"closed","ping_status":"closed","sticky":false,"template":"","format":"standard","meta":{"footnotes":""},"categories":[3],"tags":[],"class_list":["post-1394","post","type-post","status-publish","format-standard","has-post-thumbnail","hentry","category-foto-1"],"_links":{"self":[{"href":"http:\/\/www.klimatyczestochowy.pl\/index.php?rest_route=\/wp\/v2\/posts\/1394","targetHints":{"allow":["GET"]}}],"collection":[{"href":"http:\/\/www.klimatyczestochowy.pl\/index.php?rest_route=\/wp\/v2\/posts"}],"about":[{"href":"http:\/\/www.klimatyczestochowy.pl\/index.php?rest_route=\/wp\/v2\/types\/post"}],"author":[{"embeddable":true,"href":"http:\/\/www.klimatyczestochowy.pl\/index.php?rest_route=\/wp\/v2\/users\/2"}],"replies":[{"embeddable":true,"href":"http:\/\/www.klimatyczestochowy.pl\/index.php?rest_route=%2Fwp%2Fv2%2Fcomments&post=1394"}],"version-history":[{"count":4,"href":"http:\/\/www.klimatyczestochowy.pl\/index.php?rest_route=\/wp\/v2\/posts\/1394\/revisions"}],"predecessor-version":[{"id":1488,"href":"http:\/\/www.klimatyczestochowy.pl\/index.php?rest_route=\/wp\/v2\/posts\/1394\/revisions\/1488"}],"wp:featuredmedia":[{"embeddable":true,"href":"http:\/\/www.klimatyczestochowy.pl\/index.php?rest_route=\/wp\/v2\/media\/1395"}],"wp:attachment":[{"href":"http:\/\/www.klimatyczestochowy.pl\/index.php?rest_route=%2Fwp%2Fv2%2Fmedia&parent=1394"}],"wp:term":[{"taxonomy":"category","embeddable":true,"href":"http:\/\/www.klimatyczestochowy.pl\/index.php?rest_route=%2Fwp%2Fv2%2Fcategories&post=1394"},{"taxonomy":"post_tag","embeddable":true,"href":"http:\/\/www.klimatyczestochowy.pl\/index.php?rest_route=%2Fwp%2Fv2%2Ftags&post=1394"}],"curies":[{"name":"wp","href":"https:\/\/api.w.org\/{rel}","templated":true}]}}