{"id":138,"date":"2013-11-04T08:28:18","date_gmt":"2013-11-04T08:28:18","guid":{"rendered":"http:\/\/czestochowianie.home.pl\/klimaty\/?p=138"},"modified":"2014-12-08T08:30:48","modified_gmt":"2014-12-08T08:30:48","slug":"lista-uczestnikow-8-edycji-klimatow-czestochowy","status":"publish","type":"post","link":"http:\/\/www.klimatyczestochowy.pl\/?p=138","title":{"rendered":"Lista uczestnik\u00f3w 8. edycji &#8222;Klimat\u00f3w Cz\u0119stochowy&#8221;"},"content":{"rendered":"<p>Prezentujemy list\u0119 os\u00f3b kt\u00f3re zakwalifikowa\u0142y si\u0119 do wystawy pokonkursowej. <!--more-->Laureat\u00f3w tegorocznej edycji &#8222;Klimat\u00f3w&#8221; poznamy 8 listopada, o godz. 17.00 podczas uroczystego fina\u0142u w Muzeum Cz\u0119stochowskim przy Alei Naj\u015bwi\u0119tszej Maryi Panny 45.<\/p>\n<p>Sebastian Adamus<br \/>\nDariusz Baranowski<br \/>\nOlivia Ciupa<br \/>\nWaldemar Deska<br \/>\nWojciech Domaga\u0142a<br \/>\nIwetta Gintowt-Paprocka<br \/>\nJacek Janikowski<br \/>\nJacek J\u0119drecki<br \/>\nMarcin J\u0119dryka<br \/>\nPiotr J\u0119drzejak<br \/>\nKarolina K\u0119pka<br \/>\nMateusz Kluczny<br \/>\nMarcin Korgul<br \/>\nMa\u0142gorzata Kozakowska<br \/>\nZofia Langier<br \/>\nMarcin F. Michalski<br \/>\nKarolina Miechowska<br \/>\nKlaudia Oboza<br \/>\nKamila Olejarz<br \/>\nMarcin Opa\u0142czy\u0144ski<br \/>\nKatarzyna Pawlik<br \/>\nLeszek Pilichowski<br \/>\nPaulina Przenios\u0142o<br \/>\nJaros\u0142aw Respondek<br \/>\nPrzemys\u0142aw Skoczylas<br \/>\nGrzegorz Skowronek<br \/>\nOlgierd Tybinkowski<br \/>\nAndrzej Zembik<br \/>\nJakub Zi\u0119ba<\/p>\n<p>Gratulujemy zakwalifikowania si\u0119 do wystawy pokonkursowej.<\/p>\n<p>Przypominamy tak\u017ce, \u017ce tego samego dnia o godz. 18.00 w Klubie Stacherczak odb\u0119dzie si\u0119 wernisa\u017c wystawy \u201eGrand Press Photo 2013\u201d. Dzi\u0119ki wsparciu Miasta Cz\u0119stochowy i wielu Partner\u00f3w, presti\u017cowa wystawa pokonkursowa, organizowanego przez miesi\u0119cznik \u201ePress\u201d Konkursu Fotografii Prasowej Grand Press Photo 2013 ju\u017c po raz sz\u00f3sty zawita do Cz\u0119stochowy. 176 najlepszych zdj\u0119\u0107 prasowych minionego roku b\u0119dzie mo\u017cna zobaczy\u0107 w naszym mie\u015bcie tak, jak poprzednio, na parkingu podziemnym w budynku Schott, w dniach od 8 do 22 listopada 2013 r \u2013 7 dni w tygodniu, 24 godziny na dob\u0119. Podczas wernisa\u017cu zaprezentowane b\u0119d\u0105 r\u00f3wnie\u017c zwyci\u0119skie prace w kategorii Fotokasty. Go\u015bciem specjalnym wernisa\u017cu b\u0119dzie laureat tegorocznej nagrody Grand Press Photo, \u015bl\u0105ski fotoreporter Micha\u0142 Legierski, kt\u00f3ry opowie o swojej pracy i zaprezentuje najnowsze dokonania.<\/p>\n<p>Par\u0119 dni p\u00f3\u017aniej odb\u0119dzie si\u0119 Wyk\u0142ad \u201eFotoprawo\u201d. 13 listopada o godz. 18.00, tak\u017ce w Klubie Stacherczak, jako impreza towarzysz\u0105ca Wystawie Grand Press Photo, po raz pierwszy w Cz\u0119stochowie, odb\u0119dzie si\u0119 interesuj\u0105cy dla wszystkich fotografuj\u0105cych\/filmuj\u0105cych i fotografowanych\/filmowanych wyk\u0142ad \u201eTwoje Zdj\u0119cie? Twoje Prawo! O prawie autorskim dla Fotograf\u00f3w\u201d, prowadzony przez Wiktora Sobolewskiego z Nikon Polska, autora projektu FOTOPRAWO.PL. Wyk\u0142adowi towarzyszy\u0107 b\u0119dzie prezentacja profesjonalnego sprz\u0119tu fotograficznego.<\/p>\n","protected":false},"excerpt":{"rendered":"<p>Prezentujemy list\u0119 os\u00f3b kt\u00f3re zakwalifikowa\u0142y si\u0119 do wystawy pokonkursowej.<\/p>\n","protected":false},"author":2,"featured_media":139,"comment_status":"open","ping_status":"open","sticky":false,"template":"","format":"standard","meta":{"footnotes":""},"categories":[1],"tags":[],"class_list":["post-138","post","type-post","status-publish","format-standard","has-post-thumbnail","hentry","category-bez-kategorii"],"_links":{"self":[{"href":"http:\/\/www.klimatyczestochowy.pl\/index.php?rest_route=\/wp\/v2\/posts\/138","targetHints":{"allow":["GET"]}}],"collection":[{"href":"http:\/\/www.klimatyczestochowy.pl\/index.php?rest_route=\/wp\/v2\/posts"}],"about":[{"href":"http:\/\/www.klimatyczestochowy.pl\/index.php?rest_route=\/wp\/v2\/types\/post"}],"author":[{"embeddable":true,"href":"http:\/\/www.klimatyczestochowy.pl\/index.php?rest_route=\/wp\/v2\/users\/2"}],"replies":[{"embeddable":true,"href":"http:\/\/www.klimatyczestochowy.pl\/index.php?rest_route=%2Fwp%2Fv2%2Fcomments&post=138"}],"version-history":[{"count":1,"href":"http:\/\/www.klimatyczestochowy.pl\/index.php?rest_route=\/wp\/v2\/posts\/138\/revisions"}],"predecessor-version":[{"id":140,"href":"http:\/\/www.klimatyczestochowy.pl\/index.php?rest_route=\/wp\/v2\/posts\/138\/revisions\/140"}],"wp:featuredmedia":[{"embeddable":true,"href":"http:\/\/www.klimatyczestochowy.pl\/index.php?rest_route=\/wp\/v2\/media\/139"}],"wp:attachment":[{"href":"http:\/\/www.klimatyczestochowy.pl\/index.php?rest_route=%2Fwp%2Fv2%2Fmedia&parent=138"}],"wp:term":[{"taxonomy":"category","embeddable":true,"href":"http:\/\/www.klimatyczestochowy.pl\/index.php?rest_route=%2Fwp%2Fv2%2Fcategories&post=138"},{"taxonomy":"post_tag","embeddable":true,"href":"http:\/\/www.klimatyczestochowy.pl\/index.php?rest_route=%2Fwp%2Fv2%2Ftags&post=138"}],"curies":[{"name":"wp","href":"https:\/\/api.w.org\/{rel}","templated":true}]}}