{"id":1368,"date":"2022-11-26T09:04:00","date_gmt":"2022-11-26T09:04:00","guid":{"rendered":"http:\/\/www.klimatyczestochowy.pl\/?p=1368"},"modified":"2024-07-11T09:37:45","modified_gmt":"2024-07-11T09:37:45","slug":"1368-2","status":"publish","type":"post","link":"http:\/\/www.klimatyczestochowy.pl\/?p=1368","title":{"rendered":"Laureaci"},"content":{"rendered":"\n<p class=\"has-text-align-center\">Poznajcie laureat\u00f3w 15. edycji konkursu fotograficznego &#8222;Klimaty Cz\u0119stochowy&#8221;!<\/p>\n\n\n\n<p><\/p>\n\n\n\n<p><\/p>\n\n\n\n<p class=\"has-text-align-center\"><strong>NAGRODY<\/strong><br>________________________________________<\/p>\n\n\n\n<figure class=\"wp-block-image aligncenter size-large\"><a href=\"http:\/\/www.klimatyczestochowy.pl\/wp-content\/uploads\/2023\/09\/01_jacekkaminski.jpg\"><img loading=\"lazy\" decoding=\"async\" width=\"1024\" height=\"717\" src=\"http:\/\/www.klimatyczestochowy.pl\/wp-content\/uploads\/2023\/09\/01_jacekkaminski-1024x717.jpg\" alt=\"krzy\u017c ko\u015bcielny na tle blok\u00f3w\" class=\"wp-image-1370\" srcset=\"http:\/\/www.klimatyczestochowy.pl\/wp-content\/uploads\/2023\/09\/01_jacekkaminski-1024x717.jpg 1024w, http:\/\/www.klimatyczestochowy.pl\/wp-content\/uploads\/2023\/09\/01_jacekkaminski-300x210.jpg 300w, http:\/\/www.klimatyczestochowy.pl\/wp-content\/uploads\/2023\/09\/01_jacekkaminski-768x538.jpg 768w, http:\/\/www.klimatyczestochowy.pl\/wp-content\/uploads\/2023\/09\/01_jacekkaminski-1536x1075.jpg 1536w, http:\/\/www.klimatyczestochowy.pl\/wp-content\/uploads\/2023\/09\/01_jacekkaminski.jpg 1900w\" sizes=\"auto, (max-width: 1024px) 100vw, 1024px\" \/><\/a><\/figure>\n\n\n\n<p><\/p>\n\n\n\n<p class=\"has-text-align-center\">I nagrod\u0119 oraz 1900 z\u0142 zdoby\u0142 Jacek Kami\u0144ski za fotografi\u0119 \u201ebez tytu\u0142u\u201d<\/p>\n\n\n\n<figure class=\"wp-block-image aligncenter size-large\"><a href=\"http:\/\/www.klimatyczestochowy.pl\/wp-content\/uploads\/2023\/09\/02_maciekskowronek.jpg\"><img loading=\"lazy\" decoding=\"async\" width=\"1024\" height=\"717\" src=\"http:\/\/www.klimatyczestochowy.pl\/wp-content\/uploads\/2023\/09\/02_maciekskowronek-1024x717.jpg\" alt=\"dwie dziewczyny trzymaj\u0105ce flag\u0119 na twarzy maj\u0105 namalowane znaki flagi ukrai\u0144skie\" class=\"wp-image-1371\" srcset=\"http:\/\/www.klimatyczestochowy.pl\/wp-content\/uploads\/2023\/09\/02_maciekskowronek-1024x717.jpg 1024w, http:\/\/www.klimatyczestochowy.pl\/wp-content\/uploads\/2023\/09\/02_maciekskowronek-300x210.jpg 300w, http:\/\/www.klimatyczestochowy.pl\/wp-content\/uploads\/2023\/09\/02_maciekskowronek-768x538.jpg 768w, http:\/\/www.klimatyczestochowy.pl\/wp-content\/uploads\/2023\/09\/02_maciekskowronek-1536x1075.jpg 1536w, http:\/\/www.klimatyczestochowy.pl\/wp-content\/uploads\/2023\/09\/02_maciekskowronek.jpg 1900w\" sizes=\"auto, (max-width: 1024px) 100vw, 1024px\" \/><\/a><\/figure>\n\n\n\n<p><\/p>\n\n\n\n<p class=\"has-text-align-center\">II nagrod\u0119 oraz 1100 z\u0142 otrzyma\u0142 Maciek Skowronek za fotografi\u0119 \u201eSolidarno\u015b\u0107\u201d<\/p>\n\n\n\n<figure class=\"wp-block-image aligncenter size-large is-resized\"><a href=\"http:\/\/www.klimatyczestochowy.pl\/wp-content\/uploads\/2023\/09\/03_wiktoriarakocz.jpg\"><img loading=\"lazy\" decoding=\"async\" width=\"717\" height=\"1024\" src=\"http:\/\/www.klimatyczestochowy.pl\/wp-content\/uploads\/2023\/09\/03_wiktoriarakocz-717x1024.jpg\" alt=\"figury Matki Boskiej\" class=\"wp-image-1372\" style=\"width:507px;height:724px\" srcset=\"http:\/\/www.klimatyczestochowy.pl\/wp-content\/uploads\/2023\/09\/03_wiktoriarakocz-717x1024.jpg 717w, http:\/\/www.klimatyczestochowy.pl\/wp-content\/uploads\/2023\/09\/03_wiktoriarakocz-210x300.jpg 210w, http:\/\/www.klimatyczestochowy.pl\/wp-content\/uploads\/2023\/09\/03_wiktoriarakocz-768x1097.jpg 768w, http:\/\/www.klimatyczestochowy.pl\/wp-content\/uploads\/2023\/09\/03_wiktoriarakocz-1075x1536.jpg 1075w, http:\/\/www.klimatyczestochowy.pl\/wp-content\/uploads\/2023\/09\/03_wiktoriarakocz.jpg 1330w\" sizes=\"auto, (max-width: 717px) 100vw, 717px\" \/><\/a><\/figure>\n\n\n\n<p><\/p>\n\n\n\n<p class=\"has-text-align-center\">III nagrod\u0119 oraz 700 z\u0142 zdoby\u0142a Wiktoria Rakocz za fotografi\u0119 \u201eCz\u0119stochowa\u201d<\/p>\n\n\n\n<p class=\"has-text-align-center\"><strong>WYR\u00d3\u017bNIENIA<\/strong><br>________________________________________<\/p>\n\n\n\n<figure class=\"wp-block-image aligncenter size-large is-resized\"><a href=\"http:\/\/www.klimatyczestochowy.pl\/wp-content\/uploads\/2023\/09\/04_aleksandervan-1.jpg\"><img loading=\"lazy\" decoding=\"async\" width=\"717\" height=\"1024\" src=\"http:\/\/www.klimatyczestochowy.pl\/wp-content\/uploads\/2023\/09\/04_aleksandervan-1-717x1024.jpg\" alt=\"Dziewczyna idzie ulic\u0105 z roz\u0142o\u017conym parasolem w trakcie \u015bnie\u017cycy \" class=\"wp-image-1375\" style=\"width:500px;height:714px\" srcset=\"http:\/\/www.klimatyczestochowy.pl\/wp-content\/uploads\/2023\/09\/04_aleksandervan-1-717x1024.jpg 717w, http:\/\/www.klimatyczestochowy.pl\/wp-content\/uploads\/2023\/09\/04_aleksandervan-1-210x300.jpg 210w, http:\/\/www.klimatyczestochowy.pl\/wp-content\/uploads\/2023\/09\/04_aleksandervan-1-768x1097.jpg 768w, http:\/\/www.klimatyczestochowy.pl\/wp-content\/uploads\/2023\/09\/04_aleksandervan-1-1075x1536.jpg 1075w, http:\/\/www.klimatyczestochowy.pl\/wp-content\/uploads\/2023\/09\/04_aleksandervan-1.jpg 1330w\" sizes=\"auto, (max-width: 717px) 100vw, 717px\" \/><\/a><\/figure>\n\n\n\n<p><\/p>\n\n\n\n<p class=\"has-text-align-center\">I wyr\u00f3\u017cnienie &#8211; Aleksander Van za fotografi\u0119 \u201eWiosna 2022\u201d<\/p>\n\n\n\n<figure class=\"wp-block-image aligncenter size-large\"><a href=\"http:\/\/www.klimatyczestochowy.pl\/wp-content\/uploads\/2023\/09\/05_grzesskowronek.jpg\"><img loading=\"lazy\" decoding=\"async\" width=\"1024\" height=\"717\" src=\"http:\/\/www.klimatyczestochowy.pl\/wp-content\/uploads\/2023\/09\/05_grzesskowronek-1024x717.jpg\" alt=\"Ludzie pod szczytem jasnog\u00f3rskim na tle czerwonego dymu\" class=\"wp-image-1374\" srcset=\"http:\/\/www.klimatyczestochowy.pl\/wp-content\/uploads\/2023\/09\/05_grzesskowronek-1024x717.jpg 1024w, http:\/\/www.klimatyczestochowy.pl\/wp-content\/uploads\/2023\/09\/05_grzesskowronek-300x210.jpg 300w, http:\/\/www.klimatyczestochowy.pl\/wp-content\/uploads\/2023\/09\/05_grzesskowronek-768x538.jpg 768w, http:\/\/www.klimatyczestochowy.pl\/wp-content\/uploads\/2023\/09\/05_grzesskowronek-1536x1075.jpg 1536w, http:\/\/www.klimatyczestochowy.pl\/wp-content\/uploads\/2023\/09\/05_grzesskowronek.jpg 1900w\" sizes=\"auto, (max-width: 1024px) 100vw, 1024px\" \/><\/a><\/figure>\n\n\n\n<p><\/p>\n\n\n\n<p class=\"has-text-align-center\">II wyr\u00f3\u017cnienie &#8211; Grzegorz Skowronek za fotografi\u0119 \u201eModlitwa\u201d<\/p>\n\n\n\n<figure class=\"wp-block-image aligncenter size-large\"><a href=\"http:\/\/www.klimatyczestochowy.pl\/wp-content\/uploads\/2023\/09\/06_aleksandervan.jpg\"><img loading=\"lazy\" decoding=\"async\" width=\"1024\" height=\"717\" src=\"http:\/\/www.klimatyczestochowy.pl\/wp-content\/uploads\/2023\/09\/06_aleksandervan-1024x717.jpg\" alt=\"posta\u0107 \" class=\"wp-image-1376\" srcset=\"http:\/\/www.klimatyczestochowy.pl\/wp-content\/uploads\/2023\/09\/06_aleksandervan-1024x717.jpg 1024w, http:\/\/www.klimatyczestochowy.pl\/wp-content\/uploads\/2023\/09\/06_aleksandervan-300x210.jpg 300w, http:\/\/www.klimatyczestochowy.pl\/wp-content\/uploads\/2023\/09\/06_aleksandervan-768x538.jpg 768w, http:\/\/www.klimatyczestochowy.pl\/wp-content\/uploads\/2023\/09\/06_aleksandervan-1536x1075.jpg 1536w, http:\/\/www.klimatyczestochowy.pl\/wp-content\/uploads\/2023\/09\/06_aleksandervan.jpg 1900w\" sizes=\"auto, (max-width: 1024px) 100vw, 1024px\" \/><\/a><\/figure>\n\n\n\n<p><\/p>\n\n\n\n<p class=\"has-text-align-center\">III wyr\u00f3\u017cnienie &#8211; Aleksander Van za fotografi\u0119 \u201eDuch panny m\u0142odej\u201d<\/p>\n\n\n\n<figure class=\"wp-block-image aligncenter size-large\"><a href=\"http:\/\/www.klimatyczestochowy.pl\/wp-content\/uploads\/2023\/09\/07_rafalmlynczak.jpg\"><img loading=\"lazy\" decoding=\"async\" width=\"1024\" height=\"717\" src=\"http:\/\/www.klimatyczestochowy.pl\/wp-content\/uploads\/2023\/09\/07_rafalmlynczak-1024x717.jpg\" alt=\"Klasztor we mgle\" class=\"wp-image-1377\" srcset=\"http:\/\/www.klimatyczestochowy.pl\/wp-content\/uploads\/2023\/09\/07_rafalmlynczak-1024x717.jpg 1024w, http:\/\/www.klimatyczestochowy.pl\/wp-content\/uploads\/2023\/09\/07_rafalmlynczak-300x210.jpg 300w, http:\/\/www.klimatyczestochowy.pl\/wp-content\/uploads\/2023\/09\/07_rafalmlynczak-768x538.jpg 768w, http:\/\/www.klimatyczestochowy.pl\/wp-content\/uploads\/2023\/09\/07_rafalmlynczak-1536x1075.jpg 1536w, http:\/\/www.klimatyczestochowy.pl\/wp-content\/uploads\/2023\/09\/07_rafalmlynczak.jpg 1900w\" sizes=\"auto, (max-width: 1024px) 100vw, 1024px\" \/><\/a><\/figure>\n\n\n\n<p><\/p>\n\n\n\n<p class=\"has-text-align-center\">IV wyr\u00f3\u017cnienie &#8211; Rafa\u0142 M\u0142y\u0144czak za fotografi\u0119 \u201eW cieniu klasztoru\u201d<\/p>\n\n\n\n<figure class=\"wp-block-image aligncenter size-large\"><a href=\"http:\/\/www.klimatyczestochowy.pl\/wp-content\/uploads\/2023\/09\/08_katarzynagwara.jpg\"><img loading=\"lazy\" decoding=\"async\" width=\"1024\" height=\"717\" src=\"http:\/\/www.klimatyczestochowy.pl\/wp-content\/uploads\/2023\/09\/08_katarzynagwara-1024x717.jpg\" alt=\" Praca Katarzyny Gwary\" class=\"wp-image-1378\" srcset=\"http:\/\/www.klimatyczestochowy.pl\/wp-content\/uploads\/2023\/09\/08_katarzynagwara-1024x717.jpg 1024w, http:\/\/www.klimatyczestochowy.pl\/wp-content\/uploads\/2023\/09\/08_katarzynagwara-300x210.jpg 300w, http:\/\/www.klimatyczestochowy.pl\/wp-content\/uploads\/2023\/09\/08_katarzynagwara-768x538.jpg 768w, http:\/\/www.klimatyczestochowy.pl\/wp-content\/uploads\/2023\/09\/08_katarzynagwara-1536x1075.jpg 1536w, http:\/\/www.klimatyczestochowy.pl\/wp-content\/uploads\/2023\/09\/08_katarzynagwara.jpg 1900w\" sizes=\"auto, (max-width: 1024px) 100vw, 1024px\" \/><\/a><\/figure>\n\n\n\n<p><\/p>\n\n\n\n<p class=\"has-text-align-center\">V wyr\u00f3\u017cnienie &#8211; Katarzyna Gwara za fotografi\u0119 \u201eNiecodzienna codzienno\u015b\u0107\u201d<\/p>\n\n\n\n<figure class=\"wp-block-image aligncenter size-large\"><a href=\"http:\/\/www.klimatyczestochowy.pl\/wp-content\/uploads\/2023\/09\/09_mikhailaveryn.jpg\"><img loading=\"lazy\" decoding=\"async\" width=\"1024\" height=\"717\" src=\"http:\/\/www.klimatyczestochowy.pl\/wp-content\/uploads\/2023\/09\/09_mikhailaveryn-1024x717.jpg\" alt=\"Jasna G\u00f3ra we mgle\" class=\"wp-image-1379\" srcset=\"http:\/\/www.klimatyczestochowy.pl\/wp-content\/uploads\/2023\/09\/09_mikhailaveryn-1024x717.jpg 1024w, http:\/\/www.klimatyczestochowy.pl\/wp-content\/uploads\/2023\/09\/09_mikhailaveryn-300x210.jpg 300w, http:\/\/www.klimatyczestochowy.pl\/wp-content\/uploads\/2023\/09\/09_mikhailaveryn-768x538.jpg 768w, http:\/\/www.klimatyczestochowy.pl\/wp-content\/uploads\/2023\/09\/09_mikhailaveryn-1536x1075.jpg 1536w, http:\/\/www.klimatyczestochowy.pl\/wp-content\/uploads\/2023\/09\/09_mikhailaveryn.jpg 1900w\" sizes=\"auto, (max-width: 1024px) 100vw, 1024px\" \/><\/a><\/figure>\n\n\n\n<p><\/p>\n\n\n\n<p class=\"has-text-align-center\">VI wyr\u00f3\u017cnienie &#8211; Mikhail Averyn za fotografi\u0119 \u201eMglista Jasna G\u00f3ra\u201d<\/p>\n\n\n\n<p class=\"has-text-align-center\">Zwyci\u0119zcom, wyr\u00f3\u017cnionym, a tak\u017ce pozosta\u0142ym finalistom serdecznie gratulujemy! <br>Katalog 15. edycji &#8222;Klimat\u00f3w&#8221; dost\u0119pny <a href=\"http:\/\/www.klimatyczestochowy.pl\/wp-content\/uploads\/2023\/09\/FOLDER_KLIMATY_2022.pdf\" data-type=\"link\" data-id=\"http:\/\/www.klimatyczestochowy.pl\/wp-content\/uploads\/2023\/09\/FOLDER_KLIMATY_2022.pdf\">tutaj<\/a>.<\/p>\n\n\n\n<figure class=\"wp-block-image aligncenter size-large\"><a href=\"http:\/\/www.klimatyczestochowy.pl\/wp-content\/uploads\/2023\/09\/Klimaty-0b-1.jpg\"><img loading=\"lazy\" decoding=\"async\" width=\"1024\" height=\"683\" src=\"http:\/\/www.klimatyczestochowy.pl\/wp-content\/uploads\/2023\/09\/Klimaty-0b-1-1024x683.jpg\" alt=\"Laureaci\" class=\"wp-image-1382\" srcset=\"http:\/\/www.klimatyczestochowy.pl\/wp-content\/uploads\/2023\/09\/Klimaty-0b-1-1024x683.jpg 1024w, http:\/\/www.klimatyczestochowy.pl\/wp-content\/uploads\/2023\/09\/Klimaty-0b-1-300x200.jpg 300w, http:\/\/www.klimatyczestochowy.pl\/wp-content\/uploads\/2023\/09\/Klimaty-0b-1-768x512.jpg 768w, http:\/\/www.klimatyczestochowy.pl\/wp-content\/uploads\/2023\/09\/Klimaty-0b-1-1536x1024.jpg 1536w, http:\/\/www.klimatyczestochowy.pl\/wp-content\/uploads\/2023\/09\/Klimaty-0b-1.jpg 1800w\" sizes=\"auto, (max-width: 1024px) 100vw, 1024px\" \/><\/a><\/figure>\n","protected":false},"excerpt":{"rendered":"<p>Poznajcie laureat\u00f3w 15. edycji konkursu fotograficznego &#8222;Klimaty Cz\u0119stochowy&#8221;! NAGRODY________________________________________ I nagrod\u0119 oraz 1900 z\u0142 zdoby\u0142 Jacek Kami\u0144ski za fotografi\u0119 \u201ebez tytu\u0142u\u201d II nagrod\u0119 oraz 1100 z\u0142 otrzyma\u0142 Maciek Skowronek za fotografi\u0119 \u201eSolidarno\u015b\u0107\u201d III nagrod\u0119 oraz 700 z\u0142 zdoby\u0142a Wiktoria Rakocz za fotografi\u0119 \u201eCz\u0119stochowa\u201d WYR\u00d3\u017bNIENIA________________________________________ I wyr\u00f3\u017cnienie &#8211; Aleksander Van za fotografi\u0119 \u201eWiosna 2022\u201d II wyr\u00f3\u017cnienie [&hellip;]<\/p>\n","protected":false},"author":2,"featured_media":1369,"comment_status":"closed","ping_status":"closed","sticky":false,"template":"","format":"standard","meta":{"footnotes":""},"categories":[3],"tags":[],"class_list":["post-1368","post","type-post","status-publish","format-standard","has-post-thumbnail","hentry","category-foto-1"],"_links":{"self":[{"href":"http:\/\/www.klimatyczestochowy.pl\/index.php?rest_route=\/wp\/v2\/posts\/1368","targetHints":{"allow":["GET"]}}],"collection":[{"href":"http:\/\/www.klimatyczestochowy.pl\/index.php?rest_route=\/wp\/v2\/posts"}],"about":[{"href":"http:\/\/www.klimatyczestochowy.pl\/index.php?rest_route=\/wp\/v2\/types\/post"}],"author":[{"embeddable":true,"href":"http:\/\/www.klimatyczestochowy.pl\/index.php?rest_route=\/wp\/v2\/users\/2"}],"replies":[{"embeddable":true,"href":"http:\/\/www.klimatyczestochowy.pl\/index.php?rest_route=%2Fwp%2Fv2%2Fcomments&post=1368"}],"version-history":[{"count":16,"href":"http:\/\/www.klimatyczestochowy.pl\/index.php?rest_route=\/wp\/v2\/posts\/1368\/revisions"}],"predecessor-version":[{"id":1491,"href":"http:\/\/www.klimatyczestochowy.pl\/index.php?rest_route=\/wp\/v2\/posts\/1368\/revisions\/1491"}],"wp:featuredmedia":[{"embeddable":true,"href":"http:\/\/www.klimatyczestochowy.pl\/index.php?rest_route=\/wp\/v2\/media\/1369"}],"wp:attachment":[{"href":"http:\/\/www.klimatyczestochowy.pl\/index.php?rest_route=%2Fwp%2Fv2%2Fmedia&parent=1368"}],"wp:term":[{"taxonomy":"category","embeddable":true,"href":"http:\/\/www.klimatyczestochowy.pl\/index.php?rest_route=%2Fwp%2Fv2%2Fcategories&post=1368"},{"taxonomy":"post_tag","embeddable":true,"href":"http:\/\/www.klimatyczestochowy.pl\/index.php?rest_route=%2Fwp%2Fv2%2Ftags&post=1368"}],"curies":[{"name":"wp","href":"https:\/\/api.w.org\/{rel}","templated":true}]}}