{"id":1307,"date":"2022-11-09T13:57:11","date_gmt":"2022-11-09T13:57:11","guid":{"rendered":"http:\/\/www.klimatyczestochowy.pl\/?p=1307"},"modified":"2022-11-09T13:57:37","modified_gmt":"2022-11-09T13:57:37","slug":"25-listopada-poznamy-nowe-klimaty","status":"publish","type":"post","link":"http:\/\/www.klimatyczestochowy.pl\/?p=1307","title":{"rendered":"25 listopada poznamy nowe Klimaty"},"content":{"rendered":"\n<p>25 listopada, o godz. 18.00 w Galerii Dobrej Sztuki Muzeum Cz\u0119stochowskiego poznamy finalist\u00f3w i laureat\u00f3w 15. edycji konkursu \u201eKlimaty Cz\u0119stochowy\u201d.<\/p>\n\n\n\n<p>Celem \u201eKlimat\u00f3w Cz\u0119stochowy \u201d jest ukazanie walor\u00f3w kulturowych, architektonicznych, przyrodniczych i turystycznych Cz\u0119stochowy. Zamiarem organizatora jest pozyskanie i prezentacja fotografii obrazuj\u0105cych zainteresowanie przejawami \u017cycia w jego r\u00f3\u017cnorodnych dziedzinach. Mile widziane jest niebanalne potraktowanie \u201eklimat\u00f3w\u201d, gdzie g\u0142\u00f3wnym motywem jest cz\u0142owiek, \u015brodowisko, w kt\u00f3rym \u017cyje oraz wydarzenia, w jakich uczestniczy.<\/p>\n\n\n\n<p>20 pa\u017adziernika 2022 r. Jury w sk\u0142adzie: Justyna Janus, Kamila Skorek, \u0141ukasz Stacherczak i Dariusz Gawro\u0144ski do wystawy pokonkursowej wybra\u0142o 40 zdj\u0119\u0107 23 autor\u00f3w:<\/p>\n\n\n\n<p>Mikhail Averyn<br>Marcin Cekus<br>Piotr Cie\u015blak<br>Mateusz Gonera<br>Katarzyna Gwara<br>Jacek Kami\u0144ski<br>Rafa\u0142 Kuli\u0144ski<br>Marek Lapis<br>Grzegorz Libiszewski<br>\u0141ukasz Majewski<br>Grzegorz Misiak<br>Rafa\u0142 M\u0142y\u0144czak<br>Kamil Pawlik<br>Tomasz Pietruszka<br>Wiktoria Rakocz<br>Sebastian Respondek<br>Grzegorz Skowronek<br>Maciek Skowronek<br>Piotr Tomala<br>Jan Ulicki<br>Dominik Windorpski<br>Aleksander Van<br>Tomasz Zaj\u0105c<\/p>\n\n\n\n<p>Przyznane zostan\u0105 trzy nagrody pieni\u0119\u017cne oraz sze\u015b\u0107 wyr\u00f3\u017cnie\u0144.<br>Wst\u0119p na wystaw\u0119 jest bezp\u0142atny.<\/p>\n","protected":false},"excerpt":{"rendered":"<p>25 listopada, o godz. 18.00 w Galerii Dobrej Sztuki Muzeum Cz\u0119stochowskiego poznamy finalist\u00f3w i laureat\u00f3w 15. edycji konkursu \u201eKlimaty Cz\u0119stochowy\u201d. Celem \u201eKlimat\u00f3w Cz\u0119stochowy \u201d jest ukazanie walor\u00f3w kulturowych, architektonicznych, przyrodniczych i turystycznych Cz\u0119stochowy. Zamiarem organizatora jest pozyskanie i prezentacja fotografii obrazuj\u0105cych zainteresowanie przejawami \u017cycia w jego r\u00f3\u017cnorodnych dziedzinach. Mile widziane jest niebanalne potraktowanie \u201eklimat\u00f3w\u201d, gdzie [&hellip;]<\/p>\n","protected":false},"author":2,"featured_media":1308,"comment_status":"open","ping_status":"open","sticky":false,"template":"","format":"standard","meta":{"footnotes":""},"categories":[3],"tags":[],"class_list":["post-1307","post","type-post","status-publish","format-standard","has-post-thumbnail","hentry","category-foto-1"],"_links":{"self":[{"href":"http:\/\/www.klimatyczestochowy.pl\/index.php?rest_route=\/wp\/v2\/posts\/1307","targetHints":{"allow":["GET"]}}],"collection":[{"href":"http:\/\/www.klimatyczestochowy.pl\/index.php?rest_route=\/wp\/v2\/posts"}],"about":[{"href":"http:\/\/www.klimatyczestochowy.pl\/index.php?rest_route=\/wp\/v2\/types\/post"}],"author":[{"embeddable":true,"href":"http:\/\/www.klimatyczestochowy.pl\/index.php?rest_route=\/wp\/v2\/users\/2"}],"replies":[{"embeddable":true,"href":"http:\/\/www.klimatyczestochowy.pl\/index.php?rest_route=%2Fwp%2Fv2%2Fcomments&post=1307"}],"version-history":[{"count":2,"href":"http:\/\/www.klimatyczestochowy.pl\/index.php?rest_route=\/wp\/v2\/posts\/1307\/revisions"}],"predecessor-version":[{"id":1310,"href":"http:\/\/www.klimatyczestochowy.pl\/index.php?rest_route=\/wp\/v2\/posts\/1307\/revisions\/1310"}],"wp:featuredmedia":[{"embeddable":true,"href":"http:\/\/www.klimatyczestochowy.pl\/index.php?rest_route=\/wp\/v2\/media\/1308"}],"wp:attachment":[{"href":"http:\/\/www.klimatyczestochowy.pl\/index.php?rest_route=%2Fwp%2Fv2%2Fmedia&parent=1307"}],"wp:term":[{"taxonomy":"category","embeddable":true,"href":"http:\/\/www.klimatyczestochowy.pl\/index.php?rest_route=%2Fwp%2Fv2%2Fcategories&post=1307"},{"taxonomy":"post_tag","embeddable":true,"href":"http:\/\/www.klimatyczestochowy.pl\/index.php?rest_route=%2Fwp%2Fv2%2Ftags&post=1307"}],"curies":[{"name":"wp","href":"https:\/\/api.w.org\/{rel}","templated":true}]}}