{"id":1279,"date":"2022-07-22T07:04:52","date_gmt":"2022-07-22T07:04:52","guid":{"rendered":"http:\/\/www.klimatyczestochowy.pl\/?p=1279"},"modified":"2022-07-22T07:45:23","modified_gmt":"2022-07-22T07:45:23","slug":"zapraszamy-do-udzialu-w-15-klimatach","status":"publish","type":"post","link":"http:\/\/www.klimatyczestochowy.pl\/?p=1279","title":{"rendered":"Zapraszamy do udzia\u0142u w 15. &#8222;Klimatach&#8221;"},"content":{"rendered":"\n<p><strong>Zapraszamy do udzia\u0142u w 15. edycji konkursu fotograficznego \u201eKlimaty Cz\u0119stochowy\u201d<\/strong>. <\/p>\n\n\n\n<p>Celem \u201eKlimat\u00f3w Cz\u0119stochowy \u201d, konkursu fotograficznego organizowanego przez Wydzia\u0142 Kultury, Promocji i Sportu Urz\u0119du Miasta Cz\u0119stochowy jest ukazanie walor\u00f3w kulturowych, architektonicznych, przyrodniczych i turystycznych Cz\u0119stochowy. Zamiarem organizatora jest pozyskanie i prezentacja fotografii obrazuj\u0105cych zainteresowanie przejawami \u017cycia w jego r\u00f3\u017cnorodnych dziedzinach. Mile widziane jest niebanalne potraktowanie \u201eklimat\u00f3w\u201d, gdzie g\u0142\u00f3wnym motywem jest cz\u0142owiek, \u015brodowisko, w kt\u00f3rym \u017cyje oraz wydarzenia, w jakich uczestniczy.<\/p>\n\n\n\n<p>\u0141\u0105czna pula nagr\u00f3d to 3700 z\u0142, a wyboru najlepszych zdj\u0119\u0107 dokona Jury w sk\u0142adzie: Justyna Janus, Kamila Skorek, Dariusz Gawro\u0144ski oraz \u0141ukasz Stacherczak.<\/p>\n\n\n\n<p>Fotografie mo\u017cna zg\u0142asza\u0107 do 18 pa\u017adziernika 2022 roku za pomoc\u0105 specjalnego panelu na stronie <a href=\"http:\/\/www.klimatyczestochowy.pl\/\" rel=\"noreferrer noopener\" target=\"_blank\">www.klimatyczestochowy.pl<\/a> . Na stronie mo\u017cna zapozna\u0107 si\u0119 te\u017c z regulaminem konkursu.<\/p>\n\n\n\n<p><br>Wystawa pokonkursowa odb\u0119dzie si\u0119 w listopadzie w Galerii Dobrej Sztuki Muzeum Cz\u0119stochowskiego.<\/p>\n","protected":false},"excerpt":{"rendered":"<p>Zapraszamy do udzia\u0142u w 15. edycji konkursu fotograficznego \u201eKlimaty Cz\u0119stochowy\u201d. Celem \u201eKlimat\u00f3w Cz\u0119stochowy \u201d, konkursu fotograficznego organizowanego przez Wydzia\u0142 Kultury, Promocji i Sportu Urz\u0119du Miasta Cz\u0119stochowy jest ukazanie walor\u00f3w kulturowych, architektonicznych, przyrodniczych i turystycznych Cz\u0119stochowy. Zamiarem organizatora jest pozyskanie i prezentacja fotografii obrazuj\u0105cych zainteresowanie przejawami \u017cycia w jego r\u00f3\u017cnorodnych dziedzinach. Mile widziane jest niebanalne potraktowanie [&hellip;]<\/p>\n","protected":false},"author":2,"featured_media":1280,"comment_status":"open","ping_status":"open","sticky":false,"template":"","format":"standard","meta":{"footnotes":""},"categories":[3],"tags":[],"class_list":["post-1279","post","type-post","status-publish","format-standard","has-post-thumbnail","hentry","category-foto-1"],"_links":{"self":[{"href":"http:\/\/www.klimatyczestochowy.pl\/index.php?rest_route=\/wp\/v2\/posts\/1279","targetHints":{"allow":["GET"]}}],"collection":[{"href":"http:\/\/www.klimatyczestochowy.pl\/index.php?rest_route=\/wp\/v2\/posts"}],"about":[{"href":"http:\/\/www.klimatyczestochowy.pl\/index.php?rest_route=\/wp\/v2\/types\/post"}],"author":[{"embeddable":true,"href":"http:\/\/www.klimatyczestochowy.pl\/index.php?rest_route=\/wp\/v2\/users\/2"}],"replies":[{"embeddable":true,"href":"http:\/\/www.klimatyczestochowy.pl\/index.php?rest_route=%2Fwp%2Fv2%2Fcomments&post=1279"}],"version-history":[{"count":3,"href":"http:\/\/www.klimatyczestochowy.pl\/index.php?rest_route=\/wp\/v2\/posts\/1279\/revisions"}],"predecessor-version":[{"id":1287,"href":"http:\/\/www.klimatyczestochowy.pl\/index.php?rest_route=\/wp\/v2\/posts\/1279\/revisions\/1287"}],"wp:featuredmedia":[{"embeddable":true,"href":"http:\/\/www.klimatyczestochowy.pl\/index.php?rest_route=\/wp\/v2\/media\/1280"}],"wp:attachment":[{"href":"http:\/\/www.klimatyczestochowy.pl\/index.php?rest_route=%2Fwp%2Fv2%2Fmedia&parent=1279"}],"wp:term":[{"taxonomy":"category","embeddable":true,"href":"http:\/\/www.klimatyczestochowy.pl\/index.php?rest_route=%2Fwp%2Fv2%2Fcategories&post=1279"},{"taxonomy":"post_tag","embeddable":true,"href":"http:\/\/www.klimatyczestochowy.pl\/index.php?rest_route=%2Fwp%2Fv2%2Ftags&post=1279"}],"curies":[{"name":"wp","href":"https:\/\/api.w.org\/{rel}","templated":true}]}}