{"id":125,"date":"2013-11-07T12:21:03","date_gmt":"2013-11-07T12:21:03","guid":{"rendered":"http:\/\/czestochowianie.home.pl\/klimaty\/?p=125"},"modified":"2014-12-08T07:13:56","modified_gmt":"2014-12-08T07:13:56","slug":"dzien-fotografii","status":"publish","type":"post","link":"http:\/\/www.klimatyczestochowy.pl\/?p=125","title":{"rendered":"Dzie\u0144 fotografii"},"content":{"rendered":"<p>W pi\u0105tek w Ratuszu poznamy laureat\u00f3w 8. edycji konkursu fotograficznego \u201eKlimaty Cz\u0119stochowy\u201d.<!--more--> B\u0119dziemy mieli tak\u017ce okazj\u0119 zobaczy\u0107 najlepsze zdj\u0119cia fotografii prasowej w gara\u017cu C.H. Schott po raz sz\u00f3sty pojawi si\u0119 ekspozycja Grand Press Photo. Go\u015bciem specjalnym obu wystaw b\u0119dzie Micha\u0142 Legierski, laureat Grand Prix konkursu Grand Press Photo.<\/p>\n<p>KLIMATY CZ\u0118STOCHOWY<br \/>\nJury \u201cKlimat\u00f3w Cz\u0119stochowy\u201d w sk\u0142adzie: Wojciech Barczy\u0144ski \u2013 fotoreporter, Maciej Kuro\u0144 \u2013 fotoreporter, S\u0142awomir Jod\u0142owski \u2013 Regionalny O\u015brodek Kultury, Marta Frej &amp; Tomasz Kosi\u0144ski (Grupa artystyczna FRiKO) po zapoznaniu si\u0119 z 885 pracami 145 autor\u00f3w, zakwalifikowa\u0142o do wystawy 52 zdj\u0119cia 29 autor\u00f3w. \u0141\u0105czna pula nagr\u00f3d w tegorocznej edycji \u201eKlimat\u00f3w Cz\u0119stochowy\u201d to 7 tys. z\u0142.<\/p>\n<p>Lista uczestnik\u00f3w wystawy 8. edycji \u201eKlimat\u00f3w Cz\u0119stochowy\u201d: Sebastian Adamus, Dariusz Baranowski, Olivia Ciupa, Waldemar Deska, Wojciech Domaga\u0142a, Iwetta Gintowt-Paprocka, Jacek Janikowski, Jacek J\u0119drecki, Marcin J\u0119dryka, Piotr J\u0119drzejak, Karolina K\u0119pka, Mateusz Kluczny, Marcin Korgul, Ma\u0142gorzata Kozakowska, Zofia Langier, Marcin F. Michalski, Karolina Miechowska, Klaudia Oboza, Kamila Olejarz, Marcin Opa\u0142czy\u0144ski, Katarzyna Pawlik, Leszek Pilichowski, Paulina Przenios\u0142o, Jaros\u0142aw Respondek, Przemys\u0142aw Skoczylas, Grzegorz Skowronek, Olgierd Tybinkowski, Andrzej Zembik, Jakub Zi\u0119ba.<\/p>\n<p>Konkurs fotograficzny \u201eKlimaty Cz\u0119stochowy\u201d od 8 lat organizowany jest przez Urz\u0105d Miasta Cz\u0119stochowy. Jego celem jest ukazanie wsp\u00f3\u0142czesnych walor\u00f3w architektonicznych, kulturowych, przyrodniczych i turystycznych miasta. Organizatorom zale\u017cy na pozyskaniu i prezentacji fotografii obrazuj\u0105cych zainteresowanie przejawami \u017cycia spo\u0142ecznego, kulturalnego i sportowego. Mile widziane jest niebanalne potraktowanie \u201cmiejskich klimat\u00f3w\u201d, w kt\u00f3rych g\u0142\u00f3wnym motywem jest cz\u0142owiek i to, co go otacza. Konkurs adresowany jest do wszystkich fotografuj\u0105cych.<\/p>\n<p>Wernisa\u017c wystawy \u201eKLIMATY CZ\u0118STOCHOWY\u201d \u2013 8 listopada 2013 r., godz. 17.00<br \/>\nMiejsce: Muzeum Cz\u0119stochowskie \u2013 Ratusz, Sala Reprezentacyjna,<br \/>\nAleja Naj\u015bwi\u0119tszej Maryi Panny 45<br \/>\nTermin wystawy: 8 listopada \u2013 31 grudnia<br \/>\nwww.klimatyczestochowy.pl<\/p>\n<p>GRAND PRESS PHOTO<br \/>\nPrzypominamy tak\u017ce, \u017ce tego samego dnia o godz. 18.00 w Klubie Stacherczak odb\u0119dzie si\u0119 wernisa\u017c wystawy \u201eGrand Press Photo 2013\u201d. Dzi\u0119ki wsparciu Miasta Cz\u0119stochowy i wielu Partner\u00f3w, presti\u017cowa wystawa pokonkursowa, organizowanego przez miesi\u0119cznik \u201ePress\u201d Konkursu Fotografii Prasowej Grand Press Photo 2013 ju\u017c po raz sz\u00f3sty zawita do Cz\u0119stochowy. 176 najlepszych zdj\u0119\u0107 prasowych minionego roku b\u0119dzie mo\u017cna zobaczy\u0107 w naszym mie\u015bcie tak, jak poprzednio, na parkingu podziemnym w budynku Schott, w dniach od 8 do 22 listopada 2013 r \u2013 7 dni w tygodniu, 24 godziny na dob\u0119. Podczas wernisa\u017cu zaprezentowane b\u0119d\u0105 r\u00f3wnie\u017c zwyci\u0119skie prace w kategorii Fotokasty. Go\u015bciem specjalnym wernisa\u017cu b\u0119dzie laureat tegorocznej nagrody Grand Press Photo, \u015bl\u0105ski fotoreporter Micha\u0142 Legierski, kt\u00f3ry opowie o swojej pracy i zaprezentuje najnowsze dokonania.<\/p>\n<p>Wernisa\u017c Wystawy GRAND PRESS PHOTO \u2013 8 listopada 2013 r., godz. 18.00<br \/>\nMiejsce: Klub Muzyczny \u201eStacherczak\u201d, Aleja Ko\u015bciuszki 1<br \/>\nTermin wystawy: 8 \u2013 22 listopada<\/p>\n<p>WYK\u0141AD FOTOPRAWO<br \/>\nKilka dni p\u00f3\u017aniej odb\u0119dzie si\u0119 wyk\u0142ad \u201eFotoprawo\u201d. 13 listopada o godz. 18.00, tak\u017ce w Klubie Stacherczak, jako impreza towarzysz\u0105ca Wystawie Grand Press Photo, po raz pierwszy w Cz\u0119stochowie, odb\u0119dzie si\u0119 interesuj\u0105cy dla wszystkich fotografuj\u0105cych\/filmuj\u0105cych i fotografowanych\/filmowanych wyk\u0142ad \u201eTwoje Zdj\u0119cie? Twoje Prawo! O prawie autorskim dla Fotograf\u00f3w\u201d, prowadzony przez Wiktora Sobolewskiego z Nikon Polska, autora projektu FOTOPRAWO.PL. Wyk\u0142adowi towarzyszy\u0107 b\u0119dzie prezentacja profesjonalnego sprz\u0119tu fotograficznego.<\/p>\n<p>Wyk\u0142ad \u201cFotoprawo\u201d \u2013 13 listopada 2013 r., godz. 18.00<br \/>\nMiejsce: Klub Muzyczny \u201eStacherczak\u201d, Aleja Ko\u015bciuszki 1<\/p>\n","protected":false},"excerpt":{"rendered":"<p>W pi\u0105tek w Ratuszu poznamy laureat\u00f3w 8. edycji konkursu fotograficznego \u201eKlimaty Cz\u0119stochowy\u201d.<\/p>\n","protected":false},"author":2,"featured_media":137,"comment_status":"open","ping_status":"open","sticky":false,"template":"","format":"standard","meta":{"footnotes":""},"categories":[1],"tags":[],"class_list":["post-125","post","type-post","status-publish","format-standard","has-post-thumbnail","hentry","category-bez-kategorii"],"_links":{"self":[{"href":"http:\/\/www.klimatyczestochowy.pl\/index.php?rest_route=\/wp\/v2\/posts\/125","targetHints":{"allow":["GET"]}}],"collection":[{"href":"http:\/\/www.klimatyczestochowy.pl\/index.php?rest_route=\/wp\/v2\/posts"}],"about":[{"href":"http:\/\/www.klimatyczestochowy.pl\/index.php?rest_route=\/wp\/v2\/types\/post"}],"author":[{"embeddable":true,"href":"http:\/\/www.klimatyczestochowy.pl\/index.php?rest_route=\/wp\/v2\/users\/2"}],"replies":[{"embeddable":true,"href":"http:\/\/www.klimatyczestochowy.pl\/index.php?rest_route=%2Fwp%2Fv2%2Fcomments&post=125"}],"version-history":[{"count":1,"href":"http:\/\/www.klimatyczestochowy.pl\/index.php?rest_route=\/wp\/v2\/posts\/125\/revisions"}],"predecessor-version":[{"id":127,"href":"http:\/\/www.klimatyczestochowy.pl\/index.php?rest_route=\/wp\/v2\/posts\/125\/revisions\/127"}],"wp:featuredmedia":[{"embeddable":true,"href":"http:\/\/www.klimatyczestochowy.pl\/index.php?rest_route=\/wp\/v2\/media\/137"}],"wp:attachment":[{"href":"http:\/\/www.klimatyczestochowy.pl\/index.php?rest_route=%2Fwp%2Fv2%2Fmedia&parent=125"}],"wp:term":[{"taxonomy":"category","embeddable":true,"href":"http:\/\/www.klimatyczestochowy.pl\/index.php?rest_route=%2Fwp%2Fv2%2Fcategories&post=125"},{"taxonomy":"post_tag","embeddable":true,"href":"http:\/\/www.klimatyczestochowy.pl\/index.php?rest_route=%2Fwp%2Fv2%2Ftags&post=125"}],"curies":[{"name":"wp","href":"https:\/\/api.w.org\/{rel}","templated":true}]}}