{"id":1225,"date":"2021-11-22T09:43:56","date_gmt":"2021-11-22T09:43:56","guid":{"rendered":"http:\/\/www.klimatyczestochowy.pl\/?p=1225"},"modified":"2024-07-11T11:44:29","modified_gmt":"2024-07-11T11:44:29","slug":"14-klimaty-rozstrzygniete","status":"publish","type":"post","link":"http:\/\/www.klimatyczestochowy.pl\/?p=1225","title":{"rendered":"14. KLIMATY ROZSTRZYGNI\u0118TE"},"content":{"rendered":"\n<p>W pi\u0105tek, 19 listopada, poznali\u015bmy zwyci\u0119zc\u00f3w 14. edycji konkursu fotograficznego &#8222;Klimaty Cz\u0119stochowy&#8221;.<\/p>\n\n\n\n<p><br>Pierwsz\u0105 nagrod\u0119 i 1900 z\u0142 zdoby\u0142 Przemys\u0142aw Skoczylas za fotografi\u0119 bez tytu\u0142u. <\/p>\n\n\n\n<figure class=\"wp-block-image size-large\"><a href=\"http:\/\/www.klimatyczestochowy.pl\/wp-content\/uploads\/2021\/11\/1nagroda1c.jpg\"><img loading=\"lazy\" decoding=\"async\" width=\"700\" height=\"465\" src=\"http:\/\/www.klimatyczestochowy.pl\/wp-content\/uploads\/2021\/11\/1nagroda1c.jpg\" alt=\"M\u0119\u017cczyzna w maseczce w tle witryna sklepu sportowego\" class=\"wp-image-1239\" srcset=\"http:\/\/www.klimatyczestochowy.pl\/wp-content\/uploads\/2021\/11\/1nagroda1c.jpg 700w, http:\/\/www.klimatyczestochowy.pl\/wp-content\/uploads\/2021\/11\/1nagroda1c-300x199.jpg 300w\" sizes=\"auto, (max-width: 700px) 100vw, 700px\" \/><\/a><\/figure>\n\n\n\n<p>Druga nagroda i 1100 z\u0142 pow\u0119drowa\u0142y do Piotra Cie\u015blaka za fotografi\u0119 &#8222;Spojrzenie&#8221;. <\/p>\n\n\n\n<figure class=\"wp-block-image size-large\"><a href=\"http:\/\/www.klimatyczestochowy.pl\/wp-content\/uploads\/2021\/11\/2nagroda2c.jpg\"><img loading=\"lazy\" decoding=\"async\" width=\"700\" height=\"471\" src=\"http:\/\/www.klimatyczestochowy.pl\/wp-content\/uploads\/2021\/11\/2nagroda2c.jpg\" alt=\"odbicie w lusterku dw\u00f3jki dzieci\" class=\"wp-image-1241\" srcset=\"http:\/\/www.klimatyczestochowy.pl\/wp-content\/uploads\/2021\/11\/2nagroda2c.jpg 700w, http:\/\/www.klimatyczestochowy.pl\/wp-content\/uploads\/2021\/11\/2nagroda2c-300x202.jpg 300w\" sizes=\"auto, (max-width: 700px) 100vw, 700px\" \/><\/a><\/figure>\n\n\n\n<p>Trzeci\u0105 nagrod\u0105 i czekiem o warto\u015bci 700 z\u0142 uhonorowane zosta\u0142o zdj\u0119cie dronowe Adama Mielczarka.<\/p>\n\n\n\n<figure class=\"wp-block-image size-large\"><a href=\"http:\/\/www.klimatyczestochowy.pl\/wp-content\/uploads\/2021\/11\/3nagroda3c.jpg\"><img loading=\"lazy\" decoding=\"async\" width=\"700\" height=\"392\" src=\"http:\/\/www.klimatyczestochowy.pl\/wp-content\/uploads\/2021\/11\/3nagroda3c.jpg\" alt=\"dach ko\u015bcio\u0142a w otoczeniu lec\u0105cych ptak\u00f3w\" class=\"wp-image-1242\" srcset=\"http:\/\/www.klimatyczestochowy.pl\/wp-content\/uploads\/2021\/11\/3nagroda3c.jpg 700w, http:\/\/www.klimatyczestochowy.pl\/wp-content\/uploads\/2021\/11\/3nagroda3c-300x168.jpg 300w\" sizes=\"auto, (max-width: 700px) 100vw, 700px\" \/><\/a><\/figure>\n\n\n\n<p>Jury konkursu (\u0141ukasz Kolewi\u0144ski, Piotr Kras, Kamil Pawlik i Jaros\u0142aw Respondek) przyzna\u0142o tak\u017ce pi\u0119\u0107 wyr\u00f3\u017cnie\u0144:<br><br>I wyr\u00f3\u017cnienie &#8211; Wojciech Grabowski za fotografi\u0119 \u201eAngels\u201d.<\/p>\n\n\n\n<figure class=\"wp-block-image size-large\"><a href=\"http:\/\/www.klimatyczestochowy.pl\/wp-content\/uploads\/2021\/11\/user80-Wojciech-Grabowski-Angels-1.jpg\"><img loading=\"lazy\" decoding=\"async\" width=\"700\" height=\"467\" src=\"http:\/\/www.klimatyczestochowy.pl\/wp-content\/uploads\/2021\/11\/user80-Wojciech-Grabowski-Angels-1.jpg\" alt=\"przed szczytem jasnej g\u00f3ry zakonnice w bia\u0142ych habitach\" class=\"wp-image-1244\" srcset=\"http:\/\/www.klimatyczestochowy.pl\/wp-content\/uploads\/2021\/11\/user80-Wojciech-Grabowski-Angels-1.jpg 700w, http:\/\/www.klimatyczestochowy.pl\/wp-content\/uploads\/2021\/11\/user80-Wojciech-Grabowski-Angels-1-300x200.jpg 300w\" sizes=\"auto, (max-width: 700px) 100vw, 700px\" \/><\/a><\/figure>\n\n\n\n<p>II wyr\u00f3\u017cnienie &#8211; Wojciech Woszczyk za fotografi\u0119 \u201eBalansuj\u0105c niebo\u201d.<\/p>\n\n\n\n<figure class=\"wp-block-image size-large\"><a href=\"http:\/\/www.klimatyczestochowy.pl\/wp-content\/uploads\/2021\/11\/user13-Wojciech-Woszczyk-Balansujac-niebo-1.jpg\"><img loading=\"lazy\" decoding=\"async\" width=\"700\" height=\"452\" src=\"http:\/\/www.klimatyczestochowy.pl\/wp-content\/uploads\/2021\/11\/user13-Wojciech-Woszczyk-Balansujac-niebo-1.jpg\" alt=\"Rze\u017aba\" class=\"wp-image-1246\" srcset=\"http:\/\/www.klimatyczestochowy.pl\/wp-content\/uploads\/2021\/11\/user13-Wojciech-Woszczyk-Balansujac-niebo-1.jpg 700w, http:\/\/www.klimatyczestochowy.pl\/wp-content\/uploads\/2021\/11\/user13-Wojciech-Woszczyk-Balansujac-niebo-1-300x194.jpg 300w\" sizes=\"auto, (max-width: 700px) 100vw, 700px\" \/><\/a><\/figure>\n\n\n\n<p>III wyr\u00f3\u017cnienie &#8211; Wojciech Barczy\u0144ski za fotografi\u0119 \u201ePrzep\u0119d\u017a z nami duchy z lodowatej wody\u201d.<\/p>\n\n\n\n<figure class=\"wp-block-image size-large\"><a href=\"http:\/\/www.klimatyczestochowy.pl\/wp-content\/uploads\/2021\/11\/user102-Wojciech-Barczynski-Przepedz-z-nami-duchy-z-lodowatej-wody-1.jpg\"><img loading=\"lazy\" decoding=\"async\" width=\"700\" height=\"467\" src=\"http:\/\/www.klimatyczestochowy.pl\/wp-content\/uploads\/2021\/11\/user102-Wojciech-Barczynski-Przepedz-z-nami-duchy-z-lodowatej-wody-1.jpg\" alt=\"cz\u0142owiek w k\u0105piel\u00f3wkach zim\u0105 w masce krzyk\" class=\"wp-image-1247\" srcset=\"http:\/\/www.klimatyczestochowy.pl\/wp-content\/uploads\/2021\/11\/user102-Wojciech-Barczynski-Przepedz-z-nami-duchy-z-lodowatej-wody-1.jpg 700w, http:\/\/www.klimatyczestochowy.pl\/wp-content\/uploads\/2021\/11\/user102-Wojciech-Barczynski-Przepedz-z-nami-duchy-z-lodowatej-wody-1-300x200.jpg 300w\" sizes=\"auto, (max-width: 700px) 100vw, 700px\" \/><\/a><\/figure>\n\n\n\n<p>IV wyr\u00f3\u017cnienie &#8211; Grzegorz Skowronek za fotografi\u0119 \u201e\u015alubowanie\u201d.<\/p>\n\n\n\n<figure class=\"wp-block-image size-large\"><a href=\"http:\/\/www.klimatyczestochowy.pl\/wp-content\/uploads\/2021\/11\/user62_b-1.jpg\"><img loading=\"lazy\" decoding=\"async\" width=\"700\" height=\"402\" src=\"http:\/\/www.klimatyczestochowy.pl\/wp-content\/uploads\/2021\/11\/user62_b-1.jpg\" alt=\"\u015blubowanie na placu bieka\u0144skiego\" class=\"wp-image-1248\" srcset=\"http:\/\/www.klimatyczestochowy.pl\/wp-content\/uploads\/2021\/11\/user62_b-1.jpg 700w, http:\/\/www.klimatyczestochowy.pl\/wp-content\/uploads\/2021\/11\/user62_b-1-300x172.jpg 300w\" sizes=\"auto, (max-width: 700px) 100vw, 700px\" \/><\/a><\/figure>\n\n\n\n<p>V wyr\u00f3\u017cnienie &#8211; Justyna Janus za fotografi\u0119 \u201ePo operacji\u201d.<\/p>\n\n\n\n<figure class=\"wp-block-image size-large\"><a href=\"http:\/\/www.klimatyczestochowy.pl\/wp-content\/uploads\/2021\/11\/user115-Justyna-Janus-Po-operacji-1.jpg\"><img loading=\"lazy\" decoding=\"async\" width=\"700\" height=\"525\" src=\"http:\/\/www.klimatyczestochowy.pl\/wp-content\/uploads\/2021\/11\/user115-Justyna-Janus-Po-operacji-1.jpg\" alt=\"chirurg \" class=\"wp-image-1249\" srcset=\"http:\/\/www.klimatyczestochowy.pl\/wp-content\/uploads\/2021\/11\/user115-Justyna-Janus-Po-operacji-1.jpg 700w, http:\/\/www.klimatyczestochowy.pl\/wp-content\/uploads\/2021\/11\/user115-Justyna-Janus-Po-operacji-1-300x225.jpg 300w\" sizes=\"auto, (max-width: 700px) 100vw, 700px\" \/><\/a><\/figure>\n\n\n\n<p>Na wystawie pokonkursowej &#8222;Klimat\u00f3w Cz\u0119stochowy&#8221; mo\u017cemy zobaczy\u0107 tak\u017ce fotografie: Marcina Cekusa, Piotra Jak\u00f3bczaka, Rafa\u0142a Kuli\u0144skiego, \u0141ukasza Majewskiego, Oliwii Pawlak, Marcina Stypki, Tomasza Szygulskiego, Wojciecha Woszczyka i Aleksandera Vana.<\/p>\n\n\n\n<p>Celem konkursu fotograficznego \u201eKlimaty Cz\u0119stochowy\u201d by\u0142o ukazanie walor\u00f3w kulturowych, architektonicznych, przyrodniczych i turystycznych Cz\u0119stochowy. Zamiarem organizatora &#8211; Wydzia\u0142u Kultury, Promocji i Sportu Urz\u0119du Miasta Cz\u0119stochowy by\u0142o zebranie i prezentacja fotografii obrazuj\u0105cych zainteresowanie przejawami \u017cycia w jego r\u00f3\u017cnorodnych dziedzinach. Uczestnicy Konkursu zaproszeni zostali do odkrywania miejsc godnych uwagi i utrwalenia. Mile widziane by\u0142o niebanalne potraktowanie \u201eklimat\u00f3w\u201d, gdzie g\u0142\u00f3wnym motywem jest cz\u0142owiek, \u015brodowisko w kt\u00f3rym \u017cyje oraz wydarzenia w jakich uczestniczy.<\/p>\n\n\n\n<p>A jaki obraz Cz\u0119stochowy wy\u0142oni\u0142 si\u0119 w tegorocznej edycji &#8222;Klimat\u00f3w?<em> &#8211; S\u0105 tu bardzo dobre, r\u00f3\u017cnorodne fotografie. Jest krajobraz, architektura, fotografia uliczna, solarigrafia, czyli wszystko to czym fotografuj\u0105cy ilustruj\u0105 \u201eKlimaty\u201d od pocz\u0105tku istnienia konkursu. &#8211;<\/em> m\u00f3wi Adam Markowski z Wydzia\u0142u Kultury, Promocji i Sportu. <em>&#8211; Ale jest jednak troch\u0119 inaczej ni\u017c zwykle. W zestawie fina\u0142owych zdj\u0119\u0107 czu\u0107 atmosfer\u0119 pandemii. Oczywi\u015bcie nie tak dos\u0142ownie, chocia\u017c w kadrach nie brakuje symbolu \u201ezarazy XXI wieku\u201d \u2013 wszechobecnych maseczek. Mg\u0142a, dystans, zamkni\u0119cie, konfrontacja, niepokoje spo\u0142eczne, a nawet pioruny pokazuj\u0105 nam, \u017ce ostatnie wydarzenia b\u0119dziemy d\u0142ugo pami\u0119ta\u0107. Trzeba stwierdzi\u0107, \u017ce jedn\u0105 z warto\u015bci \u201eKlimat\u00f3w Cz\u0119stochowy\u201d \u2013 gdy obserwuje si\u0119 je na przestrzeni lat &#8211; jest to, \u017ce s\u0105 niezwykle trafn\u0105 ilustracj\u0105 czas\u00f3w, w kt\u00f3rych \u017cyjemy.<\/em><\/p>\n\n\n\n<p>Wystaw\u0119 mo\u017cna ogl\u0105da\u0107 w Pawilonie Wystawowym Muzeum Cz\u0119stochowskiego w Parku ks. Stanis\u0142awa Staszica.<br>Dni i godziny otwarciaobiektu:<\/p>\n\n\n\n<ul class=\"wp-block-list\">\n<li>wtorek, \u015broda, czwartek: 11:30 \u2013 17.00<\/li>\n\n\n\n<li>pi\u0105tek, sobota i niedziela: 11.30 \u2013 17.30<\/li>\n<\/ul>\n","protected":false},"excerpt":{"rendered":"<p>W pi\u0105tek, 19 listopada, poznali\u015bmy zwyci\u0119zc\u00f3w 14. edycji konkursu fotograficznego &#8222;Klimaty Cz\u0119stochowy&#8221;. Pierwsz\u0105 nagrod\u0119 i 1900 z\u0142 zdoby\u0142 Przemys\u0142aw Skoczylas za fotografi\u0119 bez tytu\u0142u. Druga nagroda i 1100 z\u0142 pow\u0119drowa\u0142y do Piotra Cie\u015blaka za fotografi\u0119 &#8222;Spojrzenie&#8221;. Trzeci\u0105 nagrod\u0105 i czekiem o warto\u015bci 700 z\u0142 uhonorowane zosta\u0142o zdj\u0119cie dronowe Adama Mielczarka. Jury konkursu (\u0141ukasz Kolewi\u0144ski, Piotr [&hellip;]<\/p>\n","protected":false},"author":2,"featured_media":1226,"comment_status":"open","ping_status":"open","sticky":false,"template":"","format":"standard","meta":{"footnotes":""},"categories":[3],"tags":[],"class_list":["post-1225","post","type-post","status-publish","format-standard","has-post-thumbnail","hentry","category-foto-1"],"_links":{"self":[{"href":"http:\/\/www.klimatyczestochowy.pl\/index.php?rest_route=\/wp\/v2\/posts\/1225","targetHints":{"allow":["GET"]}}],"collection":[{"href":"http:\/\/www.klimatyczestochowy.pl\/index.php?rest_route=\/wp\/v2\/posts"}],"about":[{"href":"http:\/\/www.klimatyczestochowy.pl\/index.php?rest_route=\/wp\/v2\/types\/post"}],"author":[{"embeddable":true,"href":"http:\/\/www.klimatyczestochowy.pl\/index.php?rest_route=\/wp\/v2\/users\/2"}],"replies":[{"embeddable":true,"href":"http:\/\/www.klimatyczestochowy.pl\/index.php?rest_route=%2Fwp%2Fv2%2Fcomments&post=1225"}],"version-history":[{"count":7,"href":"http:\/\/www.klimatyczestochowy.pl\/index.php?rest_route=\/wp\/v2\/posts\/1225\/revisions"}],"predecessor-version":[{"id":1493,"href":"http:\/\/www.klimatyczestochowy.pl\/index.php?rest_route=\/wp\/v2\/posts\/1225\/revisions\/1493"}],"wp:featuredmedia":[{"embeddable":true,"href":"http:\/\/www.klimatyczestochowy.pl\/index.php?rest_route=\/wp\/v2\/media\/1226"}],"wp:attachment":[{"href":"http:\/\/www.klimatyczestochowy.pl\/index.php?rest_route=%2Fwp%2Fv2%2Fmedia&parent=1225"}],"wp:term":[{"taxonomy":"category","embeddable":true,"href":"http:\/\/www.klimatyczestochowy.pl\/index.php?rest_route=%2Fwp%2Fv2%2Fcategories&post=1225"},{"taxonomy":"post_tag","embeddable":true,"href":"http:\/\/www.klimatyczestochowy.pl\/index.php?rest_route=%2Fwp%2Fv2%2Ftags&post=1225"}],"curies":[{"name":"wp","href":"https:\/\/api.w.org\/{rel}","templated":true}]}}